{"id":224182,"date":"2025-07-03T22:37:13","date_gmt":"2025-07-03T22:37:13","guid":{"rendered":"https:\/\/www.europesays.com\/fr\/224182\/"},"modified":"2025-07-03T22:37:13","modified_gmt":"2025-07-03T22:37:13","slug":"lemission-culte-est-de-retour-a-la-television-sans-les-vachettes","status":"publish","type":"post","link":"https:\/\/www.europesays.com\/fr\/224182\/","title":{"rendered":"l&rsquo;\u00e9mission culte est de retour \u00e0 la t\u00e9l\u00e9vision\u2026 sans les vachettes"},"content":{"rendered":"<p class=\"article-p mdl\"><a class=\"link\" href=\"https:\/\/www.rtl.fr\/culture\/culture-generale\/intervilles-pourquoi-une-interdiction-est-a-l-origine-de-l-emission-culte-7900521025\" target=\"_blank\" rel=\"nofollow noopener\">Intervilles fait son retour<\/a>\u00a0ce soir \u00e0 la t\u00e9l\u00e9vision fran\u00e7aise. Au menu de la nouvelle saison de ce programme, il y aura toujours des \u00e9preuves entre deux communes. Mais un changement a \u00e9t\u00e9 op\u00e9r\u00e9 par Nagui, d\u00e9sormais aux commandes. L&rsquo;animateur vedette n&rsquo;a pas voulu remettre les <strong>c\u00e9l\u00e8bres vachettes landaises<\/strong>. Une d\u00e9cision incompr\u00e9hensible,\u00a0<a class=\"link\" href=\"https:\/\/www.rtl.fr\/culture\/medias-people\/intervilles-pourquoi-deux-villes-emblematiques-boycottent-elles-le-retour-du-jeu-7900439548\" target=\"_blank\" rel=\"nofollow noopener\">\u00e0 Mont-de-Marsan<\/a>, ville du sud-ouest qui a particip\u00e9 \u00e0 plusieurs \u00e9ditions de ce jeu imagin\u00e9 par Guy Lux dans les ann\u00e9es 60.<\/p>\n<p class=\"article-p mdl\">C&rsquo;est un d\u00e9tail qui n&rsquo;en est pas un pour Florence, une Montoise de 45 ans. Intervilles sans les vachettes, \u00ab\u00a0ce n&rsquo;est plus Intervilles\u00a0\u00bb :\u00a0 \u00ab\u00a0Tout le monde s&rsquo;est adapt\u00e9 aux vachettes. Maintenant, il ne faut plus toucher \u00e0 rien, comme si les vaches avaient mal. Sans commentaire.\u00a0\u00bb Josiane partage le m\u00eame avis. C&rsquo;\u00e9tait une fid\u00e8le de l&rsquo;\u00e9mission mais cette nouvelle version se fera sans elle devant son \u00e9cran : \u00ab\u00a0\u00c7a s&rsquo;appelle Intervilles mais pour nous, ce n&rsquo;est plus\u00a0Intervilles\u00a0\u00bb.<\/p>\n<p class=\"article-p mdl\">Charles Dayot, maire de Mont-de-Marsan, se refuse quant \u00e0 lui de pol\u00e9miquer sur Nagui. \u00ab\u00a0C&rsquo;est s\u00fbrement un tr\u00e8s grand professionnel de la t\u00e9l\u00e9vision. Je ne doute pas qu&rsquo;il aura son public\u00a0\u00bb, partage-t-il au micro de RTL. Cependant, celui qui a \u00e9t\u00e9 capitaine de l&rsquo;\u00e9quipe montoise il y a quelques ann\u00e9es comprend que le Grand Sud ne soit plus repr\u00e9sent\u00e9 dans la <strong>nouvelle formule version Nagui<\/strong>, sans vachettes.<br \/>\u00ab\u00a0On ne s&rsquo;est pas pass\u00e9 le mot, mais j&rsquo;ai l&rsquo;impression que tous mes coll\u00e8gues sont comme moi. Ils disent que sans les vachettes,<strong> c&rsquo;est un peu d\u00e9solant\u00a0\u00bb, regrette l&rsquo;\u00e9dile<\/strong>. Il ajoute : \u00ab\u00a0J&rsquo;aurai autre chose \u00e0 faire que de regarder quelque chose qui ne ressemble plus \u00e0 l&rsquo;image d&rsquo;Epinal que l&rsquo;on avait\u00a0\u00bb.<\/p>\n<p>    La r\u00e9daction vous recommande<\/p>\n<p class=\"s-newsletter__title\">\n                L\u2019actualit\u00e9 par la r\u00e9daction de RTL dans votre bo\u00eete mail.\n            <\/p>\n<p class=\"s-newsletter__subtitle\">\n                Gr\u00e2ce \u00e0 votre compte RTL abonnez-vous \u00e0 la newsletter RTL info pour suivre toute l&rsquo;actualit\u00e9 au quotidien\n            <\/p>\n<p>\n                                    Lire la suite\n                                <\/p>\n","protected":false},"excerpt":{"rendered":"Intervilles fait son retour\u00a0ce soir \u00e0 la t\u00e9l\u00e9vision fran\u00e7aise. Au menu de la nouvelle saison de ce programme,&hellip;\n","protected":false},"author":2,"featured_media":224183,"comment_status":"","ping_status":"","sticky":false,"template":"","format":"standard","meta":{"footnotes":""},"categories":[2],"tags":[11,2889,107,1011,27,2400,594,10477,12,1062,25,252],"class_list":{"0":"post-224182","1":"post","2":"type-post","3":"status-publish","4":"format-standard","5":"has-post-thumbnail","7":"category-actualites","8":"tag-actualites","9":"tag-emission","10":"tag-fil-info","11":"tag-fr","12":"tag-france","13":"tag-france-televisions","14":"tag-france-2","15":"tag-nagui","16":"tag-news","17":"tag-polemique","18":"tag-republique-francaise","19":"tag-television"},"share_on_mastodon":{"url":"https:\/\/pubeurope.com\/@fr\/114791700716964452","error":""},"_links":{"self":[{"href":"https:\/\/www.europesays.com\/fr\/wp-json\/wp\/v2\/posts\/224182","targetHints":{"allow":["GET"]}}],"collection":[{"href":"https:\/\/www.europesays.com\/fr\/wp-json\/wp\/v2\/posts"}],"about":[{"href":"https:\/\/www.europesays.com\/fr\/wp-json\/wp\/v2\/types\/post"}],"author":[{"embeddable":true,"href":"https:\/\/www.europesays.com\/fr\/wp-json\/wp\/v2\/users\/2"}],"replies":[{"embeddable":true,"href":"https:\/\/www.europesays.com\/fr\/wp-json\/wp\/v2\/comments?post=224182"}],"version-history":[{"count":0,"href":"https:\/\/www.europesays.com\/fr\/wp-json\/wp\/v2\/posts\/224182\/revisions"}],"wp:featuredmedia":[{"embeddable":true,"href":"https:\/\/www.europesays.com\/fr\/wp-json\/wp\/v2\/media\/224183"}],"wp:attachment":[{"href":"https:\/\/www.europesays.com\/fr\/wp-json\/wp\/v2\/media?parent=224182"}],"wp:term":[{"taxonomy":"category","embeddable":true,"href":"https:\/\/www.europesays.com\/fr\/wp-json\/wp\/v2\/categories?post=224182"},{"taxonomy":"post_tag","embeddable":true,"href":"https:\/\/www.europesays.com\/fr\/wp-json\/wp\/v2\/tags?post=224182"}],"curies":[{"name":"wp","href":"https:\/\/api.w.org\/{rel}","templated":true}]}}