{"id":224188,"date":"2025-07-03T22:40:15","date_gmt":"2025-07-03T22:40:15","guid":{"rendered":"https:\/\/www.europesays.com\/fr\/224188\/"},"modified":"2025-07-03T22:40:15","modified_gmt":"2025-07-03T22:40:15","slug":"ugo-coussaud-co-leader-a-munich-les-francais-surfent-sur-la-bonne-vague","status":"publish","type":"post","link":"https:\/\/www.europesays.com\/fr\/224188\/","title":{"rendered":"Ugo Coussaud co-leader \u00e0 Munich. Les Fran\u00e7ais surfent sur la bonne vague !"},"content":{"rendered":"<p>\t\t\t\t\t\t<img width=\"770\" height=\"556\" src=\"https:\/\/www.europesays.com\/fr\/wp-content\/uploads\/2025\/07\/ugo-coussaud-2-nathan-cardetgolf-planete-770x556.jpg\" class=\"img-responsive wp-post-image\" alt=\"\" decoding=\"async\" fetchpriority=\"high\"  \/>\t\t\t\t\t<\/p>\n<p>\t\t\t\t\t\t Partager cet article <\/p>\n<p class=\"screen-reader-text juiz_sps_maybe_hidden_text\">Partager la publication \u00ab\u00a0Ugo Coussaud co-leader \u00e0 Munich. Les Fran\u00e7ais surfent sur la bonne vague !\u00a0\u00bb<\/p>\n<p><strong>En recherche de r\u00e9sultats probants apr\u00e8s une premi\u00e8re saison de feu sur le DP World Tour, Ugo Coussaud (photo) partage \u00e0 -5 (67) les commandes du BMW International Open apr\u00e8s dix-huit trous. David Ravetto et Cl\u00e9ment Sordet suivent juste derri\u00e8re aux 6e et 12e places. Le golf tricolore masculin se porte bien en ce moment. \u00a0<\/strong><\/p>\n<p>\u00a0<\/p>\n<p><strong>L.V.<\/strong><\/p>\n<p>L\u2019effet <strong>Saddier-Couvra<\/strong>\u00a0? Cela y ressemble. Quelques jours seulement apr\u00e8s <a href=\"https:\/\/www.golfplanete.com\/actualites\/a-son-200e-depart-sur-le-tour-europeen-adrien-saddier-lemporte-en-italie-et-se-qualifie-avec-martin-couvra-2e-au-153e-the-open-de-lhistoire\/\" target=\"_blank\" rel=\"noopener nofollow\">le doubl\u00e9 fran\u00e7ais \u00e0 l\u2019Italian Open<\/a>, le clan tricolore se sent incontestablement pousser des ailes. La preuve. <strong>Ugo Coussaud<\/strong> est en t\u00eate \u00e0 Munich apr\u00e8s dix-huit trous. L\u2019Angoumoisin, qui demeure pourtant sur trois cuts manqu\u00e9s d\u2019affil\u00e9e sur le Tour europ\u00e9en, a sign\u00e9 une superbe carte de 67 (-5) sans bogey.<\/p>\n<p><a href=\"https:\/\/www.europeantour.com\/dpworld-tour\/bmw-international-open-2025\/leaderboard?round=1\" target=\"_blank\" rel=\"noopener nofollow\">Retrouvez le classement complet et les tee times du 2e tour<\/a><\/p>\n<p>\t\t\t\t\t<a id=\"178042\" href=\"https:\/\/leclub-golf.com\/fr\/actualites\/team-sud-ouest-vs-team-sud-est-le-duel-de-lete?utm_source=golf+planete&amp;utm_medium=referral&amp;utm_campaign=team+sud&amp;utm_id=team+sud_golf+planete_referral_banner\" target=\"_blank\" rel=\"sponsorised nofollow noopener\"><img decoding=\"async\" src=\"data:image\/svg+xml,%3Csvg%20xmlns=\" http:=\"\" class=\"img-responsive\" alt=\"\" data-lazy-src=\"https:\/\/www.europesays.com\/fr\/wp-content\/uploads\/2025\/07\/leclubgolf-e08-duel-teams-1170x275-1.png\"\/><\/a><\/p>\n<p>Il partage ici en Bavi\u00e8re les commandes du <strong>BMW International Open<\/strong> (2,75 millions de dollars de dotation) avec l\u2019Anglais <strong>Marco Penge<\/strong>, le Chinois <strong>Wenyi Ding<\/strong>, le Malaisien <strong>Gavin Green<\/strong> et le N\u00e9erlandais <strong>Darius Van Driel<\/strong> mais il est le seul parmi ce quintet \u00e0 rendre une copie immacul\u00e9e.<\/p>\n<p>Class\u00e9 75e \u00e0 la Race, l\u2019actuel 259e mondial est \u00e0 la recherche d\u2019un second souffle cette saison apr\u00e8s une arriv\u00e9e du <strong>Challenge Tour<\/strong> (d\u00e9sormais <strong>HotelPlanner Tour<\/strong>) l\u2019an pass\u00e9 accomplie en ayant pris une tr\u00e8s solide 33e place finale. L\u00e0, en 2025, le membre de la <strong>St Laurent Golf Team<\/strong> n\u2019est parvenu qu\u2019une seule fois en quinze d\u00e9parts \u00e0 accrocher un top 15 (11e au <strong>Investec SA Open<\/strong> le 2 mars dernier).<\/p>\n<p>\u00a0<\/p>\n<p>Sept Fran\u00e7ais dans le top 25<\/p>\n<p>Lui aussi \u00e0 la recherche d\u2019un rebond salvateur depuis sa victoire au mois d\u2019ao\u00fbt 2024 en R\u00e9publique tch\u00e8que (une 13e place comme valeur \u00e9talon \u00e0 <strong>Ras Al Khaimah<\/strong> le 26 janvier), <strong>David Ravetto<\/strong> pointe \u00e0 la 6e place \u00e0 -4 (68) juste devant <strong>Cl\u00e9ment Sordet<\/strong>, qui confirme sa tr\u00e8s belle 5e place obtenue en Toscane dimanche pass\u00e9. Le Lyonnais caddey\u00e9 pour la deuxi\u00e8me semaine cons\u00e9cutive par <strong>Basile Dalberto<\/strong> est aux portes du top 10 (12e \u00e0 -3) en compagnie d\u2019une petite dizaine de \u00ab co-locataires \u00bb parmi lesquels le Norv\u00e9gien <strong>Kristoffer Reitan<\/strong>, <a href=\"https:\/\/www.europeantour.com\/dpworld-tour\/rankings\/overview\/rankings\/#group:european-swing;\" target=\"_blank\" rel=\"noopener nofollow\">deuxi\u00e8me de l\u2019European Swing<\/a> actuellement et 7e de la Race.<\/p>\n<p>Suivent \u00e0 -2 (70) au 24e rang <strong>Adrien Saddier<\/strong>, qui ne l\u00e2che d\u00e9cid\u00e9ment rien, mais aussi <strong>Benjamin H\u00e9bert<\/strong>, <strong>Fr\u00e9d\u00e9ric Lacroix<\/strong> et <strong>Tom<\/strong> <strong>Vaillant<\/strong>. Sept Fran\u00e7ais dans le premier quart du leaderboard, c\u2019est clairement bon signe pour la suite des \u00e9v\u00e9nements.<\/p>\n<p>\t\t\t\t\t<a id=\"177269\" href=\"https:\/\/www.golfcapdagde.com\/\" target=\"_blank\" rel=\"sponsorised nofollow noopener\"><img decoding=\"async\" src=\"data:image\/svg+xml,%3Csvg%20xmlns=\" http:=\"\" class=\"img-responsive\" alt=\"\" data-lazy-src=\"https:\/\/www.europesays.com\/fr\/wp-content\/uploads\/2025\/06\/capdagdegolf-e01-experience-golf-1170x275-1.gif\"\/><\/a><\/p>\n<p>\u00a0<\/p>\n<blockquote class=\"twitter-tweet\">\n<p dir=\"ltr\" lang=\"en\">Touch of class from Kaymer \ud83d\udc4f<a href=\"https:\/\/twitter.com\/hashtag\/BMWInternationalOpen?src=hash&amp;ref_src=twsrc%5Etfw\" rel=\"nofollow noopener\" target=\"_blank\">#BMWInternationalOpen<\/a> <a href=\"https:\/\/t.co\/3zZWuTzI3K\" rel=\"nofollow\">pic.twitter.com\/3zZWuTzI3K<\/a><\/p>\n<p>\u2014 DP World Tour (@DPWorldTour) <a href=\"https:\/\/twitter.com\/DPWorldTour\/status\/1940764630470873120?ref_src=twsrc%5Etfw\" rel=\"nofollow noopener\" target=\"_blank\">July 3, 2025<\/a><\/p>\n<\/blockquote>\n<p>\u00a0<\/p>\n<p>De retour sur le <strong>DP World Tour<\/strong> pour la premi\u00e8re fois depuis le <strong>BMW PGA Championship<\/strong> en septembre\u2026 2022, <strong>Sergio Garcia<\/strong>, 45 ans, est pass\u00e9 \u00e0 c\u00f4t\u00e9 de sa journ\u00e9e sur le <strong>GolfClub M\u00fcnchen Eichenried<\/strong>. Pas franchement encourageant pour <strong>Luke Donald<\/strong>, le capitaine europ\u00e9en de <strong>Ryder Cup<\/strong>, lui aussi dans le champ cette semaine. L\u2019Espagnol a en effet d\u00fb se contenter d\u2019une carte de 75 (+3) et d\u2019une 133e place qui l\u2019\u00e9carte pour le moment de deux tours suppl\u00e9mentaires ce week-end.<\/p>\n<p><strong>David Puig<\/strong>, son co\u00e9quipier au sein de l\u2019\u00e9quipe des <strong>Fireballs GC<\/strong> sur le <strong>LIV Golf<\/strong>, s\u2019en est bien mieux sorti puisqu\u2019il occupe la 12e place \u00e0 -3. <strong>Martin Kaymer<\/strong> et <strong>Patrick Reed<\/strong>, les deux autres pensionnaires du Circuit dissident pr\u00e9sents en Allemagne, ont respectivement jou\u00e9 70 et 71 (-1). Ils sont donc pour l\u2019instant bien plac\u00e9s pour poursuivre l\u2019aventure jusqu\u2019au bout de la semaine.<\/p>\n<p>\u00a0<\/p>\n<p>Le leaderboard<\/p>\n<p><img loading=\"lazy\" decoding=\"async\" class=\"alignnone wp-image-178403 size-large\" src=\"data:image\/svg+xml,%3Csvg%20xmlns=\" http:=\"\" alt=\"\" width=\"770\" height=\"503\" data-lazy- data-lazy- data-lazy-src=\"https:\/\/www.europesays.com\/fr\/wp-content\/uploads\/2025\/07\/capture1dp-770x503.jpg\"\/><\/p>\n<p><img loading=\"lazy\" decoding=\"async\" class=\"alignnone wp-image-178404 size-large\" src=\"data:image\/svg+xml,%3Csvg%20xmlns=\" http:=\"\" alt=\"\" width=\"770\" height=\"40\" data-lazy- data-lazy- data-lazy-src=\"https:\/\/www.europesays.com\/fr\/wp-content\/uploads\/2025\/07\/capture2dp-770x40.jpg\"\/><\/p>\n<p>\u00a0<\/p>\n<p>Le leaderboard des autres Fran\u00e7ais<\/p>\n<p><img loading=\"lazy\" decoding=\"async\" class=\"alignnone wp-image-178405 size-large\" src=\"data:image\/svg+xml,%3Csvg%20xmlns=\" http:=\"\" alt=\"\" width=\"770\" height=\"606\" data-lazy- data-lazy- data-lazy-src=\"https:\/\/www.europesays.com\/fr\/wp-content\/uploads\/2025\/07\/capture3dp-770x606.jpg\"\/><\/p>\n<p>\u00a0<\/p>\n<p>Photo : Nathan Cardet \/ Golf Plane\u0300te<\/p>\n<p>\u00a0<\/p>\n<p>\t\t\t<script async src=\"https:\/\/platform.twitter.com\/widgets.js\" charset=\"utf-8\"><\/script><\/p>\n","protected":false},"excerpt":{"rendered":"Partager cet article Partager la publication \u00ab\u00a0Ugo Coussaud co-leader \u00e0 Munich. Les Fran\u00e7ais surfent sur la bonne vague&hellip;\n","protected":false},"author":2,"featured_media":224189,"comment_status":"","ping_status":"","sticky":false,"template":"","format":"standard","meta":{"footnotes":""},"categories":[1418],"tags":[1011,27,1472,60],"class_list":{"0":"post-224188","1":"post","2":"type-post","3":"status-publish","4":"format-standard","5":"has-post-thumbnail","7":"category-golf","8":"tag-fr","9":"tag-france","10":"tag-golf","11":"tag-sports"},"share_on_mastodon":{"url":"https:\/\/pubeurope.com\/@fr\/114791712572460311","error":""},"_links":{"self":[{"href":"https:\/\/www.europesays.com\/fr\/wp-json\/wp\/v2\/posts\/224188","targetHints":{"allow":["GET"]}}],"collection":[{"href":"https:\/\/www.europesays.com\/fr\/wp-json\/wp\/v2\/posts"}],"about":[{"href":"https:\/\/www.europesays.com\/fr\/wp-json\/wp\/v2\/types\/post"}],"author":[{"embeddable":true,"href":"https:\/\/www.europesays.com\/fr\/wp-json\/wp\/v2\/users\/2"}],"replies":[{"embeddable":true,"href":"https:\/\/www.europesays.com\/fr\/wp-json\/wp\/v2\/comments?post=224188"}],"version-history":[{"count":0,"href":"https:\/\/www.europesays.com\/fr\/wp-json\/wp\/v2\/posts\/224188\/revisions"}],"wp:featuredmedia":[{"embeddable":true,"href":"https:\/\/www.europesays.com\/fr\/wp-json\/wp\/v2\/media\/224189"}],"wp:attachment":[{"href":"https:\/\/www.europesays.com\/fr\/wp-json\/wp\/v2\/media?parent=224188"}],"wp:term":[{"taxonomy":"category","embeddable":true,"href":"https:\/\/www.europesays.com\/fr\/wp-json\/wp\/v2\/categories?post=224188"},{"taxonomy":"post_tag","embeddable":true,"href":"https:\/\/www.europesays.com\/fr\/wp-json\/wp\/v2\/tags?post=224188"}],"curies":[{"name":"wp","href":"https:\/\/api.w.org\/{rel}","templated":true}]}}