{"id":224204,"date":"2025-07-03T22:50:11","date_gmt":"2025-07-03T22:50:11","guid":{"rendered":"https:\/\/www.europesays.com\/fr\/224204\/"},"modified":"2025-07-03T22:50:11","modified_gmt":"2025-07-03T22:50:11","slug":"musee-soulages-de-rodez-nicole-belloubet-nommee-presidente","status":"publish","type":"post","link":"https:\/\/www.europesays.com\/fr\/224204\/","title":{"rendered":"Mus\u00e9e Soulages de Rodez : Nicole Belloubet nomm\u00e9e pr\u00e9sidente"},"content":{"rendered":"<p class=\"editor-content__paragraph\">Quelque chose d\u2019intemporel et d\u2019immuable se d\u00e9gage de sa sobre et solide silhouette couleur rouille. Pourtant, un vent de changement souffle cet \u00e9t\u00e9 sur le <strong>mus\u00e9e Soulages<\/strong>\u2026 Inaugur\u00e9e en 2014\u00a0dans la petite ville de <strong>Rodez<\/strong> (Aveyron) et abritant <strong>la plus grande collection au monde<\/strong> d\u2019\u0153uvres (plus de 500) du peintre <strong><a href=\"https:\/\/www.beauxarts.com\/grand-format\/pierre-soulages-en-2-minutes\/\" target=\"_blank\" rel=\"noopener nofollow\">Pierre Soulages<\/a><\/strong> (1919\u20132022), grand ma\u00eetre du noir, cette institution conna\u00eet en effet ce mois-ci un renouvellement complet de sa gouvernance avec l\u2019arriv\u00e9e \u00e0 la fois d\u2019une <strong>nouvelle pr\u00e9sidente et d\u2019une nouvelle directrice<\/strong>.<\/p>\n<p class=\"editor-content__paragraph\">Ce 30\u00a0juin, avec 20\u00a0voix pour et 7\u00a0abstentions, le conseil d\u2019administration du mus\u00e9e a officialis\u00e9<strong> la nomination de Nicole Belloubet<\/strong> (n\u00e9e en 1955) \u00e0 sa pr\u00e9sidence. Cette<strong> ancienne ministre de la Justice<\/strong> (de 2017 \u00e0 2020) et <strong>de l\u2019\u00c9ducation<\/strong> nationale et de la Jeunesse (de f\u00e9vrier \u00e0 septembre 2024) succ\u00e8de ainsi au conservateur, historien de l\u2019art et commissaire d\u2019expositions <strong>Alfred Pacquement<\/strong>, qui a d\u00e9cid\u00e9 de ne pas se repr\u00e9senter apr\u00e8s avoir occup\u00e9 ce poste durant six ans.<\/p>\n<p>        \u00c0 lire aussi :<br \/>\n        <a class=\"renvoi-explicite__link\" href=\"https:\/\/www.beauxarts.com\/expos\/pierre-soulages-et-la-naissance-de-loutrenoir\/\" rel=\"nofollow noopener\" target=\"_blank\">Pierre Soulages, \u00e0 la lumi\u00e8re du noir<\/a><\/p>\n<p>Une pr\u00e9sidente aux racines aveyronnaises<\/p>\n<p class=\"editor-content__paragraph\">Contrairement \u00e0 son pr\u00e9d\u00e9cesseur et \u00e0 la plupart de ses homologues, cette ex-ma\u00eetresse de conf\u00e9rences \u00e0 la Sorbonne et professeure agr\u00e9g\u00e9e de droit public \u00e0 l\u2019Universit\u00e9 \u00c9vry Paris-Saclay n\u2019est <strong>pas sp\u00e9cialis\u00e9e en art<\/strong>. Ce qui n\u2019a pas manqu\u00e9 de susciter des commentaires. Obtenu en 2008, son premier poste en politique fut cependant, durant deux ans, celui de <strong>premi\u00e8re adjointe \u00e0 la culture du maire de Toulouse<\/strong> de l\u2019\u00e9poque, le socialiste Pierre Cohen. Autre atout, elle a assur\u00e9 (de d\u00e9cembre 2023 \u00e0 f\u00e9vrier 2024) la<strong> pr\u00e9sidence du Conseil des maisons de vente<\/strong>, en charge de la r\u00e9gulation des ench\u00e8res publiques en France.<\/p>\n<p>    <img loading=\"lazy\" decoding=\"async\" class=\"image__img\" src=\"https:\/\/www.europesays.com\/fr\/wp-content\/uploads\/2025\/07\/webdsc_5444--rcr--musee-soulages-rodez-phototheque-rodez-agglomeration-photo-jean-louis-bories-964x4.jpeg\" alt=\"Le muse\u0301e Soulages \u00e0 Rodez\" width=\"964\" height=\"429\"\/><\/p>\n<p>Le muse\u0301e Soulages \u00e0 Rodez<\/p>\n<p>    i<\/p>\n<p class=\"legende__cartel\">\u00a9  RCR \u2013 Muse\u0301e Soulages Rodez \/ Photothe\u0300que Rodez Agglome\u0301ration \/ Photo Jean Louis Bories<\/p>\n<p class=\"editor-content__paragraph\">Outre ces comp\u00e9tences strat\u00e9giques, et malgr\u00e9 un parcours politique \u00e9corn\u00e9 par quelques pol\u00e9miques, un dernier \u00e9l\u00e9ment a jou\u00e9 en sa faveur\u00a0: <strong>descendante d\u2019Aveyronnais<\/strong>, Nicole Belloubet est<strong> famili\u00e8re de Rodez<\/strong> et de son d\u00e9partement, o\u00f9 elle poss\u00e8de une maison. \u00ab\u00a0Mes racines aveyronnaises, mon attachement \u00e0 ce territoire ainsi qu\u2019\u00e0 ce milieu culturel que je connais bien m\u2019ont convaincue d\u2019accepter cette mission\u00a0\u00bb, a-t-elle d\u00e9clar\u00e9 \u00e0 la presse locale.<\/p>\n<p>        \u00c0 lire aussi :<br \/>\n        <a class=\"renvoi-explicite__link\" href=\"https:\/\/www.beauxarts.com\/videos\/quand-le-rap-sinvite-au-musee-soulages\/\" rel=\"nofollow noopener\" target=\"_blank\">Quand le rap s\u2019invite au mus\u00e9e Soulages<\/a><\/p>\n<p>De nouveaux d\u00e9fis pour le mus\u00e9e Soulages<\/p>\n<p>    <img loading=\"lazy\" decoding=\"async\" class=\"image__img\" src=\"https:\/\/www.europesays.com\/fr\/wp-content\/uploads\/2025\/07\/webmusee-soulages-rodez-salle-outrenoir.-photo-musee-soulages-ch-964x1362.jpg\" alt=\"Salle \u00ab\u00a0Outrenoir\u00a0\u00bb du muse\u0301e Soulages \u00e0 Rodez\" width=\"964\" height=\"1362\"\/><\/p>\n<p>Salle \u00ab\u00a0Outrenoir\u00a0\u00bb du muse\u0301e Soulages \u00e0 Rodez<\/p>\n<p>    i<\/p>\n<p class=\"legende__cartel\">Photo  Muse\u0301e Soulages \/ \u00a9 Adagp, Paris 2025<\/p>\n<p class=\"editor-content__paragraph\">Le pr\u00e9sident du mus\u00e9e n\u2019est pas le seul \u00e0 laisser sa place\u00a0: au m\u00eame moment, <strong> son directeur de toujours, Beno\u00eet Decron<\/strong>, 66\u00a0ans, ami proche du couple Soulages qui avait contribu\u00e9 \u00e0 b\u00e2tir le lieu d\u00e8s 2009, tire lui aussi sa r\u00e9v\u00e9rence. \u00ab\u00a0Fini les muppets, il faut laisser <strong>la place aux jeunes\u00a0! \u00bb<\/strong>, a lanc\u00e9 avec autod\u00e9rision ce passionn\u00e9 lors de l\u2019ouverture le 1er juillet de la nouvelle exposition du mus\u00e9e consacr\u00e9e \u00e0 <a href=\"https:\/\/www.beauxarts.com\/grand-format\/agnes-varda-en-2-minutes\/\" target=\"_blank\" rel=\"noopener nofollow\">Agn\u00e8s Varda<\/a>. Il a ainsi pr\u00e9sent\u00e9 avec confiance sa rempla\u00e7ante\u00a0: la conservatrice du patrimoine <strong>Maud Marron-Wojewodzki<\/strong>, \u00e2g\u00e9e de seulement 34\u00a0ans.<\/p>\n<p class=\"editor-content__paragraph\">Responsable depuis 2019\u00a0des collections d\u2019art moderne et contemporain au mus\u00e9e Fabre de Montpellier (qui compte une trentaine d\u2019\u0153uvres de Soulages, donn\u00e9es ou d\u00e9pos\u00e9es par l\u2019artiste), cette derni\u00e8re y a cocurat\u00e9 avec audace et finesse la tr\u00e8s belle <a href=\"https:\/\/www.beauxarts.com\/grand-format\/une-grande-retrospective-soulages-annoncee-pour-cet-ete-au-musee-fabre\/\" target=\"_blank\" rel=\"noopener nofollow\"><strong>exposition \u00ab\u00a0Pierre Soulages \u2013 La rencontre\u00a0\u00bb<\/strong><\/a>, tout juste inaugur\u00e9e. Form\u00e9e \u00e0 l\u2019\u00c9cole du Louvre, \u00e0 la Ca\u2019 Foscari de Venise, \u00e0 la Sorbonne et \u00e0 l\u2019Institut national du patrimoine, elle assure vouloir <strong>\u00ab\u00a0prolonger l\u2019h\u00e9ritage\u00a0\u00bb de son pr\u00e9d\u00e9cesseur<\/strong>, tout en <strong>\u00ab\u00a0introduisant de nouvelles id\u00e9es\u00a0\u00bb<\/strong>. La nouvelle directrice souhaite notamment <strong>\u00e9largir le dialogue<\/strong> entre l\u2019\u0153uvre de Soulages et la sc\u00e8ne contemporaine, transformer le lieu <strong>en \u00ab\u00a0p\u00f4le de recherche\u00a0\u00bb<\/strong>, et d\u00e9velopper le rayonnement \u00e0 l\u2019international du mus\u00e9e, qui attire actuellement<strong> entre 125\u00a0000\u00a0et 130\u00a0000\u00a0visiteurs<\/strong> par an.<\/p>\n<p>        \u00c0 lire aussi :<br \/>\n        <a class=\"renvoi-explicite__link\" href=\"https:\/\/www.beauxarts.com\/grand-format\/une-grande-retrospective-soulages-annoncee-pour-cet-ete-au-musee-fabre\/\" rel=\"nofollow noopener\" target=\"_blank\">Une grande r\u00e9trospective Soulages annonc\u00e9e pour cet \u00e9t\u00e9 au mus\u00e9e Fabre<\/a><\/p>\n<p class=\"annexe-content__infos\">24, avenue Victor Hugo \u2022 12000 Rodez<br \/><a href=\"http:\/\/musee-soulages.rodezagglo.fr\/\" rel=\"nofollow noopener\" target=\"_blank\">musee-soulages.rodezagglo.fr<\/a><\/p>\n","protected":false},"excerpt":{"rendered":"Quelque chose d\u2019intemporel et d\u2019immuable se d\u00e9gage de sa sobre et solide silhouette couleur rouille. Pourtant, un vent&hellip;\n","protected":false},"author":2,"featured_media":224205,"comment_status":"","ping_status":"","sticky":false,"template":"","format":"standard","meta":{"footnotes":""},"categories":[1358],"tags":[1396,1348,1384,1385,1386,58,59,1011,27,23315,7107],"class_list":{"0":"post-224204","1":"post","2":"type-post","3":"status-publish","4":"format-standard","5":"has-post-thumbnail","7":"category-arts-et-design","8":"tag-art-contemporain","9":"tag-arts","10":"tag-arts-and-design","11":"tag-arts-et-design","12":"tag-design","13":"tag-divertissement","14":"tag-entertainment","15":"tag-fr","16":"tag-france","17":"tag-musee-soulages","18":"tag-musees"},"share_on_mastodon":{"url":"https:\/\/pubeurope.com\/@fr\/114791751823040390","error":""},"_links":{"self":[{"href":"https:\/\/www.europesays.com\/fr\/wp-json\/wp\/v2\/posts\/224204","targetHints":{"allow":["GET"]}}],"collection":[{"href":"https:\/\/www.europesays.com\/fr\/wp-json\/wp\/v2\/posts"}],"about":[{"href":"https:\/\/www.europesays.com\/fr\/wp-json\/wp\/v2\/types\/post"}],"author":[{"embeddable":true,"href":"https:\/\/www.europesays.com\/fr\/wp-json\/wp\/v2\/users\/2"}],"replies":[{"embeddable":true,"href":"https:\/\/www.europesays.com\/fr\/wp-json\/wp\/v2\/comments?post=224204"}],"version-history":[{"count":0,"href":"https:\/\/www.europesays.com\/fr\/wp-json\/wp\/v2\/posts\/224204\/revisions"}],"wp:featuredmedia":[{"embeddable":true,"href":"https:\/\/www.europesays.com\/fr\/wp-json\/wp\/v2\/media\/224205"}],"wp:attachment":[{"href":"https:\/\/www.europesays.com\/fr\/wp-json\/wp\/v2\/media?parent=224204"}],"wp:term":[{"taxonomy":"category","embeddable":true,"href":"https:\/\/www.europesays.com\/fr\/wp-json\/wp\/v2\/categories?post=224204"},{"taxonomy":"post_tag","embeddable":true,"href":"https:\/\/www.europesays.com\/fr\/wp-json\/wp\/v2\/tags?post=224204"}],"curies":[{"name":"wp","href":"https:\/\/api.w.org\/{rel}","templated":true}]}}