{"id":224218,"date":"2025-07-03T22:57:13","date_gmt":"2025-07-03T22:57:13","guid":{"rendered":"https:\/\/www.europesays.com\/fr\/224218\/"},"modified":"2025-07-03T22:57:13","modified_gmt":"2025-07-03T22:57:13","slug":"c-a-vous-bouge-a-la-rentree-anne-elisabeth-lemoine-du-lundi-au-jeudi-mohamed-bouhafsi-en-fin-de-semaine","status":"publish","type":"post","link":"https:\/\/www.europesays.com\/fr\/224218\/","title":{"rendered":"\u00ab\u00a0C \u00e0 vous\u00a0\u00bb bouge \u00e0 la rentr\u00e9e\u00a0: Anne-\u00c9lisabeth Lemoine du lundi au jeudi, Mohamed Bouhafsi en fin de semaine"},"content":{"rendered":"<p class=\"paragraph text_align_left lp-f-body-02\">\u00ab\u00a0Feel the magic in the air, levez les mains en l\u2019air, allez, allez, allez\u00a0\u00bb. C\u2019est au son du tube de Magic System, leurs invit\u00e9s du soir, qu\u2019<a href=\"https:\/\/www.leparisien.fr\/culture-loisirs\/tv\/anne-elisabeth-lemoine-de-retour-avec-c-a-vous-leon-marchand-ca-fait-deux-ans-que-je-veux-lavoir-02-09-2024-GYJTY6XWV5AZZDR2MAHZ25D5GQ.php\" target=\"_blank\" rel=\"noreferrer nofollow noopener\">Anne-\u00c9lisabeth Lemoine<\/a> et toute l\u2019\u00e9quipe de \u00ab\u00a0C \u00e0 vous\u00a0\u00bb rendront l\u2019antenne ce vendredi 4\u00a0juillet vers 21h05. Un shot de bonne humeur pour souhaiter de bonnes vacances \u00e0 leurs t\u00e9l\u00e9spectateurs et clore gaiement la seizi\u00e8me saison du talk-show du d\u00e9but de soir\u00e9e de France\u00a05.<\/p>\n<p class=\"paragraph text_align_left lp-f-body-02\">Pour la r\u00e9daction, l\u2019\u00e9t\u00e9 sera studieux, car, \u00e0 la rentr\u00e9e, l\u2019\u00e9mission va \u00eatre sacr\u00e9ment r\u00e9organis\u00e9e. Selon nos informations, fini \u00ab\u00a0C l\u2019hebdo\u00a0\u00bb, la d\u00e9clinaison du samedi lanc\u00e9e en 2016 et pr\u00e9sent\u00e9e depuis deux saisons par <a href=\"https:\/\/www.leparisien.fr\/culture-loisirs\/tv\/aurelie-casse-quitte-deja-c-a-vous-apres-cinq-mois-a-lantenne-25-01-2024-6ABUWSICZBA4HJ3ED3VIOWP5WI.php\" target=\"_blank\" rel=\"noreferrer nofollow noopener\">Aur\u00e9lie Casse<\/a>. D\u00e9sormais, la quotidienne de \u00ab\u00a0C \u00e0 vous\u00a0\u00bb sera diffus\u00e9e du lundi au samedi.<\/p>\n<p class=\"paragraph text_align_left lp-f-body-02\">Si Anne-\u00c9lisabeth Lemoine a \u00e9t\u00e9 reconduite d\u00e8s le mois de mars pour une nouvelle \u00e9dition, elle a d\u00e9cid\u00e9 de lever un peu le pied. Celle que son \u00e9quipe surnomme \u00ab\u00a0Babeth\u00a0\u00bb ne sera plus \u00e0 l\u2019antenne le vendredi, comme elle l\u2019annonce au Parisien &#8211; Aujourd\u2019hui en France. M\u00eame si la production refuse de nous le confirmer, selon nos informations, les deux num\u00e9ros du week-end seront assur\u00e9s chaque semaine par Mohamed Bouhafsi, l\u2019un des chroniqueurs les plus en vue de sa bande, qui monte donc en grade.<\/p>\n<p>\u00ab\u00a0Une d\u00e9cision que j\u2019ai prise en commun accord avec France T\u00e9l\u00e9visions et la production\u00a0\u00bb<\/p>\n<p class=\"paragraph text_align_left lp-f-body-02\">Ce changement, c\u2019est son choix, insiste l\u2019animatrice\u00a0: \u00ab\u00a0C\u2019est une d\u00e9cision que j\u2019ai prise en commun accord avec France T\u00e9l\u00e9visions et la production (3e \u0152il du groupe Mediawan). Je suis extr\u00eamement fi\u00e8re de pr\u00e9senter chaque jour depuis huit ans cette \u00e9mission \u00e0 laquelle je suis profond\u00e9ment attach\u00e9e. Avec deux heures de direct quotidiennement, C \u00e0 vous demande une pr\u00e9paration et une exigence importantes. Cette formule me permettra de prendre plus de temps notamment pour des projets compatibles avec l\u2019\u00e9mission, m\u00eame si ma priorit\u00e9 ira toujours \u00e0 C \u00e0 vous\u00a0!\u00a0\u00bb<\/p>\n<p class=\"paragraph text_align_left lp-f-body-02\">Ces derni\u00e8res ann\u00e9es, Anne-\u00c9lisabeth Lemoine a peu \u00e9t\u00e9 voir ailleurs, tant elle est accapar\u00e9e par son talk-show qu\u2019elle ne quitte jamais, m\u00eame pour prendre des vacances. Quelques prime time ici ou l\u00e0 comme \u00ab\u00a0L\u2019\u00c9mission pour la terre\u00a0\u00bb en 2019 avec Nagui, quelques num\u00e9ros du \u00ab\u00a0Grand \u00c9chiquier\u00a0\u00bb apr\u00e8s le Covid ou \u00ab\u00a0Symphonie pour la vie, sp\u00e9cial Pi\u00e8ces jaunes\u00a0\u00bb la m\u00eame ann\u00e9e. Hors \u00ab\u00a0C \u00e0 vous\u00a0\u00bb, seul <a href=\"https:\/\/www.leparisien.fr\/culture-loisirs\/tv\/6-a-la-maison-l-emission-speciale-couvre-feu-en-rodage-sur-france-2-22-10-2020-8404462.php\" target=\"_blank\" rel=\"noreferrer nofollow noopener\">\u00ab\u00a06 \u00e0 la maison\u00a0\u00bb<\/a> a dur\u00e9 une saison, un programme sp\u00e9cial diffus\u00e9 en deuxi\u00e8me partie de soir\u00e9e pendant les mois de couvre-feu qu\u2019elle pr\u00e9sentait avec son acolyte Patrick Cohen, qui arr\u00eate lui aussi le vendredi.<\/p>\n<p class=\"paragraph text_align_left lp-f-body-02\">\u00ab\u00a0Avec Anne-Elisabeth, nous avons augment\u00e9 le format de plus de 30 minutes ces derni\u00e8res saisons et le rythme devenait de plus en plus intense. C\u2019est une \u00e9mission qui n\u00e9cessite un investissement et un travail immenses et nous avons d\u00e9cid\u00e9 de nous aligner sur C dans l\u2019air, T\u00e9l\u00e9matin ou les JT et de nous permettre d\u2019innover tout en gardant l\u2019ADN de C \u00e0 vous.\u00a0\u00bb, explique <a href=\"https:\/\/www.leparisien.fr\/culture-loisirs\/tv\/c-a-vous-dix-pour-cent-version-us-club-de-foot-de-caen-les-projets-de-pierre-antoine-capton-09-03-2025-ZK7FVOQK3VHGBHD44HAJE27JME.php\" target=\"_blank\" rel=\"noreferrer nofollow noopener\">son producteur Pierre-Antoine Capton<\/a>.<\/p>\n<p class=\"paragraph text_align_left lp-f-body-02\">Le mercato touche \u00e0 sa fin \u00e0 France T\u00e9l\u00e9visions. Reste \u00e0 savoir ce que va faire Aur\u00e9lie Casse. Fortement courtis\u00e9e par BFMTV et LCI, la journaliste pourrait aussi rebondir \u00e0 France T\u00e9l\u00e9visions <a href=\"https:\/\/www.leparisien.fr\/culture-loisirs\/tv\/telematin-depart-surprise-de-flavie-flament-et-julien-arnaud-02-07-2025-LI6FWU4OPFGPJOUI73GJJGRZJY.php\" target=\"_blank\" rel=\"noreferrer nofollow noopener\">dans le jeu de chaises musicales qui d\u00e9marre \u00e0 la suite des changements pr\u00e9vus \u00e0 \u00ab\u00a0T\u00e9l\u00e9matin\u00a0\u00bb<\/a>.<\/p>\n","protected":false},"excerpt":{"rendered":"\u00ab\u00a0Feel the magic in the air, levez les mains en l\u2019air, allez, allez, allez\u00a0\u00bb. C\u2019est au son du&hellip;\n","protected":false},"author":2,"featured_media":224219,"comment_status":"","ping_status":"","sticky":false,"template":"","format":"standard","meta":{"footnotes":""},"categories":[8],"tags":[872,58,59,1011,27,2205],"class_list":{"0":"post-224218","1":"post","2":"type-post","3":"status-publish","4":"format-standard","5":"has-post-thumbnail","7":"category-divertissement","8":"tag-culture-et-loisirs","9":"tag-divertissement","10":"tag-entertainment","11":"tag-fr","12":"tag-france","13":"tag-television-medias"},"share_on_mastodon":{"url":"https:\/\/pubeurope.com\/@fr\/114791779173591612","error":""},"_links":{"self":[{"href":"https:\/\/www.europesays.com\/fr\/wp-json\/wp\/v2\/posts\/224218","targetHints":{"allow":["GET"]}}],"collection":[{"href":"https:\/\/www.europesays.com\/fr\/wp-json\/wp\/v2\/posts"}],"about":[{"href":"https:\/\/www.europesays.com\/fr\/wp-json\/wp\/v2\/types\/post"}],"author":[{"embeddable":true,"href":"https:\/\/www.europesays.com\/fr\/wp-json\/wp\/v2\/users\/2"}],"replies":[{"embeddable":true,"href":"https:\/\/www.europesays.com\/fr\/wp-json\/wp\/v2\/comments?post=224218"}],"version-history":[{"count":0,"href":"https:\/\/www.europesays.com\/fr\/wp-json\/wp\/v2\/posts\/224218\/revisions"}],"wp:featuredmedia":[{"embeddable":true,"href":"https:\/\/www.europesays.com\/fr\/wp-json\/wp\/v2\/media\/224219"}],"wp:attachment":[{"href":"https:\/\/www.europesays.com\/fr\/wp-json\/wp\/v2\/media?parent=224218"}],"wp:term":[{"taxonomy":"category","embeddable":true,"href":"https:\/\/www.europesays.com\/fr\/wp-json\/wp\/v2\/categories?post=224218"},{"taxonomy":"post_tag","embeddable":true,"href":"https:\/\/www.europesays.com\/fr\/wp-json\/wp\/v2\/tags?post=224218"}],"curies":[{"name":"wp","href":"https:\/\/api.w.org\/{rel}","templated":true}]}}