{"id":224220,"date":"2025-07-03T22:58:10","date_gmt":"2025-07-03T22:58:10","guid":{"rendered":"https:\/\/www.europesays.com\/fr\/224220\/"},"modified":"2025-07-03T22:58:10","modified_gmt":"2025-07-03T22:58:10","slug":"un-dinosaure-geant-decouvert-en-charente","status":"publish","type":"post","link":"https:\/\/www.europesays.com\/fr\/224220\/","title":{"rendered":"un dinosaure g\u00e9ant d\u00e9couvert en Charente"},"content":{"rendered":"<p><strong>R\u00c9CIT &#8211; <\/strong>Une nouvelle esp\u00e8ce de sauropode, la famille qui inclut les diplodocus et les brachiosaures, a \u00e9t\u00e9 mise au jour \u00e0 Angeac. Une partie des fossiles est en cours d\u2019extraction du bloc d\u2019argile dans lequel ils sont pris au Mus\u00e9um national d\u2019histoire naturelle, \u00e0 Paris.<\/p>\n<p class=\"fig-paragraph\">Une brosse \u00e0 la main, Renaud Vacant s\u2019attaque \u00e0 la couche d\u2019argile qui recouvre ces gigantesques ossements que le temps et la s\u00e9dimentation ont transform\u00e9s en pierres. Pr\u00e9parateur de fossiles, il travaille en bin\u00f4me avec le pal\u00e9ontologue Ronan Allain. Ensemble, ils curent et nettoient ce bloc d\u00e9terr\u00e9 \u00e0 l\u2019\u00e9t\u00e9 2024 sur le site\u00a0<a href=\"http:\/\/www.lefigaro.fr\/sciences\/dossier\/archeologie-et-paleontologie-toute-l-actualite-de-l-histoire-de-la-terre-et-de-ses-habitants\" target=\"_blank\" data-fig-type=\"Topic\" rel=\"noopener\" data-gtm-custom-categorie=\"navigation\" data-gtm-custom-action=\"crossclick\" data-gtm-custom-label=\"Contextuel\" data-gtm-event=\"customEventSPE\" data-fig-domain=\"LEFIGARO\">pal\u00e9ontologique<\/a>\u00a0d\u2019Angeac-Charente, entre Cognac et Angoul\u00eame. Depuis le mois de novembre, ces os sont entrepos\u00e9s ici, dans un b\u00e2timent d\u00e9di\u00e9 \u00e0 leur pr\u00e9paration au\u00a0<a href=\"https:\/\/www.lefigaro.fr\/story\/lherbier-du-museum-national-dhistoire-naturelle-devoile-son-impressionnante-collection-17728\" target=\"_blank\" data-fig-type=\"Story\" rel=\"noopener\" data-gtm-custom-categorie=\"navigation\" data-gtm-custom-action=\"crossclick\" data-gtm-custom-label=\"Contextuel\" data-gtm-event=\"customEventSPE\" data-fig-domain=\"LEFIGARO\">Mus\u00e9um national d\u2019histoire naturelle<\/a>, \u00e0 Paris.<\/p>\n<p class=\"fig-paragraph\">L\u2019endroit ressemble plus \u00e0 un atelier de bricolage install\u00e9 dans un garage qu\u2019\u00e0 un laboratoire scientifique. Au milieu de la pi\u00e8ce, une armature m\u00e9tallique encadre un pl\u00e2tre de plus d\u2019un m\u00e8tre de long sur un m\u00e8tre de large dans lequel sont emprisonn\u00e9es quatre vert\u00e8bres monumentales de plusieurs dizaines de centim\u00e8tres de diam\u00e8tre. Enchev\u00eatr\u00e9es les unes dans les autres (l\u2019une est transperc\u00e9e par une c\u00f4te), elles appartenaient \u00e0 un animal encore inconnu, qui devait\u2026<\/p>\n<p class=\"fig-premium-paywall__infos\">\n        Cet article est r\u00e9serv\u00e9 aux abonn\u00e9s.        Il vous reste 85% \u00e0 d\u00e9couvrir.\n    <\/p>\n<p>                <img  data- alt=\"Le Figaro\" class=\"fig-img--complete fig-img\"\/><\/p>\n<p class=\"fig-premium-paywall__title\">Vous avez envie de lire la suite ?<\/p>\n<p class=\"fig-premium-paywall__subtitle\">D\u00e9bloquez tous les articles imm\u00e9diatement.<\/p>\n<p class=\"fig-premium-paywall__connect\">\n                D\u00e9j\u00e0 abonn\u00e9\u00a0?                <a class=\"fig-premium-paywall__connect-link\" href=\"https:\/\/connect.lefigaro.fr\/login?client=horizon_web&amp;type=main&amp;redirect_uri=https%3A%2F%2Fwww.lefigaro.fr%2Fsciences%2Fl-animal-s-est-couche-ici-pour-mourir-il-y-a-140-millions-d-annees-un-dinosaure-geant-decouvert-en-charente-20250703\" data-js-gtm=\"{&quot;customCategorie&quot;: &quot;conversion&quot;, &quot;customAction&quot;: &quot;before_Landing_Connexion_paywall_auto&quot;, &quot;customLabel&quot;: &quot;bGVmaWdhcm8uZnJfXzFmMDNiYjk3LTBmYWUtNmRiMC04NTI5LTYzOGQ1ZmUyYmY2M19fQXJ0aWNsZQ==_\u00ab\u00a0L\u2019animal s\u2019est couch\u00e9 ici pour mourir il y a 140\u00a0millions d\u2019ann\u00e9es\u00a0\u00bb\u00a0: un dinosaure g\u00e9ant d\u00e9couvert en Charente_464&quot;, &quot;customIDSPE&quot;: &quot;bGVmaWdhcm8uZnJfXzFmMDNiYjk3LTBmYWUtNmRiMC04NTI5LTYzOGQ1ZmUyYmY2M19fQXJ0aWNsZQ==&quot;, &quot;event&quot;: &quot;customEventSPE&quot;}\" target=\"_blank\" rel=\"noopener\"><br \/>\n                    Connectez-vous<br \/>\n                <\/a>\n            <\/p>\n","protected":false},"excerpt":{"rendered":"R\u00c9CIT &#8211; Une nouvelle esp\u00e8ce de sauropode, la famille qui inclut les diplodocus et les brachiosaures, a \u00e9t\u00e9&hellip;\n","protected":false},"author":2,"featured_media":224221,"comment_status":"","ping_status":"","sticky":false,"template":"","format":"standard","meta":{"footnotes":""},"categories":[7],"tags":[1011,27,958,43,40,41,39,42,44],"class_list":{"0":"post-224220","1":"post","2":"type-post","3":"status-publish","4":"format-standard","5":"has-post-thumbnail","7":"category-sciences-et-technologies","8":"tag-fr","9":"tag-france","10":"tag-paleontologie","11":"tag-science","12":"tag-science-and-technology","13":"tag-sciences","14":"tag-sciences-et-technologies","15":"tag-technologies","16":"tag-technology"},"share_on_mastodon":{"url":"https:\/\/pubeurope.com\/@fr\/114791783030351136","error":""},"_links":{"self":[{"href":"https:\/\/www.europesays.com\/fr\/wp-json\/wp\/v2\/posts\/224220","targetHints":{"allow":["GET"]}}],"collection":[{"href":"https:\/\/www.europesays.com\/fr\/wp-json\/wp\/v2\/posts"}],"about":[{"href":"https:\/\/www.europesays.com\/fr\/wp-json\/wp\/v2\/types\/post"}],"author":[{"embeddable":true,"href":"https:\/\/www.europesays.com\/fr\/wp-json\/wp\/v2\/users\/2"}],"replies":[{"embeddable":true,"href":"https:\/\/www.europesays.com\/fr\/wp-json\/wp\/v2\/comments?post=224220"}],"version-history":[{"count":0,"href":"https:\/\/www.europesays.com\/fr\/wp-json\/wp\/v2\/posts\/224220\/revisions"}],"wp:featuredmedia":[{"embeddable":true,"href":"https:\/\/www.europesays.com\/fr\/wp-json\/wp\/v2\/media\/224221"}],"wp:attachment":[{"href":"https:\/\/www.europesays.com\/fr\/wp-json\/wp\/v2\/media?parent=224220"}],"wp:term":[{"taxonomy":"category","embeddable":true,"href":"https:\/\/www.europesays.com\/fr\/wp-json\/wp\/v2\/categories?post=224220"},{"taxonomy":"post_tag","embeddable":true,"href":"https:\/\/www.europesays.com\/fr\/wp-json\/wp\/v2\/tags?post=224220"}],"curies":[{"name":"wp","href":"https:\/\/api.w.org\/{rel}","templated":true}]}}