{"id":224224,"date":"2025-07-03T23:00:10","date_gmt":"2025-07-03T23:00:10","guid":{"rendered":"https:\/\/www.europesays.com\/fr\/224224\/"},"modified":"2025-07-03T23:00:10","modified_gmt":"2025-07-03T23:00:10","slug":"la-grece-et-la-turquie-luttent-contre-le-feu-deux-morts-et-des-milliers-devacues","status":"publish","type":"post","link":"https:\/\/www.europesays.com\/fr\/224224\/","title":{"rendered":"La Gr\u00e8ce et la Turquie luttent contre le feu, deux morts et des milliers d\u2019\u00e9vacu\u00e9s"},"content":{"rendered":"<p>Alors que le bassin m\u00e9diterran\u00e9en se pr\u00e9pare \u00e0 une nouvelle vague de chaleur, la <a href=\"https:\/\/www.20minutes.fr\/dossier\/grece\" target=\"_blank\" class=\"color-ultramarine c-link\" rel=\"noopener\">Gr\u00e8ce<\/a> et la <a href=\"https:\/\/www.20minutes.fr\/monde\/turquie\/\" target=\"_blank\" class=\"color-ultramarine c-link\" rel=\"noopener\">Turquie<\/a> affrontent une s\u00e9rie d\u2019<a href=\"https:\/\/www.20minutes.fr\/dossier\/incendie\" target=\"_blank\" class=\"color-ultramarine c-link\" rel=\"noopener\">incendies<\/a> d\u2019une rare intensit\u00e9, nourris par des vents soufflant \u00e0 plus de 80 km\/h et une s\u00e9cheresse prolong\u00e9e. Des milliers de personnes ont d\u00fb fuir les flammes, tandis que la Turquie d\u00e9plore d\u00e9j\u00e0 deux morts.<\/p>\n<p>A Izmir, dans l\u2019ouest de la Turquie, les flammes ont co\u00fbt\u00e9 la vie \u00e0 un homme de 80 ans, retrouv\u00e9 sans vie dans sa maison endommag\u00e9e \u00e0 \u00d6demis. Un ouvrier forestier mobilis\u00e9 pour combattre l\u2019incendie est \u00e9galement d\u00e9c\u00e9d\u00e9, a annonc\u00e9 le ministre turc de l\u2019Agriculture et des For\u00eats Ibrahim Yumakli. \u00ab\u00a0Le principal probl\u00e8me est la vitesse du <a href=\"https:\/\/www.20minutes.fr\/dossier\/vent\" target=\"_blank\" class=\"color-ultramarine c-link\" rel=\"noopener\">vent<\/a> qui atteint jusqu\u2019\u00e0 85 km\/h, ce qui fait que le <a href=\"https:\/\/www.20minutes.fr\/dossier\/feu\" target=\"_blank\" class=\"color-ultramarine c-link\" rel=\"noopener\">feu<\/a> se propage tr\u00e8s rapidement\u00a0\u00bb, a expliqu\u00e9 le gouverneur d\u2019Izmir, S\u00fcleyman Elban, depuis la zone sinistr\u00e9e.<\/p>\n<p>La r\u00e9gion d\u2019Ath\u00e8nes en proie aux flammes<\/p>\n<p>En Gr\u00e8ce, les pompiers ont \u00e9t\u00e9 mobilis\u00e9s en urgence jeudi \u00e0 une trentaine de kilom\u00e8tres d\u2019Ath\u00e8nes, pr\u00e8s du port de Rafina, important pour les liaisons maritimes estivales. Un incendie s\u2019est d\u00e9clar\u00e9 dans l\u2019apr\u00e8s-midi. Au total, 170 pompiers, 48 v\u00e9hicules, 17 avions et 7 h\u00e9licopt\u00e8res ont \u00e9t\u00e9 d\u00e9ploy\u00e9s pour ma\u00eetriser le brasier. Quelque 300 personnes ont d\u00fb \u00eatre \u00e9vacu\u00e9es et 51 autres ont \u00e9t\u00e9 secourues, selon le porte-parole des pompiers, Vassilios Vathrakoyannis. Il a averti que \u00ab\u00a0les prochains jours s\u2019annoncent difficiles\u00a0\u00bb en raison d\u2019une hausse attendue des temp\u00e9ratures et du maintien des vents violents.<\/p>\n<\/p>\n<p>Les fum\u00e9es ont atteint les abords de l\u2019<a href=\"https:\/\/www.20minutes.fr\/dossier\/aeroport\" target=\"_blank\" class=\"color-ultramarine c-link\" rel=\"noopener\">a\u00e9roport<\/a> international d\u2019<a href=\"https:\/\/www.20minutes.fr\/monde\/athenes\/\" target=\"_blank\" class=\"color-ultramarine c-link\" rel=\"noopener\">Ath\u00e8nes<\/a>, sans provoquer de perturbation du trafic a\u00e9rien. \u00ab\u00a0La situation est tr\u00e8s difficile. Le front de feu est vaste et les vents changent de direction\u00a0\u00bb, avait alert\u00e9 plus t\u00f4t Dimitris Markou, maire de Spata-Artemis, cit\u00e9 par l\u2019agence ANA. Dans la soir\u00e9e, les autorit\u00e9s signalaient une am\u00e9lioration sur ce front, avec la r\u00e9ouverture de la route principale vers la capitale ainsi que celle du port de Rafina.<\/p>\n<p>La Cr\u00e8te \u00e9galement tr\u00e8s expos\u00e9e<\/p>\n<p>En Cr\u00e8te, une autre r\u00e9gion particuli\u00e8rement expos\u00e9e en raison de son relief aride et de la densit\u00e9 touristique estivale, le feu a forc\u00e9 l\u2019\u00e9vacuation d\u2019urgence de 5.000 personnes \u2013 dont 3.000 touristes et 2.000 habitants \u2013 entre mercredi soir et jeudi. \u00ab\u00a0La plupart des touristes ont \u00e9t\u00e9 transf\u00e9r\u00e9s dans le nord de l\u2019\u00eele\u00a0\u00bb, a pr\u00e9cis\u00e9 Yorgos Tzarakis, pr\u00e9sident de l\u2019Union des h\u00f4teliers locaux. A I\u00e9rapetra, ville de 23.000 habitants et haut lieu du tourisme et de l\u2019agriculture, 270 pompiers, 10 h\u00e9licopt\u00e8res et plusieurs drones luttent contre les flammes dans un terrain escarp\u00e9. Plusieurs serres et habitations ont \u00e9t\u00e9 endommag\u00e9es.<\/p>\n<p><a href=\"https:\/\/www.20minutes.fr\/dossier\/feu\" target=\"_blank\" class=\"c-link c-btn c-btn--primary\" rel=\"noopener\">Notre dossier sur les incendies<\/a><\/p>\n<p>Au total, 40 d\u00e9parts de feux de v\u00e9g\u00e9tation et de for\u00eats ont \u00e9t\u00e9 recens\u00e9s en 24 heures \u00e0 travers la Gr\u00e8ce. Le mois de juillet, traditionnellement le plus chaud de l\u2019ann\u00e9e, laisse craindre une intensification du ph\u00e9nom\u00e8ne. Le pays a jusqu\u2019\u00e0 pr\u00e9sent \u00e9t\u00e9 relativement \u00e9pargn\u00e9 par les vagues de chaleur qui affectent la France, l\u2019Espagne et le Portugal, mais les temp\u00e9ratures devraient grimper jusqu\u2019\u00e0 43\u00b0C d\u00e8s ce week-end, selon la cha\u00eene publique ERT.<\/p>\n","protected":false},"excerpt":{"rendered":"Alors que le bassin m\u00e9diterran\u00e9en se pr\u00e9pare \u00e0 une nouvelle vague de chaleur, la Gr\u00e8ce et la Turquie&hellip;\n","protected":false},"author":2,"featured_media":224225,"comment_status":"","ping_status":"","sticky":false,"template":"","format":"standard","meta":{"footnotes":""},"categories":[5],"tags":[47,11,16910,3983,5220,1011,27,8906,1310,14,74,12,1311,7342,3496,28],"class_list":{"0":"post-224224","1":"post","2":"type-post","3":"status-publish","4":"format-standard","5":"has-post-thumbnail","7":"category-international","8":"tag-actualite","9":"tag-actualites","10":"tag-athenes","11":"tag-deces","12":"tag-evacuation","13":"tag-fr","14":"tag-france","15":"tag-grece","16":"tag-incendie","17":"tag-international","18":"tag-monde","19":"tag-news","20":"tag-pompiers","21":"tag-secours","22":"tag-turquie","23":"tag-world"},"share_on_mastodon":{"url":"https:\/\/pubeurope.com\/@fr\/114791790902589101","error":""},"_links":{"self":[{"href":"https:\/\/www.europesays.com\/fr\/wp-json\/wp\/v2\/posts\/224224","targetHints":{"allow":["GET"]}}],"collection":[{"href":"https:\/\/www.europesays.com\/fr\/wp-json\/wp\/v2\/posts"}],"about":[{"href":"https:\/\/www.europesays.com\/fr\/wp-json\/wp\/v2\/types\/post"}],"author":[{"embeddable":true,"href":"https:\/\/www.europesays.com\/fr\/wp-json\/wp\/v2\/users\/2"}],"replies":[{"embeddable":true,"href":"https:\/\/www.europesays.com\/fr\/wp-json\/wp\/v2\/comments?post=224224"}],"version-history":[{"count":0,"href":"https:\/\/www.europesays.com\/fr\/wp-json\/wp\/v2\/posts\/224224\/revisions"}],"wp:featuredmedia":[{"embeddable":true,"href":"https:\/\/www.europesays.com\/fr\/wp-json\/wp\/v2\/media\/224225"}],"wp:attachment":[{"href":"https:\/\/www.europesays.com\/fr\/wp-json\/wp\/v2\/media?parent=224224"}],"wp:term":[{"taxonomy":"category","embeddable":true,"href":"https:\/\/www.europesays.com\/fr\/wp-json\/wp\/v2\/categories?post=224224"},{"taxonomy":"post_tag","embeddable":true,"href":"https:\/\/www.europesays.com\/fr\/wp-json\/wp\/v2\/tags?post=224224"}],"curies":[{"name":"wp","href":"https:\/\/api.w.org\/{rel}","templated":true}]}}