{"id":224228,"date":"2025-07-03T23:02:16","date_gmt":"2025-07-03T23:02:16","guid":{"rendered":"https:\/\/www.europesays.com\/fr\/224228\/"},"modified":"2025-07-03T23:02:16","modified_gmt":"2025-07-03T23:02:16","slug":"agressions-menaces-de-mort-quand-piscines-et-parcs-aquatiques-sont-contraints-de-fermer-a-cause-des-incivilites","status":"publish","type":"post","link":"https:\/\/www.europesays.com\/fr\/224228\/","title":{"rendered":"Agressions, menaces de mort\u2026 Quand piscines et parcs aquatiques sont contraints de fermer \u00e0 cause des incivilit\u00e9s"},"content":{"rendered":"<p><strong>R\u00c9CIT <\/strong>&#8211; Des violences d\u2019une ampleur in\u00e9dite prennent les municipalit\u00e9s de court, alors que les fortes chaleurs entra\u00eenent une surfr\u00e9quentation de ces sites de loisirs.<\/p>\n<p class=\"fig-paragraph\">C\u2019\u00e9tait cens\u00e9 devenir l\u2019attraction de l\u2019\u00e9t\u00e9 dans l\u2019agglom\u00e9ration du\u00a0<a href=\"http:\/\/www.lefigaro.fr\/sports\/autres-sports\/24-heures-du-mans-alpine-et-peugeot-les-maux-bleus-20250615\" data-fig-type=\"Article\" data-gtm-custom-categorie=\"navigation\" data-gtm-custom-action=\"crossclick\" data-gtm-custom-label=\"Contextuel\" data-gtm-event=\"customEventSPE\" data-fig-domain=\"LEFIGARO\" target=\"_blank\" rel=\"noopener\">Mans<\/a>\u00a0: le premier\u00a0<a href=\"http:\/\/www.lefigaro.fr\/societes\/futuroscope-l-aquascope-elu-meilleur-parc-aquatique-du-monde-20241120\" data-fig-type=\"NewsFlash\" data-gtm-custom-categorie=\"navigation\" data-gtm-custom-action=\"crossclick\" data-gtm-custom-label=\"Contextuel\" data-gtm-event=\"customEventSPE\" data-fig-domain=\"LEFIGARO\" target=\"_blank\" rel=\"noopener\">parc aquatique<\/a>\u00a0de la r\u00e9gion\u00a0! Las, quelques heures seulement apr\u00e8s l\u2019ouverture tant attendue, ce mardi, toboggans, pistes de glisse et jeux flottants ont d\u00fb \u00eatre d\u00e9mont\u00e9s. Face \u00e0 \u00ab\u00a0une invasion de jeunes des cit\u00e9s\u00a0\u00bb, qui s\u2019en sont pris violemment \u00e0 un agent de s\u00e9curit\u00e9, jusqu\u2019\u00e0 cr\u00e9er \u00ab\u00a0une \u00e9meute de 200 \u00e0 300\u00a0personnes, munies de barres de fer et de pierres\u00a0\u00bb, le g\u00e9rant de la structure n\u2019a \u00ab\u00a0pas eu d\u2019autre choix\u00a0\u00bb que de \u00ab\u00a0fermer, d\u00e9finitivement\u00a0\u00bb. Agressions, bagarres, refus de respecter le r\u00e8glement, menaces de mort\u2026 Alors que la France traverse un \u00e9pisode de\u00a0<a href=\"http:\/\/www.lefigaro.fr\/meteo\/meteo-du-vendredi-4-juillet-la-canicule-persiste-au-sud-est-20250703\" data-fig-type=\"NewsFlash\" data-gtm-custom-categorie=\"navigation\" data-gtm-custom-action=\"crossclick\" data-gtm-custom-label=\"Contextuel\" data-gtm-event=\"customEventSPE\" data-fig-domain=\"LEFIGARO\" target=\"_blank\" rel=\"noopener\">canicule historique<\/a>, les esprits s\u2019\u00e9chauffent jusque dans les piscines, parcs aquatiques et autres plans d\u2019eau. Une vague d\u2019incivilit\u00e9s d\u2019une ampleur in\u00e9dite, qui a entra\u00een\u00e9 la fermeture de plusieurs \u00e9tablissements.<\/p>\n<p class=\"fig-paragraph\">\u00ab\u00a0Je ne peux pas assurer la s\u00e9curit\u00e9 de mes salari\u00e9s\u00a0; mardi c\u2019\u00e9tait Bagdad\u00a0!\u00a0\u00bb, s\u2019effare Anthony\u2026<\/p>\n<p class=\"fig-premium-paywall__infos\">\n        Cet article est r\u00e9serv\u00e9 aux abonn\u00e9s.        Il vous reste 92% \u00e0 d\u00e9couvrir.\n    <\/p>\n<p>                <img  data- alt=\"Le Figaro\" class=\"fig-img--complete fig-img\"\/><\/p>\n<p class=\"fig-premium-paywall__title\">Vous avez envie de lire la suite ?<\/p>\n<p class=\"fig-premium-paywall__subtitle\">D\u00e9bloquez tous les articles imm\u00e9diatement.<\/p>\n<p class=\"fig-premium-paywall__connect\">\n                D\u00e9j\u00e0 abonn\u00e9\u00a0?                <a class=\"fig-premium-paywall__connect-link\" href=\"https:\/\/connect.lefigaro.fr\/login?client=horizon_web&amp;type=main&amp;redirect_uri=https%3A%2F%2Fwww.lefigaro.fr%2Factualite-france%2Fagressions-menaces-de-mort-quand-piscines-et-parcs-aquatiques-sont-contraints-de-fermer-a-cause-des-incivilites-20250703\" data-js-gtm=\"{&quot;customCategorie&quot;: &quot;conversion&quot;, &quot;customAction&quot;: &quot;before_Landing_Connexion_paywall_auto&quot;, &quot;customLabel&quot;: &quot;bGVmaWdhcm8uZnJfXzFmMDU3MjhkLTFmMTYtNmIyOC1iYjFiLWViZWZmNGM5NjVkNF9fQXJ0aWNsZQ==_Agressions, menaces de mort\u2026 Quand piscines et parcs aquatiques sont contraints de fermer \u00e0 cause des incivilit\u00e9s_101&quot;, &quot;customIDSPE&quot;: &quot;bGVmaWdhcm8uZnJfXzFmMDU3MjhkLTFmMTYtNmIyOC1iYjFiLWViZWZmNGM5NjVkNF9fQXJ0aWNsZQ==&quot;, &quot;event&quot;: &quot;customEventSPE&quot;}\" target=\"_blank\" rel=\"noopener\"><br \/>\n                    Connectez-vous<br \/>\n                <\/a>\n            <\/p>\n","protected":false},"excerpt":{"rendered":"R\u00c9CIT &#8211; Des violences d\u2019une ampleur in\u00e9dite prennent les municipalit\u00e9s de court, alors que les fortes chaleurs entra\u00eenent&hellip;\n","protected":false},"author":2,"featured_media":224229,"comment_status":"","ping_status":"","sticky":false,"template":"","format":"standard","meta":{"footnotes":""},"categories":[2],"tags":[11,1011,27,2902,12,18812,809],"class_list":{"0":"post-224228","1":"post","2":"type-post","3":"status-publish","4":"format-standard","5":"has-post-thumbnail","7":"category-actualites","8":"tag-actualites","9":"tag-fr","10":"tag-france","11":"tag-incivilites","12":"tag-news","13":"tag-piscines","14":"tag-violence"},"share_on_mastodon":{"url":"https:\/\/pubeurope.com\/@fr\/114791798752211916","error":""},"_links":{"self":[{"href":"https:\/\/www.europesays.com\/fr\/wp-json\/wp\/v2\/posts\/224228","targetHints":{"allow":["GET"]}}],"collection":[{"href":"https:\/\/www.europesays.com\/fr\/wp-json\/wp\/v2\/posts"}],"about":[{"href":"https:\/\/www.europesays.com\/fr\/wp-json\/wp\/v2\/types\/post"}],"author":[{"embeddable":true,"href":"https:\/\/www.europesays.com\/fr\/wp-json\/wp\/v2\/users\/2"}],"replies":[{"embeddable":true,"href":"https:\/\/www.europesays.com\/fr\/wp-json\/wp\/v2\/comments?post=224228"}],"version-history":[{"count":0,"href":"https:\/\/www.europesays.com\/fr\/wp-json\/wp\/v2\/posts\/224228\/revisions"}],"wp:featuredmedia":[{"embeddable":true,"href":"https:\/\/www.europesays.com\/fr\/wp-json\/wp\/v2\/media\/224229"}],"wp:attachment":[{"href":"https:\/\/www.europesays.com\/fr\/wp-json\/wp\/v2\/media?parent=224228"}],"wp:term":[{"taxonomy":"category","embeddable":true,"href":"https:\/\/www.europesays.com\/fr\/wp-json\/wp\/v2\/categories?post=224228"},{"taxonomy":"post_tag","embeddable":true,"href":"https:\/\/www.europesays.com\/fr\/wp-json\/wp\/v2\/tags?post=224228"}],"curies":[{"name":"wp","href":"https:\/\/api.w.org\/{rel}","templated":true}]}}