{"id":224234,"date":"2025-07-03T23:06:25","date_gmt":"2025-07-03T23:06:25","guid":{"rendered":"https:\/\/www.europesays.com\/fr\/224234\/"},"modified":"2025-07-03T23:06:25","modified_gmt":"2025-07-03T23:06:25","slug":"nancyphonies-trio-classico-terzetto-italiano","status":"publish","type":"post","link":"https:\/\/www.europesays.com\/fr\/224234\/","title":{"rendered":"Nancyphonies Trio Classico Terzetto Italiano"},"content":{"rendered":"<p>Cr\u00e9\u00e9 en 2005, le Classico Terzetto Italiano se compose d\u2019Ubaldo Rosso \u00e0 la fl\u00fbte, Carlo de Martini au violon et Leopoldo Saracino \u00e0 la guitare. Les artistes proposeront un programme classique riche et vari\u00e9. Ils interpr\u00e9teront le Trio op.19\u00a0n\u00b0 3 en sol majeur de Molino, le Triop op.9\u00a0n\u00b0 1 en la majeur  de Carulli et le Notturno op.21  de Matiegka.<\/p>\n<p class=\"note\">Samedi 5\u00a0juillet, \u00e0 18\u00a0h, salle Michel-Dinet, Ferme du domaine du Charmois, all\u00e9e Jean-Legras, \u00e0 Vand\u0153uvre-l\u00e8s-Nancy. Entr\u00e9e libre.<\/p>\n","protected":false},"excerpt":{"rendered":"Cr\u00e9\u00e9 en 2005, le Classico Terzetto Italiano se compose d\u2019Ubaldo Rosso \u00e0 la fl\u00fbte, Carlo de Martini au&hellip;\n","protected":false},"author":2,"featured_media":224235,"comment_status":"","ping_status":"","sticky":false,"template":"","format":"standard","meta":{"footnotes":""},"categories":[9635],"tags":[1111,11,1687,1704,1777,674,1011,27,775,6364,873,1702,12,25,5711],"class_list":{"0":"post-224234","1":"post","2":"type-post","3":"status-publish","4":"format-standard","5":"has-post-thumbnail","7":"category-nancy","8":"tag-actu","9":"tag-actualites","10":"tag-culture-loisirs","11":"tag-edition-nancy-et-agglomeration","12":"tag-eu","13":"tag-europe","14":"tag-fr","15":"tag-france","16":"tag-grand-est","17":"tag-metropole-du-grand-nancy-54b1","18":"tag-musique","19":"tag-nancy","20":"tag-news","21":"tag-republique-francaise","22":"tag-vandoeuvre-les-nancy"},"share_on_mastodon":{"url":"https:\/\/pubeurope.com\/@fr\/114791814432304256","error":""},"_links":{"self":[{"href":"https:\/\/www.europesays.com\/fr\/wp-json\/wp\/v2\/posts\/224234","targetHints":{"allow":["GET"]}}],"collection":[{"href":"https:\/\/www.europesays.com\/fr\/wp-json\/wp\/v2\/posts"}],"about":[{"href":"https:\/\/www.europesays.com\/fr\/wp-json\/wp\/v2\/types\/post"}],"author":[{"embeddable":true,"href":"https:\/\/www.europesays.com\/fr\/wp-json\/wp\/v2\/users\/2"}],"replies":[{"embeddable":true,"href":"https:\/\/www.europesays.com\/fr\/wp-json\/wp\/v2\/comments?post=224234"}],"version-history":[{"count":0,"href":"https:\/\/www.europesays.com\/fr\/wp-json\/wp\/v2\/posts\/224234\/revisions"}],"wp:featuredmedia":[{"embeddable":true,"href":"https:\/\/www.europesays.com\/fr\/wp-json\/wp\/v2\/media\/224235"}],"wp:attachment":[{"href":"https:\/\/www.europesays.com\/fr\/wp-json\/wp\/v2\/media?parent=224234"}],"wp:term":[{"taxonomy":"category","embeddable":true,"href":"https:\/\/www.europesays.com\/fr\/wp-json\/wp\/v2\/categories?post=224234"},{"taxonomy":"post_tag","embeddable":true,"href":"https:\/\/www.europesays.com\/fr\/wp-json\/wp\/v2\/tags?post=224234"}],"curies":[{"name":"wp","href":"https:\/\/api.w.org\/{rel}","templated":true}]}}