{"id":224240,"date":"2025-07-03T23:09:09","date_gmt":"2025-07-03T23:09:09","guid":{"rendered":"https:\/\/www.europesays.com\/fr\/224240\/"},"modified":"2025-07-03T23:09:09","modified_gmt":"2025-07-03T23:09:09","slug":"previsions-du-vendredi-4-juillet-2025","status":"publish","type":"post","link":"https:\/\/www.europesays.com\/fr\/224240\/","title":{"rendered":"pr\u00e9visions du vendredi 4 juillet 2025"},"content":{"rendered":"<p>Un superbe soleil va briller sur Montpellier et ce, tout au long de la journ\u00e9e. La chaleur estivale sera bien l\u00e0 puisque les valeurs seront quand m\u00eame de 24\u00b0C au plus bas et de 34\u00b0C au plus haut. La matin\u00e9e va \u00eatre tr\u00e8s chaude : pr\u00e8s de 33\u00b0C. Un vent de nord-est rafra\u00eechira quelque peu l&rsquo;atmosph\u00e8re. L&rsquo;\u00e9t\u00e9 s&rsquo;installe ! Les temp\u00e9ratures vont grimper pendant l&rsquo;apr\u00e8s-midi de quelques degr\u00e9s. Les valeurs \u00e9volueront entre 31 et 34\u2009\u00b0C. La ville aura quelques \u00e9claircies le soir. La ville va conna\u00eetre un passage de grosses chaleurs avec des valeurs qui atteindront parfois les 31\u00b0C. C&rsquo;est un ciel clair que conna\u00eetra la nuit de vendredi \u00e0 samedi.<\/p>\n<p>Un bel ensoleillement est pr\u00e9vu demain \u00e0 Montpellier. Attention \u00e0 la vague de chaud. Des temp\u00e9ratures de 24 \u00e0 33\u00b0C sont pr\u00e9vues. Ce sera un bel \u00e9t\u00e9 : les valeurs s&rsquo;\u00e9chelonneront entre 24 et 33\u00b0C. La p\u00e9riode de fortes chaleurs est bien l\u00e0, avec des temp\u00e9ratures qui risqueront d&rsquo;aller \u00e0 32\u00b0C le matin. Un modeste vent de sud sera ressenti par les habitants. Les importantes chaleurs sont install\u00e9es. Avec des valeurs \u00e9chelonn\u00e9es entre 32 et 33\u00b0C. La ville va souffrir des grosses chaleurs avec des temp\u00e9ratures qui devraient monter jusqu&rsquo;\u00e0 32\u00b0C demain soir. Un vent d&rsquo;ouest soufflera \u00e0 27 km\/h.<\/p>\n<p>Les jours s&rsquo;encha\u00eenent et se ressemblent. Il fera 30\u00b0C en moyenne pour des journ\u00e9es avec une m\u00e9t\u00e9o ensoleill\u00e9e.<\/p>\n<p>En p\u00e9riode de forte chaleur, il est important de se rafra\u00eechir par n&rsquo;importe quel moyen. Hydratez-vous correctement, prenez des douches r\u00e9guli\u00e8rement, uilisez un brumisateur et tenez vos volets ferm\u00e9s pendant la journ\u00e9e.<\/p>\n","protected":false},"excerpt":{"rendered":"Un superbe soleil va briller sur Montpellier et ce, tout au long de la journ\u00e9e. La chaleur estivale&hellip;\n","protected":false},"author":2,"featured_media":224241,"comment_status":"","ping_status":"","sticky":false,"template":"","format":"standard","meta":{"footnotes":""},"categories":[9599],"tags":[1111,11,1777,674,1011,27,7089,2681,2208,12,2680,2119,25],"class_list":{"0":"post-224240","1":"post","2":"type-post","3":"status-publish","4":"format-standard","5":"has-post-thumbnail","7":"category-montpellier","8":"tag-actu","9":"tag-actualites","10":"tag-eu","11":"tag-europe","12":"tag-fr","13":"tag-france","14":"tag-herault","15":"tag-languedoc-roussillon","16":"tag-montpellier","17":"tag-news","18":"tag-occitanie","19":"tag-previsions-meteo","20":"tag-republique-francaise"},"share_on_mastodon":{"url":"https:\/\/pubeurope.com\/@fr\/114791826315724632","error":""},"_links":{"self":[{"href":"https:\/\/www.europesays.com\/fr\/wp-json\/wp\/v2\/posts\/224240","targetHints":{"allow":["GET"]}}],"collection":[{"href":"https:\/\/www.europesays.com\/fr\/wp-json\/wp\/v2\/posts"}],"about":[{"href":"https:\/\/www.europesays.com\/fr\/wp-json\/wp\/v2\/types\/post"}],"author":[{"embeddable":true,"href":"https:\/\/www.europesays.com\/fr\/wp-json\/wp\/v2\/users\/2"}],"replies":[{"embeddable":true,"href":"https:\/\/www.europesays.com\/fr\/wp-json\/wp\/v2\/comments?post=224240"}],"version-history":[{"count":0,"href":"https:\/\/www.europesays.com\/fr\/wp-json\/wp\/v2\/posts\/224240\/revisions"}],"wp:featuredmedia":[{"embeddable":true,"href":"https:\/\/www.europesays.com\/fr\/wp-json\/wp\/v2\/media\/224241"}],"wp:attachment":[{"href":"https:\/\/www.europesays.com\/fr\/wp-json\/wp\/v2\/media?parent=224240"}],"wp:term":[{"taxonomy":"category","embeddable":true,"href":"https:\/\/www.europesays.com\/fr\/wp-json\/wp\/v2\/categories?post=224240"},{"taxonomy":"post_tag","embeddable":true,"href":"https:\/\/www.europesays.com\/fr\/wp-json\/wp\/v2\/tags?post=224240"}],"curies":[{"name":"wp","href":"https:\/\/api.w.org\/{rel}","templated":true}]}}