{"id":224242,"date":"2025-07-03T23:10:10","date_gmt":"2025-07-03T23:10:10","guid":{"rendered":"https:\/\/www.europesays.com\/fr\/224242\/"},"modified":"2025-07-03T23:10:10","modified_gmt":"2025-07-03T23:10:10","slug":"nordine-maktoubi-une-voix-pour-les-quartiers-populaires-au-sein-des-ecologistes","status":"publish","type":"post","link":"https:\/\/www.europesays.com\/fr\/224242\/","title":{"rendered":"Nordine Maktoubi, une voix pour les quartiers populaires au sein des \u00c9cologistes"},"content":{"rendered":"<p>            Par<br \/>\n        <strong><br \/>\n            <a href=\"https:\/\/actu.fr\/auteur\/c-nithard\" title=\"Consulter tous les articles de C\u00e9dric Nithard\" rel=\"nofollow noopener\" target=\"_blank\">C\u00e9dric Nithard<\/a><br \/>\n        <\/strong><\/p>\n<p>        Publi\u00e9 le<\/p>\n<p>            3 juil. 2025 \u00e0 18h11        <\/p>\n<p>\u00c0 <strong>Montpellier<\/strong>, <strong>les \u00c9cologistes<\/strong> ont donc choisi de partir aux municipales en se positionnant contre Micha\u00ebl Delafosse. \u00c0 la t\u00eate d\u2019une liste de douze noms dans la perspective des discussions avec les autres partenaires de gauche, <strong>Jean-Louis Roum\u00e9gas<\/strong> peut compter sur le soutien de <strong>Nordine Maktoubi<\/strong>, une des voix des quartiers populaires.<\/p>\n<p>L\u2019\u00e9cologie au centre des quartiers populaires<\/p>\n<p class=\" wall-content\">Que ce soit avant ou apr\u00e8s l\u2019assembl\u00e9e g\u00e9n\u00e9rale des \u00c9cologistes lundi dernier, Nordine Maktoubi a fait preuve de discr\u00e9tion. Membre du conseil f\u00e9d\u00e9ral national et repr\u00e9sentant depuis 2020 de la motion \u00c9cologie, Sociale et Populaire (ESP), il est l\u2019un des porte-paroles des personnes issues des quartiers populaires, \u00ab\u00a0qui y vivent encore ou pas\u00a0\u00bb, avec, lui, la volont\u00e9 de \u00ab\u00a0mettre l\u2019\u00e9cologie au centre des d\u00e9bats dans ces quartiers car ce sont souvent eux les plus concern\u00e9s par ces probl\u00e9matiques : les habitations sont des bouilloires thermiques, les capacit\u00e9s de tri s\u00e9lectif sont ridicules voire inexistantes, la mauvaise alimentation due \u00e0 la pr\u00e9carit\u00e9 qui conduit vers des aliments bas de gamme avec des risques d\u2019ob\u00e9sit\u00e9 et de maladies\u2026\u00a0\u00bb.<\/p>\n<p class=\" wall-content\">Et s\u2019il regrette que \u00ab\u00a0pendant longtemps on a eu une \u00e9cologie un peu \u00e9litiste o\u00f9 il fallait \u00eatre v\u00e9gan, rouler en v\u00e9hicule \u00e9lectrique\u2026 une \u00e9cologie qui exclut tout un pan de la soci\u00e9t\u00e9\u00a0\u00bb , son combat consiste \u00e0 \u00ab\u00a0associer cette crainte de fin de mois \u00e0 cette crainte de fin du monde. Il n\u2019y a pas de justice climatique sans justice sociale et inversement\u00a0\u00bb. Des questions dont il observe \u00e0 travers les diff\u00e9rentes actions qu\u2019il m\u00e8ne qui \u00ab\u00a0int\u00e9ressent beaucoup plus de personnes que ce que l\u2019on pourrait croire\u00a0\u00bb et de pointer \u00e9galement leur int\u00e9r\u00eat pour la s\u00e9curit\u00e9, \u00ab\u00a0trop longtemps laiss\u00e9e comme \u00e9tendard de la droite\u00a0\u00bb, en pr\u00e9venant : \u00ab\u00a0Tous les sujets sont importants et l\u2019\u00e9cologie peut tous les rejoindre. L\u2019id\u00e9e est que chaque projet passe par le tamis de l\u2019\u00e9cologie et du social\u00a0\u00bb.<\/p>\n<p>Derri\u00e8re Jean-Louis Roum\u00e9gas<\/p>\n<p class=\" wall-content\">Une discr\u00e9tion voulue dans un moment d\u00e9j\u00e0 confus au sein des \u00e9cologistes montpelli\u00e9rains dont il ressort soulag\u00e9. \u00ab\u00a0L\u2019AG a permis d\u2019assainir la situation au sein des Verts pour travailler sereinement et apporter une voix diff\u00e9rente \u00e0 gauche de ce qui peut exister actuellement\u00a0\u00bb estime Nordine Maktoubi. Le rejet de la motion port\u00e9e par les \u00e9lus de la majorit\u00e9 municipale, excluant de fait toute alliance avec Micha\u00ebl Delafosse, va permettre selon lui \u00ab\u00a0d\u2019oeuvrer \u00e0 un nouveau projet pour Montpellier\u00a0\u00bb. S\u2019il dit se retrouver sur \u00ab\u00a0une majorit\u00e9 d\u2019\u00e9l\u00e9ments\u00a0\u00bb avec Jean-Louis Roum\u00e9gas et Julia Mignacca, Nordine Maktoubi se positionne sans r\u00e9serve derri\u00e8re le d\u00e9put\u00e9 mais se montre dubitatif, sans fermer aucune porte, quant \u00e0 se ranger derri\u00e8re LFI dont il estime qu\u2019une partie de l\u2019\u00e9lectorat de gauche y est trop hostile pour pouvoir l\u2019emporter, sans oublier certains sujets, comme le CSR port\u00e9 par Ren\u00e9 Revol pour la M\u00e9tropole, dont il attend des clarifications.<\/p>\n<p>Vid\u00e9os : en ce moment sur Actu<\/p>\n<p class=\" wall-content\">Heureux d\u2019avoir l\u2019attention et la confiance de Jean-Louis Roum\u00e9gas, le soutien de Nordine Maktoubi ne sera pas de trop. Avec toutefois un enjeu auquel n\u2019\u00e9chappe pas les \u00c9cologistes : \u00ab\u00a0Il faut r\u00e9concilier les quartiers avec les partis politiques qui les ont souvent \u00ab\u00a0cocufi\u00e9s\u00a0\u00bb\u00a0\u00bb. Alors justement, comment \u00eatre s\u00fbr de ne pas servir une nouvelle fois de caution ? \u00ab\u00a0Il faut mettre des personnes qui \u00e9manent de ces quartiers au centre du jeu et pas qu\u2019ils soient seulement l\u00e0 en tant que colleurs d\u2019affiche ou distributeurs de tract. Il faut avoir une liste cosmopolite car on peut tous s\u2019apporter les uns les autres\u00a0\u00bb pr\u00f4ne-t-il.<\/p>\n<p>\u00ab\u00a0Nous ne voulons pas jouer la carte du second tour\u00a0\u00bb<\/p>\n<p class=\" wall-content\">Et justement, son courant \u00c9cologie, Sociale et Populaire compte trois noms sur douze dans la liste des \u00e9cologistes. Un v\u00e9ritable gage le mettant au m\u00eame niveau que celui de Julia Mignacca tandis que la motion adverse en a obtenu quatre. Les deux derniers noms \u00e9tant ceux de Jean-Louis Roum\u00e9gas et Coralie Mantion. \u00ab\u00a0Pour nous c\u2019est repr\u00e9sentatif. On nous a consid\u00e9r\u00e9s dans le projet et cela montre qu\u2019on y a toute notre place\u00a0\u00bb salue Nordine Maktoubi. Un projet sur lequel il se montre tr\u00e8s clair : \u00ab\u00a0On y croit s\u00e9rieusement. Nous ne voulons pas jouer la carte du second tour, l\u2019id\u00e9e est de proposer un projet pour les Montpelli\u00e9rains et faire en sorte qu\u2019une majorit\u00e9 de la gauche puisse se ranger derri\u00e8re la liste des \u00c9cologistes conduite par Jean-Louis Roum\u00e9gas\u00a0\u00bb.<\/p>\n<p class=\" wall-content\">Cela tombe bien car le temps des discussions s\u2019ouvre avec les autres partenaires de gauche, en visant les partis satellites (APRES, Parti de Gauche, G\u00e9n\u00e9ration.s, Place Publique\u2026) ou les associations militantes. Des discussions dont Nordine Maktoubi attend que \u00ab\u00a0l\u2019on mette le projet au centre du sujet\u00a0\u00bb, non sans pr\u00e9venir : \u00ab\u00a0Je ne ferai pas cette id\u00e9ologie de ne pas mettre les personnes au centre du sujet car la politique c\u2019est aussi une question de personnes. Il faut des projets mais il faut aussi des personnes pour les porter jusqu\u2019au bout. Nous devons identifier les personnes pour cr\u00e9er une liste o\u00f9 la population montpelli\u00e9raine s\u2019y retrouve \u00e0 tous les niveaux et que ce soit un projet fait par les Montpelli\u00e9rains pour les Montpelli\u00e9rains de toutes classes sociales. Nous ne pouvons plus continuer d\u2019isoler le centre des quartiers et les quartiers du centre. Chacun doit prendre part \u00e0 la soci\u00e9t\u00e9\u00a0\u00bb. Presque une m\u00e9taphore de la gauche\u2026<\/p>\n<p class=\" wall-content\">Suivez toute l\u2019actualit\u00e9 de vos villes et m\u00e9dias favoris en vous inscrivant \u00e0 <a href=\"https:\/\/moncompte.actu.fr\" title=\"D\u00e9couvez Mon Actu\" rel=\"nofollow noopener\" data-trk=\"{&quot;cta&quot;:{&quot;action&quot;:&quot;https:\\\/\\\/moncompte.actu.fr&quot;,&quot;category&quot;:&quot;mon compte&quot;,&quot;from&quot;:&quot;article footer&quot;,&quot;name&quot;:&quot;Mon actu&quot;,&quot;type&quot;:&quot;cta&quot;}}\" target=\"_blank\">Mon Actu<\/a>.<\/p>\n","protected":false},"excerpt":{"rendered":"Par C\u00e9dric Nithard Publi\u00e9 le 3 juil. 2025 \u00e0 18h11 \u00c0 Montpellier, les \u00c9cologistes ont donc choisi de&hellip;\n","protected":false},"author":2,"featured_media":224243,"comment_status":"","ping_status":"","sticky":false,"template":"","format":"standard","meta":{"footnotes":""},"categories":[9599],"tags":[1111,11,4188,1777,674,1011,27,2208,12,2680,316,25],"class_list":{"0":"post-224242","1":"post","2":"type-post","3":"status-publish","4":"format-standard","5":"has-post-thumbnail","7":"category-montpellier","8":"tag-actu","9":"tag-actualites","10":"tag-elections-municipales","11":"tag-eu","12":"tag-europe","13":"tag-fr","14":"tag-france","15":"tag-montpellier","16":"tag-news","17":"tag-occitanie","18":"tag-politique","19":"tag-republique-francaise"},"share_on_mastodon":{"url":"https:\/\/pubeurope.com\/@fr\/114791830219040493","error":""},"_links":{"self":[{"href":"https:\/\/www.europesays.com\/fr\/wp-json\/wp\/v2\/posts\/224242","targetHints":{"allow":["GET"]}}],"collection":[{"href":"https:\/\/www.europesays.com\/fr\/wp-json\/wp\/v2\/posts"}],"about":[{"href":"https:\/\/www.europesays.com\/fr\/wp-json\/wp\/v2\/types\/post"}],"author":[{"embeddable":true,"href":"https:\/\/www.europesays.com\/fr\/wp-json\/wp\/v2\/users\/2"}],"replies":[{"embeddable":true,"href":"https:\/\/www.europesays.com\/fr\/wp-json\/wp\/v2\/comments?post=224242"}],"version-history":[{"count":0,"href":"https:\/\/www.europesays.com\/fr\/wp-json\/wp\/v2\/posts\/224242\/revisions"}],"wp:featuredmedia":[{"embeddable":true,"href":"https:\/\/www.europesays.com\/fr\/wp-json\/wp\/v2\/media\/224243"}],"wp:attachment":[{"href":"https:\/\/www.europesays.com\/fr\/wp-json\/wp\/v2\/media?parent=224242"}],"wp:term":[{"taxonomy":"category","embeddable":true,"href":"https:\/\/www.europesays.com\/fr\/wp-json\/wp\/v2\/categories?post=224242"},{"taxonomy":"post_tag","embeddable":true,"href":"https:\/\/www.europesays.com\/fr\/wp-json\/wp\/v2\/tags?post=224242"}],"curies":[{"name":"wp","href":"https:\/\/api.w.org\/{rel}","templated":true}]}}