{"id":224247,"date":"2025-07-03T23:16:11","date_gmt":"2025-07-03T23:16:11","guid":{"rendered":"https:\/\/www.europesays.com\/fr\/224247\/"},"modified":"2025-07-03T23:16:11","modified_gmt":"2025-07-03T23:16:11","slug":"apres-avoir-bu-de-la-vodka-il-fait-un-croche-pied-a-un-policier","status":"publish","type":"post","link":"https:\/\/www.europesays.com\/fr\/224247\/","title":{"rendered":"apr\u00e8s avoir bu de la vodka, il fait un croche-pied \u00e0 un policier"},"content":{"rendered":"<p>            Par<br \/>\n        <strong><br \/>\n            <a href=\"https:\/\/actu.fr\/auteur\/thomassavalle-2\" title=\"Consulter tous les articles de Thomas Savalle\" target=\"_blank\" rel=\"noopener\">Thomas Savalle<\/a><br \/>\n        <\/strong><\/p>\n<p>        Publi\u00e9 le<\/p>\n<p>            3 juil. 2025 \u00e0 18h38        <\/p>\n<p>C\u2019est la m\u00eame histoire qui se r\u00e9p\u00e8te. Sorti de prison depuis six semaines, il se retrouve encore devant le tribunal de <a href=\"https:\/\/actu.fr\/bretagne\/saint-malo_35288\" target=\"_blank\" rel=\"noopener\">Saint-Malo<\/a> (Ille-et-Vilaine) mercredi 2 juillet 2025. Jug\u00e9 en comparution imm\u00e9diate pour des violences sur sa concubine et sur des policiers, cet homme de 52 ans a d\u00e9j\u00e0 \u00e9t\u00e9 condamn\u00e9 trois fois pour des faits similaires.<\/p>\n<p class=\" wall-content\">Cette fois, dimanche 29\u00a0juin 2025, vers 4h30, il a vrill\u00e9 apr\u00e8s avoir bu une bouteille de vodka, du gin et de la bi\u00e8re. Des joints s\u2019ajoutent \u00e0 cette consommation excessive d\u2019alcool.<\/p>\n<p class=\" wall-content\">\u00ab Il a commenc\u00e9 \u00e0 p\u00e9ter un plomb. Il m\u2019a saisi au niveau de la gorge pour me pousser \u00bb, a racont\u00e9 sa conjointe lors de sa d\u00e9position. Pour se calmer, le pr\u00e9venu a d\u00e9cid\u00e9 de se rendre au stade communal.<\/p>\n<p>\u00ab\u00a0Venez me chercher les cond\u00e9s\u00a0\u00bb<\/p>\n<p class=\" wall-content\">H\u00e9las, la pelouse du terrain de foot n\u2019a pas eu d\u2019effet tranquillisant. Surtout lorsqu\u2019il a vu les forces de l\u2019ordre d\u00e9barquer. Les policiers ont entendu un homme hurler \u00ab Venez me chercher les cond\u00e9s \u00bb et ont re\u00e7u une pluie d\u2019insultes.<\/p>\n<p class=\" wall-content\">Le pr\u00e9venu a ensuite fait un croche-pied \u00e0 un des fonctionnaires qui a chut\u00e9. \u00ab Il a ensuite voulu lui porter des coups de t\u00eate \u00bb, raconte la pr\u00e9sidente du tribunal. Le policier a \u00e9t\u00e9 contraint d\u2019utiliser du gaz lacrymog\u00e8ne pour se d\u00e9fendre. Une fois embarqu\u00e9 (difficilement dans le v\u00e9hicule) il a crach\u00e9 sur les gardiens de la paix.<\/p>\n<p>\u00ab\u00a0Il ne se remet pas en question\u00a0\u00bb\u00a0<\/p>\n<p class=\" wall-content\">\u00ab Vous vous en souvenez ? \u00bb, lui demande la pr\u00e9sidente. \u00ab Vaguement. J\u2019avais trop bu. \u00bb Puis cela lui revient d\u2019avoir pouss\u00e9 sa conjointe mais peine \u00e0 se rem\u00e9morer de l\u2019ensemble de la soir\u00e9e. Sa conjointe n\u2019a pas d\u00e9pos\u00e9 plainte, mais envisage la s\u00e9paration.<\/p>\n<p class=\" wall-content\">\u00ab Il ne se remet pas en question et n\u2019a pas \u00e9volu\u00e9 dans sa fa\u00e7on de voir les choses. il n\u2019est pas capable de se contr\u00f4ler. Il ne va pas falloir attendre la sc\u00e8ne de trop. Je suis extr\u00eamement inqui\u00e8te. \u00bb La procureure de la R\u00e9publique requiert une peine de 24\u00a0mois de prison dont dix avec un sursis probatoire.<\/p>\n<p class=\" wall-content\"><a href=\"https:\/\/actu.fr\/tag\/tribunal-de-saint-malo\" target=\"_blank\" rel=\"noopener\">Le tribunal<\/a> le condamne \u00e0 6 mois de prison ferme, avec maintien en d\u00e9tention, et \u00e0 six mois de sursis probatoire pendant deux ans. Il a l\u2019obligation de se soigner pour l\u2019alcool et le cannabis. Il doit aussi indemniser les quatre fonctionnaires de police.<\/p>\n<p class=\" wall-content\">Suivez toute l\u2019actualit\u00e9 de vos villes et m\u00e9dias favoris en vous inscrivant \u00e0 <a href=\"https:\/\/moncompte.actu.fr\" title=\"D\u00e9couvez Mon Actu\" rel=\"nofollow noopener\" data-trk=\"{&quot;cta&quot;:{&quot;action&quot;:&quot;https:\\\/\\\/moncompte.actu.fr&quot;,&quot;category&quot;:&quot;mon compte&quot;,&quot;from&quot;:&quot;article footer&quot;,&quot;name&quot;:&quot;Mon actu&quot;,&quot;type&quot;:&quot;cta&quot;}}\" target=\"_blank\">Mon Actu<\/a>.<\/p>\n<ul class=\"ac-article-tag wall-content\">\n<li><a href=\"https:\/\/actu.fr\/tag\/police\" data-trk=\"{&quot;cta&quot;:{&quot;action&quot;:&quot;Police&quot;,&quot;category&quot;:&quot;tag&quot;,&quot;from&quot;:&quot;article footer&quot;,&quot;name&quot;:&quot;Police&quot;,&quot;type&quot;:&quot;cta&quot;}}\" target=\"_blank\" rel=\"noopener\">#Police<\/a><\/li>\n<li><a href=\"https:\/\/actu.fr\/tag\/tribunal-de-saint-malo\" data-trk=\"{&quot;cta&quot;:{&quot;action&quot;:&quot;Tribunal de Saint-Malo&quot;,&quot;category&quot;:&quot;tag&quot;,&quot;from&quot;:&quot;article footer&quot;,&quot;name&quot;:&quot;Tribunal de Saint-Malo&quot;,&quot;type&quot;:&quot;cta&quot;}}\" target=\"_blank\" rel=\"noopener\">#Tribunal de Saint-Malo<\/a><\/li>\n<\/ul>\n","protected":false},"excerpt":{"rendered":"Par Thomas Savalle Publi\u00e9 le 3 juil. 2025 \u00e0 18h38 C\u2019est la m\u00eame histoire qui se r\u00e9p\u00e8te. Sorti&hellip;\n","protected":false},"author":2,"featured_media":224248,"comment_status":"","ping_status":"","sticky":false,"template":"","format":"standard","meta":{"footnotes":""},"categories":[2821],"tags":[1111,11,829,1777,674,118,1011,27,12,1072,584,25,7090],"class_list":{"0":"post-224247","1":"post","2":"type-post","3":"status-publish","4":"format-standard","5":"has-post-thumbnail","7":"category-rennes","8":"tag-actu","9":"tag-actualites","10":"tag-bretagne","11":"tag-eu","12":"tag-europe","13":"tag-faits-divers","14":"tag-fr","15":"tag-france","16":"tag-news","17":"tag-police","18":"tag-rennes","19":"tag-republique-francaise","20":"tag-tribunal-de-saint-malo"},"share_on_mastodon":{"url":"https:\/\/pubeurope.com\/@fr\/114791853779107255","error":""},"_links":{"self":[{"href":"https:\/\/www.europesays.com\/fr\/wp-json\/wp\/v2\/posts\/224247","targetHints":{"allow":["GET"]}}],"collection":[{"href":"https:\/\/www.europesays.com\/fr\/wp-json\/wp\/v2\/posts"}],"about":[{"href":"https:\/\/www.europesays.com\/fr\/wp-json\/wp\/v2\/types\/post"}],"author":[{"embeddable":true,"href":"https:\/\/www.europesays.com\/fr\/wp-json\/wp\/v2\/users\/2"}],"replies":[{"embeddable":true,"href":"https:\/\/www.europesays.com\/fr\/wp-json\/wp\/v2\/comments?post=224247"}],"version-history":[{"count":0,"href":"https:\/\/www.europesays.com\/fr\/wp-json\/wp\/v2\/posts\/224247\/revisions"}],"wp:featuredmedia":[{"embeddable":true,"href":"https:\/\/www.europesays.com\/fr\/wp-json\/wp\/v2\/media\/224248"}],"wp:attachment":[{"href":"https:\/\/www.europesays.com\/fr\/wp-json\/wp\/v2\/media?parent=224247"}],"wp:term":[{"taxonomy":"category","embeddable":true,"href":"https:\/\/www.europesays.com\/fr\/wp-json\/wp\/v2\/categories?post=224247"},{"taxonomy":"post_tag","embeddable":true,"href":"https:\/\/www.europesays.com\/fr\/wp-json\/wp\/v2\/tags?post=224247"}],"curies":[{"name":"wp","href":"https:\/\/api.w.org\/{rel}","templated":true}]}}