{"id":224249,"date":"2025-07-03T23:17:10","date_gmt":"2025-07-03T23:17:10","guid":{"rendered":"https:\/\/www.europesays.com\/fr\/224249\/"},"modified":"2025-07-03T23:17:10","modified_gmt":"2025-07-03T23:17:10","slug":"previsions-du-vendredi-4-juillet-2025-2","status":"publish","type":"post","link":"https:\/\/www.europesays.com\/fr\/224249\/","title":{"rendered":"pr\u00e9visions du vendredi 4 juillet 2025"},"content":{"rendered":"<p>Le soleil sera au rendez-vous \u00e0 Rennes : une belle journ\u00e9e se profile ! Il fera environ 19\u00b0C. Le matin, un vent de nord-est rafra\u00eechira l\u00e9g\u00e8rement l&rsquo;atmosph\u00e8re. Le temps va se r\u00e9chauffer l&rsquo;apr\u00e8s-midi avec une hausse de plusieurs degr\u00e9s. Les valeurs seront de 25\u00b0C au minimum et de 29\u00b0C au plus haut. Un vent de nord est pr\u00e9vu : il soufflera \u00e0 23 km\/h. Un ciel d\u00e9pourvu de nuages est pr\u00e9vu dans la nuit reliant vendredi et samedi.<\/p>\n<p>Rennes, o\u00f9 des nuages persisteront demain, continuera de guetter le soleil. C&rsquo;est une hausse de quelques degr\u00e9s que vont conna\u00eetre les temp\u00e9ratures. Ces valeurs seront comprises entre 11 et 29\u00b0C. Une l\u00e9g\u00e8re brise de nord-ouest sera ressentie par les habitants. Le matin, le soleil sera cach\u00e9 derri\u00e8re des nuages. Le soleil appara\u00eet l\u00e9g\u00e8rement demain apr\u00e8s-midi. Ces \u00e9claircies devraient ravir les habitants. Les temp\u00e9ratures vont enregistrer une augmentation de plusieurs degr\u00e9s. Les valeurs s&rsquo;\u00e9chelonneront entre 26 et 29\u00b0C. Il faudra pr\u00e9voir son parapluie demain soir pour se prot\u00e9ger de la bruine l\u00e9g\u00e8re.<\/p>\n<p>Une d\u00e9gradation est \u00e0 pr\u00e9voir les prochains jours. Il va faire un temps plut\u00f4t pluvieux avec des temp\u00e9ratures avoisinant 21\u00b0C.<\/p>\n<p><\/p>\n","protected":false},"excerpt":{"rendered":"Le soleil sera au rendez-vous \u00e0 Rennes : une belle journ\u00e9e se profile ! Il fera environ 19\u00b0C.&hellip;\n","protected":false},"author":2,"featured_media":224250,"comment_status":"","ping_status":"","sticky":false,"template":"","format":"standard","meta":{"footnotes":""},"categories":[2821],"tags":[1111,11,829,1777,674,1011,27,848,12,2119,584,25],"class_list":{"0":"post-224249","1":"post","2":"type-post","3":"status-publish","4":"format-standard","5":"has-post-thumbnail","7":"category-rennes","8":"tag-actu","9":"tag-actualites","10":"tag-bretagne","11":"tag-eu","12":"tag-europe","13":"tag-fr","14":"tag-france","15":"tag-ille-et-vilaine","16":"tag-news","17":"tag-previsions-meteo","18":"tag-rennes","19":"tag-republique-francaise"},"share_on_mastodon":{"url":"https:\/\/pubeurope.com\/@fr\/114791857997469304","error":""},"_links":{"self":[{"href":"https:\/\/www.europesays.com\/fr\/wp-json\/wp\/v2\/posts\/224249","targetHints":{"allow":["GET"]}}],"collection":[{"href":"https:\/\/www.europesays.com\/fr\/wp-json\/wp\/v2\/posts"}],"about":[{"href":"https:\/\/www.europesays.com\/fr\/wp-json\/wp\/v2\/types\/post"}],"author":[{"embeddable":true,"href":"https:\/\/www.europesays.com\/fr\/wp-json\/wp\/v2\/users\/2"}],"replies":[{"embeddable":true,"href":"https:\/\/www.europesays.com\/fr\/wp-json\/wp\/v2\/comments?post=224249"}],"version-history":[{"count":0,"href":"https:\/\/www.europesays.com\/fr\/wp-json\/wp\/v2\/posts\/224249\/revisions"}],"wp:featuredmedia":[{"embeddable":true,"href":"https:\/\/www.europesays.com\/fr\/wp-json\/wp\/v2\/media\/224250"}],"wp:attachment":[{"href":"https:\/\/www.europesays.com\/fr\/wp-json\/wp\/v2\/media?parent=224249"}],"wp:term":[{"taxonomy":"category","embeddable":true,"href":"https:\/\/www.europesays.com\/fr\/wp-json\/wp\/v2\/categories?post=224249"},{"taxonomy":"post_tag","embeddable":true,"href":"https:\/\/www.europesays.com\/fr\/wp-json\/wp\/v2\/tags?post=224249"}],"curies":[{"name":"wp","href":"https:\/\/api.w.org\/{rel}","templated":true}]}}