{"id":224251,"date":"2025-07-03T23:18:41","date_gmt":"2025-07-03T23:18:41","guid":{"rendered":"https:\/\/www.europesays.com\/fr\/224251\/"},"modified":"2025-07-03T23:18:41","modified_gmt":"2025-07-03T23:18:41","slug":"des-demain-une-curieuse-foret-va-prendre-vie-au-pied-de-la-cathedrale","status":"publish","type":"post","link":"https:\/\/www.europesays.com\/fr\/224251\/","title":{"rendered":"d\u00e8s demain, une curieuse \u00ab for\u00eat \u00bb va prendre vie au pied de la cath\u00e9drale"},"content":{"rendered":"<p>    <img loading=\"lazy\" width=\"1800\" height=\"900\" src=\"https:\/\/www.europesays.com\/fr\/wp-content\/uploads\/2025\/04\/jeanne-callthepolice.jpg\" class=\"attachment-full size-full\" alt=\"\" id=\"imageLove\" decoding=\"async\"  \/><\/p>\n<p id=\"breadcrumbs\"><a href=\"https:\/\/pokaa.fr\/\" rel=\"nofollow noopener\" target=\"_blank\">Accueil<\/a> \/ <a href=\"https:\/\/pokaa.fr\/categories\/actu\/\" rel=\"nofollow noopener\" target=\"_blank\">Info locale<\/a> \/ Strasbourg : d\u00e8s demain, une curieuse \u00ab for\u00eat \u00bb va prendre vie au pied de la cath\u00e9drale<\/p>\n<p>                    Info locale<\/p>\n<p class=\"p1\"><b>\u00c0 partir de demain, samedi 5 juillet, une nouvelle exp\u00e9rience immersive d\u00e9barque sur la place du Ch\u00e2teau, au pied de la cath\u00e9drale : La For\u00eat \/ Der Wald \/ The Forest, avec six arbres dot\u00e9s de la parole et de vraies plantes. Une exp\u00e9rience qui durera tout l\u2019\u00e9t\u00e9, et dont l\u2019inauguration se fera en musique.<\/b><\/p>\n<p><a href=\"https:\/\/pokaa.fr\/2023\/07\/08\/a-strasbourg-loeuvre-dart-ephemere-au-pied-de-la-cathedrale-sest-ecroulee-hier-soir\/\" target=\"_blank\" rel=\"noopener nofollow\">Apr\u00e8s l\u2019exp\u00e9rience avort\u00e9e de Nemeton en 2023<\/a> et <a href=\"https:\/\/pokaa.fr\/2024\/05\/30\/strasbourg-des-ce-soir-une-immense-structure-de-750-m2-prend-vie-sur-la-place-du-chateau\/\" target=\"_blank\" rel=\"noopener nofollow\">le voyage litt\u00e9raire de Pages Blanches l\u2019an dernier,<\/a> cet \u00e9t\u00e9, il est temps pour la place du Ch\u00e2teau de se mettre au vert. <strong>Un soulagement pour cette place tr\u00e8s min\u00e9rale, surtout avec cette longue p\u00e9riode de fortes chaleurs. <\/strong><\/p>\n<p>Dans le cadre de la programmation estivale strasbourgeoise, toujours 100% gratuite, <strong>la place au pied de la cath\u00e9drale va alors accueillir une for\u00eat pas banale du 5 juillet au 31 ao\u00fbt<\/strong>.<\/p>\n<p>                <a href=\"https:\/\/pokaa.fr\/2025\/06\/09\/foret-immersive-feu-dartifice-et-concerts-a-strasbourg-lete-sera-anime-et-100-gratuit\/\" rel=\"nofollow noopener\" target=\"_blank\"><br \/>\n                    <img width=\"450\" height=\"270\" src=\"https:\/\/www.europesays.com\/fr\/wp-content\/uploads\/2025\/07\/1-450x270.png\" class=\"attachment-card-horizontal--same-subject size-card-horizontal--same-subject wp-post-image\" alt=\"\" decoding=\"async\" loading=\"lazy\"\/>                <\/a><\/p>\n<p>Nomm\u00e9e La For\u00eat \/ Der Wald \/ The Forest, c\u2019est une cr\u00e9ation tout droit sortie de l\u2019imagination d\u2019Eventeam. <strong>Et durant tout l\u2019\u00e9t\u00e9, elle abritera non seulement de l\u2019ombre, mais surtout une programmation \u00e9clectique, entre sport, jeux et concerts<\/strong>. Petite particularit\u00e9 : on la retrouvera \u00e9galement pour l\u2019\u00e9t\u00e9 2026 !<\/p>\n<p>                <img width=\"667\" height=\"500\" src=\"https:\/\/www.europesays.com\/fr\/wp-content\/uploads\/2025\/07\/img-9425-667x500.jpeg\" class=\"attachment-gallery size-gallery\" alt=\"for\u00eat immersive cath\u00e9drale\" data-full-url=\"https:\/\/pokaa.fr\/wp-content\/uploads\/2025\/06\/25\/img-9425.jpeg\" decoding=\"async\" loading=\"lazy\"  \/>            <\/p>\n<p>                <img width=\"375\" height=\"500\" src=\"https:\/\/www.europesays.com\/fr\/wp-content\/uploads\/2025\/07\/img-9426-375x500.jpeg\" class=\"attachment-gallery size-gallery\" alt=\"for\u00eat immersive cath\u00e9drale\" data-full-url=\"https:\/\/pokaa.fr\/wp-content\/uploads\/2025\/06\/25\/img-9426.jpeg\" decoding=\"async\" loading=\"lazy\"  \/>            <\/p>\n<p>                <img width=\"667\" height=\"500\" src=\"https:\/\/www.europesays.com\/fr\/wp-content\/uploads\/2025\/07\/img-9427-667x500.jpeg\" class=\"attachment-gallery size-gallery\" alt=\"for\u00eat immersive cath\u00e9drale\" data-full-url=\"https:\/\/pokaa.fr\/wp-content\/uploads\/2025\/06\/25\/img-9427.jpeg\" decoding=\"async\" loading=\"lazy\"  \/>            <\/p>\n<p>                    Fin juin, une partie du d\u00e9cor \u00e9tait d\u00e9j\u00e0 visible. \u00a9 Anthony Jilli \/ Pokaa<\/p>\n<p>                <img width=\"844\" height=\"500\" src=\"https:\/\/www.europesays.com\/fr\/wp-content\/uploads\/2025\/06\/capture-decran-2025-06-06-a-103632-844x500.png\" class=\"attachment-gallery size-gallery\" alt=\"foret cath\u00e9drale\" data-full-url=\"https:\/\/pokaa.fr\/wp-content\/uploads\/2025\/06\/06\/capture-decran-2025-06-06-a-103632-1500x889.png\" decoding=\"async\" loading=\"lazy\"  \/>            <\/p>\n<p>                <img width=\"893\" height=\"500\" src=\"https:\/\/www.europesays.com\/fr\/wp-content\/uploads\/2025\/06\/capture-decran-2025-06-06-a-103619-893x500.png\" class=\"attachment-gallery size-gallery\" alt=\"foret cath\u00e9drale\" data-full-url=\"https:\/\/pokaa.fr\/wp-content\/uploads\/2025\/06\/06\/capture-decran-2025-06-06-a-103619-1500x840.png\" decoding=\"async\" loading=\"lazy\"  \/>            <\/p>\n<p>                    \u00a9 Eventeam \/ Document remis<\/p>\n<p>Une for\u00eat immersive pour rafra\u00eechir la place du Ch\u00e2teau<\/p>\n<p class=\"p3\">Parcours immersif sur le th\u00e8me de la for\u00eat, La For\u00eat \/ Der Wald \/ The Forest \u00ab plantera \u00bb six arbres sur la place. Comme il est tout bonnement impossible de planter des vrais, <a href=\"https:\/\/pokaa.fr\/2021\/04\/01\/vegetalisation-29-arbres-seront-plantes-sur-le-parvis-de-la-cathedrale-debut-2022\/\" target=\"_blank\" rel=\"noopener nofollow\">m\u00eame si certain(e)s y ont pens\u00e9<\/a>, ceux-ci auront quelques particularit\u00e9s.<\/p>\n<p class=\"p3\">D\u00e9j\u00e0, ils seront en bois orn\u00e9 de feuillages en aluminium ; mais surtout, <b>il se pourrait que certains d\u2019entre eux soient dot\u00e9s de la parole, pour raconter des contes \u00e0 celles et ceux qui sauraient tendre l\u2019oreille<\/b>.<\/p>\n<p>                <img width=\"375\" height=\"500\" src=\"https:\/\/www.europesays.com\/fr\/wp-content\/uploads\/2025\/07\/img-9630-375x500.png\" class=\"attachment-gallery size-gallery\" alt=\"for\u00eat cath\u00e9drale immersive\" data-full-url=\"https:\/\/pokaa.fr\/wp-content\/uploads\/2025\/07\/03\/img-9630.png\" decoding=\"async\" loading=\"lazy\"  \/>            <\/p>\n<p>                <img width=\"667\" height=\"500\" src=\"https:\/\/www.europesays.com\/fr\/wp-content\/uploads\/2025\/07\/img-9635-667x500.png\" class=\"attachment-gallery size-gallery\" alt=\"for\u00eat cath\u00e9drale immersive\" data-full-url=\"https:\/\/pokaa.fr\/wp-content\/uploads\/2025\/07\/03\/img-9635.png\" decoding=\"async\" loading=\"lazy\"  \/>            <\/p>\n<p>                    Les arbres, ce 3 juillet. \u00a9 Anthony Jilli \/ Pokaa<\/p>\n<p>    <img width=\"800\" height=\"600\" src=\"https:\/\/www.europesays.com\/fr\/wp-content\/uploads\/2025\/07\/img-9633-800x600.png\" class=\"attachment-image-size-L size-image-size-L\" alt=\"for\u00eat cath\u00e9drale immersive\" decoding=\"async\" loading=\"lazy\"  \/>         \u00c7a manque encore un peu&#8230; d&rsquo;ambiance ! \u00a9 Anthony Jilli \/ Pokaa <\/p>\n<p>Sur place, il y aura \u00e9videmment de quoi se poser, pour profiter du calme et de l\u2019ombre cr\u00e9\u00e9e par la sc\u00e9nographie, tandis que de vraies plantes seront \u00e9galement diss\u00e9min\u00e9es \u00e7\u00e0 et l\u00e0. <b>La nuit tomb\u00e9e, La For\u00eat s\u2019illuminera comme dans un conte, pour proposer une autre ambiance<\/b>.<\/p>\n<p>Enfin, \u00e0 la fin de l\u2019\u00e9t\u00e9, les Strasbourgeois(es) pourront s\u2019approprier un petit morceau de cette \u00ab for\u00eat \u00bb en venant y cueillir la plante de leur choix.<\/p>\n<p>                <img width=\"894\" height=\"500\" src=\"https:\/\/www.europesays.com\/fr\/wp-content\/uploads\/2025\/06\/capture-decran-2025-06-06-a-103546-894x500.png\" class=\"attachment-gallery size-gallery\" alt=\"foret cath\u00e9drale\" data-full-url=\"https:\/\/pokaa.fr\/wp-content\/uploads\/2025\/06\/06\/capture-decran-2025-06-06-a-103546-1500x839.png\" decoding=\"async\" loading=\"lazy\"  \/>            <\/p>\n<p>                <img width=\"886\" height=\"500\" src=\"https:\/\/www.europesays.com\/fr\/wp-content\/uploads\/2025\/06\/capture-decran-2025-06-06-a-103600-886x500.png\" class=\"attachment-gallery size-gallery\" alt=\"foret cath\u00e9drale\" data-full-url=\"https:\/\/pokaa.fr\/wp-content\/uploads\/2025\/06\/06\/capture-decran-2025-06-06-a-103600-1500x847.png\" decoding=\"async\" loading=\"lazy\"  \/>            <\/p>\n<p>                    \u00a9 Eventeam \/ Document remis<\/p>\n<p>La for\u00eat comme lieu de rassemblement : une programmation \u00e9clectique<\/p>\n<p><b>L\u2019inauguration de cette for\u00eat immersive a lieu demain, samedi 5 juillet<\/b>. Les festivit\u00e9s d\u00e9buteront \u00e0 15h, avec Baraka Jeux qui promet des moments ludiques pour d\u00e9couvrir les nouvelles p\u00e9pites du monde des jeux de soci\u00e9t\u00e9.<\/p>\n<p><b>\u00c0 partir de 21h, la chorale Sankofa Unit proposera un concert festif et entra\u00eenant sous les arbres pour inaugurer comme il se doit la nouvelle exp\u00e9rience estivale strasbourgeoise<\/b>. Puis, \u00e0 la tomb\u00e9e de la nuit, il sera l\u2019heure de profiter de la fra\u00eecheur, pour passer une bonne soir\u00e9e.<\/p>\n<p>                <img width=\"715\" height=\"500\" src=\"https:\/\/www.europesays.com\/fr\/wp-content\/uploads\/2025\/07\/upload-00192112-715x500.jpg\" class=\"attachment-gallery size-gallery\" alt=\"foret cath\u00e9drale\" data-full-url=\"https:\/\/pokaa.fr\/wp-content\/uploads\/2025\/07\/03\/upload-00192112.jpg\" decoding=\"async\" loading=\"lazy\"  \/>            <\/p>\n<p>                <img width=\"667\" height=\"500\" src=\"https:\/\/www.europesays.com\/fr\/wp-content\/uploads\/2025\/07\/img-9627-667x500.png\" class=\"attachment-gallery size-gallery\" alt=\"\u00a9 Anthony Jilli \/ Pokaa\" data-full-url=\"https:\/\/pokaa.fr\/wp-content\/uploads\/2025\/07\/03\/img-9627.png\" decoding=\"async\" loading=\"lazy\"  \/>            <\/p>\n<p>                    1. \u00a9 Eventeam \/ Document remis ; 2. \u00a9 Anthony Jilli \/ Pokaa<\/p>\n<p class=\"p8\"><strong>Jusqu\u2019au 31 ao\u00fbt, la programmation sera diverse et vari\u00e9e, alternant moments sportifs, moments ludiques et interludes musicaux tous les week-ends<\/strong>. Les vendredis apr\u00e8s-midis, il sera l\u2019heure d\u2019enfiler sa tenue de sport pour nombre d\u2019activit\u00e9s. Ensuite, il faudra la troquer avec ses habits de soir\u00e9e pour profiter d\u2019instants clubbing.<\/p>\n<p class=\"p8\">Les samedis,<strong> du yoga, de la danse et des activit\u00e9s familiales<\/strong> sont pr\u00e9vus en journ\u00e9e, et des concerts live le soir. Enfin, le dimanche sera r\u00e9serv\u00e9 \u00e0 des activit\u00e9s et animations musicales.<\/p>\n<p class=\"p8\"><b>Rendez-vous donc \u00e0 15h ce samedi 5 juillet, pour d\u00e9couvrir cette curieuse for\u00eat !\u00a0<\/b><\/p>\n<p>            La For\u00eat \/ Der Wald \/ The Forest<\/p>\n<p>            Quoi ? <\/p>\n<p>Exp\u00e9rience immersive sur le th\u00e8me de la for\u00eat<\/p>\n<p>                Quand ?<\/p>\n<p>Du 5 juillet au 31 ao\u00fbt<\/p>\n<p>            o\u00f9 ?<\/p>\n<p>Place du Ch\u00e2teau, au pied de la cath\u00e9drale<\/p>\n<p>                Plus d&rsquo;infos ?<\/p>\n<p><a href=\"https:\/\/ete.strasbourg.eu\/evenement-de-l-ete\" target=\"_blank\" rel=\"noopener nofollow\">La programmation<\/a><\/p>\n","protected":false},"excerpt":{"rendered":"Accueil \/ Info locale \/ Strasbourg : d\u00e8s demain, une curieuse \u00ab for\u00eat \u00bb va prendre vie au&hellip;\n","protected":false},"author":2,"featured_media":224252,"comment_status":"","ping_status":"","sticky":false,"template":"","format":"standard","meta":{"footnotes":""},"categories":[2820],"tags":[1111,11,251,2883,17545,1777,674,1011,27,775,12,25,640],"class_list":{"0":"post-224251","1":"post","2":"type-post","3":"status-publish","4":"format-standard","5":"has-post-thumbnail","7":"category-strasbourg","8":"tag-actu","9":"tag-actualites","10":"tag-culture","11":"tag-ete","12":"tag-ete-2025","13":"tag-eu","14":"tag-europe","15":"tag-fr","16":"tag-france","17":"tag-grand-est","18":"tag-news","19":"tag-republique-francaise","20":"tag-strasbourg"},"share_on_mastodon":{"url":"https:\/\/pubeurope.com\/@fr\/114791863955967206","error":""},"_links":{"self":[{"href":"https:\/\/www.europesays.com\/fr\/wp-json\/wp\/v2\/posts\/224251","targetHints":{"allow":["GET"]}}],"collection":[{"href":"https:\/\/www.europesays.com\/fr\/wp-json\/wp\/v2\/posts"}],"about":[{"href":"https:\/\/www.europesays.com\/fr\/wp-json\/wp\/v2\/types\/post"}],"author":[{"embeddable":true,"href":"https:\/\/www.europesays.com\/fr\/wp-json\/wp\/v2\/users\/2"}],"replies":[{"embeddable":true,"href":"https:\/\/www.europesays.com\/fr\/wp-json\/wp\/v2\/comments?post=224251"}],"version-history":[{"count":0,"href":"https:\/\/www.europesays.com\/fr\/wp-json\/wp\/v2\/posts\/224251\/revisions"}],"wp:featuredmedia":[{"embeddable":true,"href":"https:\/\/www.europesays.com\/fr\/wp-json\/wp\/v2\/media\/224252"}],"wp:attachment":[{"href":"https:\/\/www.europesays.com\/fr\/wp-json\/wp\/v2\/media?parent=224251"}],"wp:term":[{"taxonomy":"category","embeddable":true,"href":"https:\/\/www.europesays.com\/fr\/wp-json\/wp\/v2\/categories?post=224251"},{"taxonomy":"post_tag","embeddable":true,"href":"https:\/\/www.europesays.com\/fr\/wp-json\/wp\/v2\/tags?post=224251"}],"curies":[{"name":"wp","href":"https:\/\/api.w.org\/{rel}","templated":true}]}}