{"id":224259,"date":"2025-07-03T23:22:11","date_gmt":"2025-07-03T23:22:11","guid":{"rendered":"https:\/\/www.europesays.com\/fr\/224259\/"},"modified":"2025-07-03T23:22:11","modified_gmt":"2025-07-03T23:22:11","slug":"previsions-du-vendredi-4-juillet-2025-3","status":"publish","type":"post","link":"https:\/\/www.europesays.com\/fr\/224259\/","title":{"rendered":"pr\u00e9visions du vendredi 4 juillet 2025"},"content":{"rendered":"<p>C&rsquo;est un soleil magnifique qui va briller aujourd&rsquo;hui sur Nantes. Les temp\u00e9ratures s&rsquo;\u00e9chelonneront entre 12\u00b0C et 34\u00b0C. D\u00e8s le matin, les valeurs \u00e9volueront entre 15 et 30\u2009\u00b0C. On pr\u00e9voit des temp\u00e9ratures d&rsquo;environ 23\u00b0C. La ville sera touch\u00e9e par un vent de nord-est de 20 km\/h. La m\u00e9t\u00e9o va se r\u00e9chauffer l&rsquo;apr\u00e8s-midi avec une augmentation de plusieurs degr\u00e9s. Les importantes chaleurs sont pr\u00e9sentes. Avec des valeurs comprises entre 31 et 34\u00b0C. Un vent de nord soufflera l\u00e9g\u00e8rement, avec 13 km\/h. La ville va p\u00e2tir des grosses chaleurs avec des temp\u00e9ratures qui devraient grimper \u00e0 32\u00b0C le soir. Entre vendredi et samedi, la nuit sera claire.<\/p>\n<p>Une baisse des temp\u00e9ratures est attendue \u00e0 Nantes, demain. La ville va conna\u00eetre un passage de fortes chaleurs avec des valeurs qui rejoindront parfois les 31\u00b0C. Les temp\u00e9ratures afficheront entre 13 et 31\u00b0C. Une petite brise de nord-ouest sera ressentie par les habitants. Le soleil sera dominant, la promesse d&rsquo;une belle matin\u00e9e ! Les temp\u00e9ratures avoisineront les 23\u00b0C. Petits et grands pourront passer leur apr\u00e8s-midi sous un ciel un peu nuageux. C&rsquo;est une hausse de plusieurs degr\u00e9s que vont enregistrer les temp\u00e9ratures. De tr\u00e8s importantes chaleurs (entre 26\u00b0C et 31\u00b0C) sont annonc\u00e9es. Les valeurs seront de 26\u00b0C au minimum et de 31\u00b0C au maximum.<\/p>\n<p>Le temps sera assez instable les jours suivants. Une am\u00e9lioration est pr\u00e9vue lundi, alors que la journ\u00e9e de dimanche aura \u00e9t\u00e9 pluvieuse.<\/p>\n<p><\/p>\n","protected":false},"excerpt":{"rendered":"C&rsquo;est un soleil magnifique qui va briller aujourd&rsquo;hui sur Nantes. Les temp\u00e9ratures s&rsquo;\u00e9chelonneront entre 12\u00b0C et 34\u00b0C. D\u00e8s&hellip;\n","protected":false},"author":2,"featured_media":224260,"comment_status":"","ping_status":"","sticky":false,"template":"","format":"standard","meta":{"footnotes":""},"categories":[2818],"tags":[1111,11,1777,674,1011,27,3047,766,12,2636,2119,25],"class_list":{"0":"post-224259","1":"post","2":"type-post","3":"status-publish","4":"format-standard","5":"has-post-thumbnail","7":"category-nantes","8":"tag-actu","9":"tag-actualites","10":"tag-eu","11":"tag-europe","12":"tag-fr","13":"tag-france","14":"tag-loire-atlantique","15":"tag-nantes","16":"tag-news","17":"tag-pays-de-la-loire","18":"tag-previsions-meteo","19":"tag-republique-francaise"},"share_on_mastodon":{"url":"https:\/\/pubeurope.com\/@fr\/114791877479465775","error":""},"_links":{"self":[{"href":"https:\/\/www.europesays.com\/fr\/wp-json\/wp\/v2\/posts\/224259","targetHints":{"allow":["GET"]}}],"collection":[{"href":"https:\/\/www.europesays.com\/fr\/wp-json\/wp\/v2\/posts"}],"about":[{"href":"https:\/\/www.europesays.com\/fr\/wp-json\/wp\/v2\/types\/post"}],"author":[{"embeddable":true,"href":"https:\/\/www.europesays.com\/fr\/wp-json\/wp\/v2\/users\/2"}],"replies":[{"embeddable":true,"href":"https:\/\/www.europesays.com\/fr\/wp-json\/wp\/v2\/comments?post=224259"}],"version-history":[{"count":0,"href":"https:\/\/www.europesays.com\/fr\/wp-json\/wp\/v2\/posts\/224259\/revisions"}],"wp:featuredmedia":[{"embeddable":true,"href":"https:\/\/www.europesays.com\/fr\/wp-json\/wp\/v2\/media\/224260"}],"wp:attachment":[{"href":"https:\/\/www.europesays.com\/fr\/wp-json\/wp\/v2\/media?parent=224259"}],"wp:term":[{"taxonomy":"category","embeddable":true,"href":"https:\/\/www.europesays.com\/fr\/wp-json\/wp\/v2\/categories?post=224259"},{"taxonomy":"post_tag","embeddable":true,"href":"https:\/\/www.europesays.com\/fr\/wp-json\/wp\/v2\/tags?post=224259"}],"curies":[{"name":"wp","href":"https:\/\/api.w.org\/{rel}","templated":true}]}}