{"id":224265,"date":"2025-07-03T23:25:17","date_gmt":"2025-07-03T23:25:17","guid":{"rendered":"https:\/\/www.europesays.com\/fr\/224265\/"},"modified":"2025-07-03T23:25:17","modified_gmt":"2025-07-03T23:25:17","slug":"girondins-la-fifa-peut-elle-sanctionner-les-girondins-de-bordeaux","status":"publish","type":"post","link":"https:\/\/www.europesays.com\/fr\/224265\/","title":{"rendered":"Girondins : la Fifa peut-elle sanctionner les Girondins de Bordeaux ?"},"content":{"rendered":"<p><img decoding=\"async\" src=\"https:\/\/www.europesays.com\/fr\/wp-content\/uploads\/2025\/07\/671_563e45d26f74e602fd0262dd70dbd73d.jpg\" alt=\"Girondins : la Fifa peut-elle sanctionner les Girondins de Bordeaux ?\" class=\"img-responsive mt-3\"\/><\/p>\n<p class=\"text-center mb-3\" style=\"font-size: 14px\">\u00a9 Iconsport<\/p>\n<p style=\"text-align: justify;\">Cette \u00e9mission r\u00e9serv\u00e9e <a href=\"https:\/\/abonnement.webgirondins.com\/\" target=\"_blank\" rel=\"noopener\">aux abonn\u00e9s de WebGirondins<\/a> sur le site ou sur <a href=\"https:\/\/fr.tipeee.com\/webgirondins\" target=\"_blank\" rel=\"noopener\">notre page tipeee<\/a>. \u00a0<a href=\"https:\/\/abonnement.webgirondins.com\/signin\" target=\"_blank\" rel=\"noopener\">Identifiez-vous pour acc\u00e9der<\/a> \u00e0 cette \u00e9mission sp\u00e9ciale.<\/p>\n<p style=\"text-align: justify;\">Si vous n&rsquo;\u00eates pas encore abonn\u00e9, <strong>d\u00e9couvrez-nous pour 1\u20ac le premier mois, <\/strong>sans engagement et<strong> r\u00e9siliable \u00e0 tout moment.<\/strong><\/p>\n<p style=\"text-align: justify;\"><a href=\"https:\/\/abonnement.webgirondins.com\/\" target=\"_blank\" rel=\"noopener\">&gt;&gt; <strong>Pour vous abonner, cliquez ici<\/strong><\/a><\/p>\n<p style=\"text-align: justify;\">B\u00e9n\u00e9ficiez de nombreux avantages (suppression publicit\u00e9 sur les supports du site, acc\u00e8s discord, \u00e9missions r\u00e9serv\u00e9es, etc.). D\u00e9couvrez le sommaire de cette \u00e9mission :<\/p>\n<p style=\"text-align: justify;\">1- La Fifa peut-elle sanctionner les Girondins <br \/>2- Les recours possibles face au plan de continuation des Girondins de Bordeaux<br \/>3- Le mercato bordelais<br \/>4- FAQ et r\u00e9ponses \u00e0 vos questions<\/p>\n<p>Regarder l&rsquo;\u00e9mission sur cette page :<\/p>\n<p>Ce navigateur ne supporte pas les iframes<\/p>\n<p>\u00a0<\/p>\n<p>\u00c0 lire &gt;&gt; <strong><a href=\"https:\/\/www.webgirondins.com\/actualite-girondins-girondins-12-nouveaux-joueurs-arrivent-pour-jouer-en-regional-1-avec-bordeaux-129603\" target=\"_blank\" rel=\"noopener\">12 nouveaux joueurs arrivent pour jouer en R\u00e9gional 1 avec Bordeaux<\/a><\/strong><\/p>\n<p>Notre podcast court :<\/p>\n<p>\u00a0<\/p>\n<p>\u00a0<\/p>\n","protected":false},"excerpt":{"rendered":"\u00a9 Iconsport Cette \u00e9mission r\u00e9serv\u00e9e aux abonn\u00e9s de WebGirondins sur le site ou sur notre page tipeee. \u00a0Identifiez-vous&hellip;\n","protected":false},"author":2,"featured_media":224266,"comment_status":"","ping_status":"","sticky":false,"template":"","format":"standard","meta":{"footnotes":""},"categories":[2817],"tags":[1111,47,11,3396,15021,1997,36321,13413,3170,2889,1777,674,2269,36322,1011,27,1987,9272,6128,12,14455,2219,5055,471,25,1148,35445,7185,5237],"class_list":{"0":"post-224265","1":"post","2":"type-post","3":"status-publish","4":"format-standard","5":"has-post-thumbnail","7":"category-bordeaux","8":"tag-actu","9":"tag-actualite","10":"tag-actualites","11":"tag-avec","12":"tag-blanc","13":"tag-bordeaux","14":"tag-consacree","15":"tag-devant","16":"tag-elle","17":"tag-emission","18":"tag-eu","19":"tag-europe","20":"tag-fifa","21":"tag-focus","22":"tag-fr","23":"tag-france","24":"tag-girondins","25":"tag-jeudi","26":"tag-marine","27":"tag-news","28":"tag-notre","29":"tag-nouvelle-aquitaine","30":"tag-peut","31":"tag-pour","32":"tag-republique-francaise","33":"tag-risques","34":"tag-sanctionner","35":"tag-sanctions","36":"tag-suivez"},"share_on_mastodon":{"url":"https:\/\/pubeurope.com\/@fr\/114791889238484771","error":""},"_links":{"self":[{"href":"https:\/\/www.europesays.com\/fr\/wp-json\/wp\/v2\/posts\/224265","targetHints":{"allow":["GET"]}}],"collection":[{"href":"https:\/\/www.europesays.com\/fr\/wp-json\/wp\/v2\/posts"}],"about":[{"href":"https:\/\/www.europesays.com\/fr\/wp-json\/wp\/v2\/types\/post"}],"author":[{"embeddable":true,"href":"https:\/\/www.europesays.com\/fr\/wp-json\/wp\/v2\/users\/2"}],"replies":[{"embeddable":true,"href":"https:\/\/www.europesays.com\/fr\/wp-json\/wp\/v2\/comments?post=224265"}],"version-history":[{"count":0,"href":"https:\/\/www.europesays.com\/fr\/wp-json\/wp\/v2\/posts\/224265\/revisions"}],"wp:featuredmedia":[{"embeddable":true,"href":"https:\/\/www.europesays.com\/fr\/wp-json\/wp\/v2\/media\/224266"}],"wp:attachment":[{"href":"https:\/\/www.europesays.com\/fr\/wp-json\/wp\/v2\/media?parent=224265"}],"wp:term":[{"taxonomy":"category","embeddable":true,"href":"https:\/\/www.europesays.com\/fr\/wp-json\/wp\/v2\/categories?post=224265"},{"taxonomy":"post_tag","embeddable":true,"href":"https:\/\/www.europesays.com\/fr\/wp-json\/wp\/v2\/tags?post=224265"}],"curies":[{"name":"wp","href":"https:\/\/api.w.org\/{rel}","templated":true}]}}