{"id":224267,"date":"2025-07-03T23:26:08","date_gmt":"2025-07-03T23:26:08","guid":{"rendered":"https:\/\/www.europesays.com\/fr\/224267\/"},"modified":"2025-07-03T23:26:08","modified_gmt":"2025-07-03T23:26:08","slug":"previsions-du-vendredi-4-juillet-2025-4","status":"publish","type":"post","link":"https:\/\/www.europesays.com\/fr\/224267\/","title":{"rendered":"pr\u00e9visions du vendredi 4 juillet 2025"},"content":{"rendered":"<p>Toulouse va conna\u00eetre une splendide journ\u00e9e tr\u00e8s ensoleill\u00e9e. Les temp\u00e9ratures s&rsquo;\u00e9chelonneront entre 18\u00b0C et 35\u00b0C, donnant aux habitants l&rsquo;occasion d&rsquo;appr\u00e9cier la saison estivale. La matin\u00e9e va \u00eatre vraiment chaude : jusqu&rsquo;\u00e0 31\u00b0C. Un vent d&rsquo;ouest soufflera un peu, avec 9 km\/h. Les temp\u00e9ratures vont enregistrer une hausse de plusieurs degr\u00e9s dans l&rsquo;apr\u00e8s-midi. Les vacanciers comme les locaux pourront enfiler sandales et chapeau. Attention \u00e0 la vague de chaud. Des valeurs de 33 \u00e0 35\u00b0C sont pr\u00e9vues. Il faudra emporter son parapluie le soir pour se prot\u00e9ger des pluies \u00e9parses. Les temp\u00e9ratures maximales annonc\u00e9es sont \u00e9lev\u00e9es, avec 34\u00b0C. Entre vendredi et samedi, la nuit sera claire.<\/p>\n<p>Demain, le soleil sera dissimul\u00e9 derri\u00e8re des nuages \u00e0 Toulouse, o\u00f9 le ciel sera voil\u00e9. Une baisse des temp\u00e9ratures est attendue. La p\u00e9riode de fortes chaleurs est bien l\u00e0, avec des valeurs qui risqueront de monter \u00e0 32\u00b0C. Ce sera un bel \u00e9t\u00e9 : les temp\u00e9ratures afficheront entre 18 et 32\u00b0C. Un vent d&rsquo;ouest rafra\u00eechira quelque peu l&rsquo;atmosph\u00e8re. Les nuages \u00e0 pr\u00e9voir le matin, et un ciel encore maussade. Il faudra s&rsquo;attendre \u00e0 des perturbations, les Toulousains se retrouveront sous des pluies \u00e9parses. Le soleil sera au rendez-vous : un bel apr\u00e8s-midi se pr\u00e9sente ! Les temp\u00e9ratures, plus estivales, vont conna\u00eetre une augmentation de plusieurs degr\u00e9s. La ville va subir un passage de grosses chaleurs avec des valeurs qui rejoindront parfois les 32\u00b0C. Des pluies \u00e9parses sont pr\u00e9vues dans la soir\u00e9e. Les temp\u00e9ratures \u00e9volueront entre 21 et 30\u2009\u00b0C.<\/p>\n<p>Les jours passent mais ne se ressemblent pas. Les conditions m\u00e9t\u00e9orologiques varieront les prochains jours. Une d\u00e9gradation est pr\u00e9vue lundi, tandis que la journ\u00e9e de dimanche aura \u00e9t\u00e9 ensoleill\u00e9e.<\/p>\n<p>La chaleur impacte les vacanciers autant que les travailleurs : si vous exercez une activit\u00e9 professionnelle en plein air, pensez \u00e0 vous couvrir la t\u00eate et \u00e0 vous hydrater souvent. Soyez vigilants, pour vos coll\u00e8gues et pour vous-m\u00eame.<\/p>\n","protected":false},"excerpt":{"rendered":"Toulouse va conna\u00eetre une splendide journ\u00e9e tr\u00e8s ensoleill\u00e9e. Les temp\u00e9ratures s&rsquo;\u00e9chelonneront entre 18\u00b0C et 35\u00b0C, donnant aux habitants&hellip;\n","protected":false},"author":2,"featured_media":224268,"comment_status":"","ping_status":"","sticky":false,"template":"","format":"standard","meta":{"footnotes":""},"categories":[2816],"tags":[1111,11,1777,674,1011,27,12,2680,2119,25,2312],"class_list":{"0":"post-224267","1":"post","2":"type-post","3":"status-publish","4":"format-standard","5":"has-post-thumbnail","7":"category-toulouse","8":"tag-actu","9":"tag-actualites","10":"tag-eu","11":"tag-europe","12":"tag-fr","13":"tag-france","14":"tag-news","15":"tag-occitanie","16":"tag-previsions-meteo","17":"tag-republique-francaise","18":"tag-toulouse"},"share_on_mastodon":{"url":"https:\/\/pubeurope.com\/@fr\/114791893135698983","error":""},"_links":{"self":[{"href":"https:\/\/www.europesays.com\/fr\/wp-json\/wp\/v2\/posts\/224267","targetHints":{"allow":["GET"]}}],"collection":[{"href":"https:\/\/www.europesays.com\/fr\/wp-json\/wp\/v2\/posts"}],"about":[{"href":"https:\/\/www.europesays.com\/fr\/wp-json\/wp\/v2\/types\/post"}],"author":[{"embeddable":true,"href":"https:\/\/www.europesays.com\/fr\/wp-json\/wp\/v2\/users\/2"}],"replies":[{"embeddable":true,"href":"https:\/\/www.europesays.com\/fr\/wp-json\/wp\/v2\/comments?post=224267"}],"version-history":[{"count":0,"href":"https:\/\/www.europesays.com\/fr\/wp-json\/wp\/v2\/posts\/224267\/revisions"}],"wp:featuredmedia":[{"embeddable":true,"href":"https:\/\/www.europesays.com\/fr\/wp-json\/wp\/v2\/media\/224268"}],"wp:attachment":[{"href":"https:\/\/www.europesays.com\/fr\/wp-json\/wp\/v2\/media?parent=224267"}],"wp:term":[{"taxonomy":"category","embeddable":true,"href":"https:\/\/www.europesays.com\/fr\/wp-json\/wp\/v2\/categories?post=224267"},{"taxonomy":"post_tag","embeddable":true,"href":"https:\/\/www.europesays.com\/fr\/wp-json\/wp\/v2\/tags?post=224267"}],"curies":[{"name":"wp","href":"https:\/\/api.w.org\/{rel}","templated":true}]}}