{"id":224275,"date":"2025-07-03T23:30:12","date_gmt":"2025-07-03T23:30:12","guid":{"rendered":"https:\/\/www.europesays.com\/fr\/224275\/"},"modified":"2025-07-03T23:30:12","modified_gmt":"2025-07-03T23:30:12","slug":"la-cheffe-alexia-macias-prend-lair-a-saint-bacchi-et-au-couvent-levat","status":"publish","type":"post","link":"https:\/\/www.europesays.com\/fr\/224275\/","title":{"rendered":"la cheffe Alexia Macias prend l\u2019air \u00e0 Saint-Bacchi et au couvent Levat"},"content":{"rendered":"<p>Comme d\u2019ordinaire, l\u2019\u00eelot de fra\u00eecheur et de verdure du <a href=\"https:\/\/www.laprovence.com\/article\/culture-loisirs\/84263657618002\/le-couvent-cite-dartistes-de-la-belle-de-mai-a-marseille-lance-sa-programmation-estivale\" target=\"_blank\" rel=\"nofollow noopener\">Couvent Levat<\/a>, dans le 3e\u00a0arrondissement de Marseille, relance ses soir\u00e9es estivales. Au programme, musique, spectacles, sets DJ, p\u00e9tanque et gastronomie en plein air.<\/p>\n<p>Pour le mois de juillet, c\u2019est Alexia Macias, la jeune cheffe du restaurant <a href=\"https:\/\/www.instagram.com\/rascai_?utm_source=ig_web_button_share_sheet&amp;igsh=ZDNlZDc0MzIxNw==\" target=\"_blank\" rel=\"nofollow noopener\">Rasca\u00ef<\/a>, rue d\u2019Italie \u00e0 Marseille, qui est aux fourneaux chaque mercredi soir. Elle y propose sa cuisine inventive et bistroti\u00e8re qui fait une belle place au v\u00e9g\u00e9tal.<\/p>\n<p>Pour accompagner les assiettes, son complice de la cave <a href=\"https:\/\/www.instagram.com\/auxbonsfaiseurs?utm_source=ig_web_button_share_sheet&amp;igsh=ZDNlZDc0MzIxNw==\" target=\"_blank\" rel=\"nofollow noopener\">Aux Bons faiseurs<\/a>, David Roume, proposera une s\u00e9lection de vins bio, biodynamiques et\/ou nature, au verre ou \u00e0 la bouteille.<\/p>\n<p>Repas dans les vignes le 13\u00a0juillet<\/p>\n<p>Par ailleurs, le dimanche 13\u00a0juillet, la cheffe fait une autre infid\u00e9lit\u00e9 \u00e0 son restaurant marseillais pour une soir\u00e9e unique dans les vignes du domaine viticole de la Chapelle Saint-Bacchi, \u00e0 Jouques, tout \u00e0 l\u2019est du pays d\u2019Aix.<\/p>\n<p>Au programme, d\u00e9couverte du domaine, ap\u00e9ro au coucher de soleil, concert de jazz, puis repas en quatre temps au c\u0153ur des vignes du vigneron Christian Valensisi. Lequel proposera \u00e9videmment ses diff\u00e9rentes cuv\u00e9es en accord avec les plats d\u2019Alexia Macias. Tarif\u00a0: 75\u00a0\u20ac par personne, boissons comprises. R\u00e9servation par mail \u00e0 <a href=\"https:\/\/www.laprovence.com\/cdn-cgi\/l\/email-protection\" class=\"__cf_email__\" data-cfemail=\"acdacdc0c9c2dfc5dfc582cfc4dec5dfd8c5cdc2ecc2c9d9ca82cade\" rel=\"nofollow noopener\" target=\"_blank\">[email\u00a0protected]<\/a> ou au 07\u00a077\u00a038\u00a092\u00a041.<\/p>\n<p>Domaine de la Chapelle Saint-Bacchi, 3\u00a0930 route de Rians \u00e0 Jouques (Bouches-du-Rh\u00f4ne). Le Couvent, 52 rue Levat, Marseille 3e, https:\/\/le-couvent.org\/<\/p>\n<p><script async src=\"\/\/www.instagram.com\/embed.js\"><\/script><\/p>\n","protected":false},"excerpt":{"rendered":"Comme d\u2019ordinaire, l\u2019\u00eelot de fra\u00eecheur et de verdure du Couvent Levat, dans le 3e\u00a0arrondissement de Marseille, relance ses&hellip;\n","protected":false},"author":2,"featured_media":224276,"comment_status":"","ping_status":"","sticky":false,"template":"","format":"standard","meta":{"footnotes":""},"categories":[2814],"tags":[17,1111,11,36324,17207,1777,674,1011,27,36323,16456,36325,884,12,6020,882,16,25],"class_list":{"0":"post-224275","1":"post","2":"type-post","3":"status-publish","4":"format-standard","5":"has-post-thumbnail","7":"category-marseille","8":"tag-17","9":"tag-actu","10":"tag-actualites","11":"tag-alexia","12":"tag-cheffe","13":"tag-eu","14":"tag-europe","15":"tag-fr","16":"tag-france","17":"tag-jouques","18":"tag-lair","19":"tag-macias","20":"tag-marseille","21":"tag-news","22":"tag-prend","23":"tag-provence-alpes-cote-dazur","24":"tag-region","25":"tag-republique-francaise"},"share_on_mastodon":{"url":"https:\/\/pubeurope.com\/@fr\/114791908890521346","error":""},"_links":{"self":[{"href":"https:\/\/www.europesays.com\/fr\/wp-json\/wp\/v2\/posts\/224275","targetHints":{"allow":["GET"]}}],"collection":[{"href":"https:\/\/www.europesays.com\/fr\/wp-json\/wp\/v2\/posts"}],"about":[{"href":"https:\/\/www.europesays.com\/fr\/wp-json\/wp\/v2\/types\/post"}],"author":[{"embeddable":true,"href":"https:\/\/www.europesays.com\/fr\/wp-json\/wp\/v2\/users\/2"}],"replies":[{"embeddable":true,"href":"https:\/\/www.europesays.com\/fr\/wp-json\/wp\/v2\/comments?post=224275"}],"version-history":[{"count":0,"href":"https:\/\/www.europesays.com\/fr\/wp-json\/wp\/v2\/posts\/224275\/revisions"}],"wp:featuredmedia":[{"embeddable":true,"href":"https:\/\/www.europesays.com\/fr\/wp-json\/wp\/v2\/media\/224276"}],"wp:attachment":[{"href":"https:\/\/www.europesays.com\/fr\/wp-json\/wp\/v2\/media?parent=224275"}],"wp:term":[{"taxonomy":"category","embeddable":true,"href":"https:\/\/www.europesays.com\/fr\/wp-json\/wp\/v2\/categories?post=224275"},{"taxonomy":"post_tag","embeddable":true,"href":"https:\/\/www.europesays.com\/fr\/wp-json\/wp\/v2\/tags?post=224275"}],"curies":[{"name":"wp","href":"https:\/\/api.w.org\/{rel}","templated":true}]}}