{"id":224277,"date":"2025-07-03T23:31:11","date_gmt":"2025-07-03T23:31:11","guid":{"rendered":"https:\/\/www.europesays.com\/fr\/224277\/"},"modified":"2025-07-03T23:31:11","modified_gmt":"2025-07-03T23:31:11","slug":"90-enquetes-marseille-entre-luxe-misere-et-delinquance-90-enquetes","status":"publish","type":"post","link":"https:\/\/www.europesays.com\/fr\/224277\/","title":{"rendered":"90&prime; Enqu\u00eates &#8211; Marseille : Entre luxe, mis\u00e8re et d\u00e9linquance &#8211; 90&prime; Enqu\u00eates"},"content":{"rendered":"<p id=\"descriptionPanel\" aria-labelledby=\"descriptionArrow\" aria-expanded=\"false\" class=\"mr-2 line-clamp-2 pr-2.5 text-secondary overflow-visible\">Marseille veut casser son image de \u00ab\u00a0Chicago \u00e0 la fran\u00e7aise\u00a0\u00bb. Depuis quelques ann\u00e9es, la mythique cit\u00e9 phoc\u00e9enne a entrepris une profonde mutation. Avec la r\u00e9novation du centre-ville, entre la cr\u00e9ation du Mus\u00e9e sur le Vieux-Port et la r\u00e9novation de quartiers mythiques comme le Panier, Marseille change de visage. Mais, malgr\u00e9 tous ses efforts, la plus vieille ville de France reste rong\u00e9e par ses vieux d\u00e9mons : d\u00e9linquance, grand banditisme et insalubrit\u00e9. Une cohabitation parfois difficile entre le luxe des nouveaux h\u00f4tels et la violence, toujours plus grande, des quartiers les plus d\u00e9laiss\u00e9s. La refonte du littoral et la difficult\u00e9 de nettoyer la ville restent une r\u00e9alit\u00e9, surtout quand on sait que certains habitants continuent de jeter leurs ordures par la fen\u00eatre&#8230;&#13;Alors, \u00e0 l&rsquo;instar de Barcelone ou Lisbonne, Marseille peut-elle r\u00e9ussir son pari de devenir une \u00ab\u00a0capitale du Sud\u00a0\u00bb? Enqu\u00eate au c\u0153ur d&rsquo;une ville en pleine \u00e9bullition.<\/p>\n<p><a class=\"shrink-0\" href=\"https:\/\/www.tf1.fr\/tmc\/90-enquetes\" target=\"_blank\" rel=\"noopener\"><img decoding=\"async\" src=\"https:\/\/www.europesays.com\/fr\/wp-content\/uploads\/2025\/07\/flux-vignette-portrait-90enquetes-2023-141aa0-2935d7-e7882e-0@1x.jpg\" width=\"138\" height=\"184\" alt=\"\" loading=\"eager\" fetchpriority=\"auto\" class=\"aspect-[3\/4] h-24 w-auto rounded-3px\" aria-hidden=\"true\"\/><\/a><\/p>\n","protected":false},"excerpt":{"rendered":"Marseille veut casser son image de \u00ab\u00a0Chicago \u00e0 la fran\u00e7aise\u00a0\u00bb. Depuis quelques ann\u00e9es, la mythique cit\u00e9 phoc\u00e9enne a&hellip;\n","protected":false},"author":2,"featured_media":224278,"comment_status":"","ping_status":"","sticky":false,"template":"","format":"standard","meta":{"footnotes":""},"categories":[2814],"tags":[19770,19769,1111,11,2889,19768,1777,674,1011,27,884,12,882,25,19772,19771,19773],"class_list":{"0":"post-224277","1":"post","2":"type-post","3":"status-publish","4":"format-standard","5":"has-post-thumbnail","7":"category-marseille","8":"tag-90-enquetes","9":"tag-90-enquetes-emission","10":"tag-actu","11":"tag-actualites","12":"tag-emission","13":"tag-emission-90-enquetes","14":"tag-eu","15":"tag-europe","16":"tag-fr","17":"tag-france","18":"tag-marseille","19":"tag-news","20":"tag-provence-alpes-cote-dazur","21":"tag-republique-francaise","22":"tag-streaming-90-enquetes","23":"tag-video-90-enquetes","24":"tag-video-en-streaming-90-enquetes"},"share_on_mastodon":{"url":"https:\/\/pubeurope.com\/@fr\/114791912948639423","error":""},"_links":{"self":[{"href":"https:\/\/www.europesays.com\/fr\/wp-json\/wp\/v2\/posts\/224277","targetHints":{"allow":["GET"]}}],"collection":[{"href":"https:\/\/www.europesays.com\/fr\/wp-json\/wp\/v2\/posts"}],"about":[{"href":"https:\/\/www.europesays.com\/fr\/wp-json\/wp\/v2\/types\/post"}],"author":[{"embeddable":true,"href":"https:\/\/www.europesays.com\/fr\/wp-json\/wp\/v2\/users\/2"}],"replies":[{"embeddable":true,"href":"https:\/\/www.europesays.com\/fr\/wp-json\/wp\/v2\/comments?post=224277"}],"version-history":[{"count":0,"href":"https:\/\/www.europesays.com\/fr\/wp-json\/wp\/v2\/posts\/224277\/revisions"}],"wp:featuredmedia":[{"embeddable":true,"href":"https:\/\/www.europesays.com\/fr\/wp-json\/wp\/v2\/media\/224278"}],"wp:attachment":[{"href":"https:\/\/www.europesays.com\/fr\/wp-json\/wp\/v2\/media?parent=224277"}],"wp:term":[{"taxonomy":"category","embeddable":true,"href":"https:\/\/www.europesays.com\/fr\/wp-json\/wp\/v2\/categories?post=224277"},{"taxonomy":"post_tag","embeddable":true,"href":"https:\/\/www.europesays.com\/fr\/wp-json\/wp\/v2\/tags?post=224277"}],"curies":[{"name":"wp","href":"https:\/\/api.w.org\/{rel}","templated":true}]}}