{"id":224279,"date":"2025-07-03T23:32:10","date_gmt":"2025-07-03T23:32:10","guid":{"rendered":"https:\/\/www.europesays.com\/fr\/224279\/"},"modified":"2025-07-03T23:32:10","modified_gmt":"2025-07-03T23:32:10","slug":"previsions-du-vendredi-4-juillet-2025-6","status":"publish","type":"post","link":"https:\/\/www.europesays.com\/fr\/224279\/","title":{"rendered":"pr\u00e9visions du vendredi 4 juillet 2025"},"content":{"rendered":"<p>La journ\u00e9e qui s&rsquo;annonce \u00e0 Lyon, promet d&rsquo;\u00eatre superbe et ensoleill\u00e9e ! Il va faire chaud avec des valeurs qui afficheront entre 18 et 31\u00b0C. Un vent de nord soufflera doucement. Un temps plus chaud est attendu l&rsquo;apr\u00e8s-midi puisque le mercure va conna\u00eetre une augmentation, remplissant les terrasses de r\u00e9sidents et de vacanciers venus appr\u00e9cier l&rsquo;\u00e9t\u00e9. Les temp\u00e9ratures maximales annonc\u00e9es sont importantes, avec 31\u00b0C. Il va faire 25\u00b0C en moyenne le soir. Le ciel sera clair dans la nuit de vendredi \u00e0 samedi.<\/p>\n<p>Demain, un grand soleil rayonnera sur Lyon. Prenez garde \u00e0 la vague de chaleur. Des valeurs de 16 \u00e0 33\u00b0C sont pr\u00e9vues. Les temp\u00e9ratures s&rsquo;\u00e9chelonneront entre 16 et 33\u00b0C, un temps vraiment de saison. La ville va p\u00e2tir des grosses chaleurs avec des valeurs qui devraient monter jusqu&rsquo;\u00e0 30\u00b0C le matin. On pr\u00e9voit des temp\u00e9ratures avoisinant 25\u00b0C. Un vent de nord rafra\u00eechira sensiblement l&rsquo;atmosph\u00e8re. L&rsquo;\u00e9t\u00e9 prend ses quartiers ! Les temp\u00e9ratures vont grimper pendant l&rsquo;apr\u00e8s-midi de plusieurs degr\u00e9s. Les fortes chaleurs sont pr\u00e9sentes. Avec des valeurs situ\u00e9es entre 32 et 33\u00b0C. La ville va subir, demain soir, un passage d&rsquo;importantes chaleurs avec des temp\u00e9ratures qui rejoindront parfois les 31\u00b0C. Un vent de sud soufflera un peu, avec 7 km\/h.<\/p>\n<p>La m\u00e9t\u00e9o des journ\u00e9es qui suivent va changer peu \u00e0 peu. Apr\u00e8s un temps similaire dimanche, la situation changera lundi.<\/p>\n<p>Pour se pr\u00e9munir contre les fortes chaleurs, il faut penser \u00e0 s&rsquo;hydrater r\u00e9guli\u00e8rement ainsi qu&rsquo;\u00e0 bien manger. Couvrez votre peau avec un t-shirt, une casquette, de la cr\u00e8me solaire et ne vous exposez pas au soleil lors des heures les plus chaudes.<\/p>\n","protected":false},"excerpt":{"rendered":"La journ\u00e9e qui s&rsquo;annonce \u00e0 Lyon, promet d&rsquo;\u00eatre superbe et ensoleill\u00e9e ! Il va faire chaud avec des&hellip;\n","protected":false},"author":2,"featured_media":224280,"comment_status":"","ping_status":"","sticky":false,"template":"","format":"standard","meta":{"footnotes":""},"categories":[1889],"tags":[1111,11,2430,1777,674,1011,27,2428,12,2119,25,2429,2431],"class_list":{"0":"post-224279","1":"post","2":"type-post","3":"status-publish","4":"format-standard","5":"has-post-thumbnail","7":"category-lyon","8":"tag-actu","9":"tag-actualites","10":"tag-auvergne-rhone-alpes","11":"tag-eu","12":"tag-europe","13":"tag-fr","14":"tag-france","15":"tag-lyon","16":"tag-news","17":"tag-previsions-meteo","18":"tag-republique-francaise","19":"tag-rhone","20":"tag-rhone-alpes"},"share_on_mastodon":{"url":"https:\/\/pubeurope.com\/@fr\/114791917142104715","error":""},"_links":{"self":[{"href":"https:\/\/www.europesays.com\/fr\/wp-json\/wp\/v2\/posts\/224279","targetHints":{"allow":["GET"]}}],"collection":[{"href":"https:\/\/www.europesays.com\/fr\/wp-json\/wp\/v2\/posts"}],"about":[{"href":"https:\/\/www.europesays.com\/fr\/wp-json\/wp\/v2\/types\/post"}],"author":[{"embeddable":true,"href":"https:\/\/www.europesays.com\/fr\/wp-json\/wp\/v2\/users\/2"}],"replies":[{"embeddable":true,"href":"https:\/\/www.europesays.com\/fr\/wp-json\/wp\/v2\/comments?post=224279"}],"version-history":[{"count":0,"href":"https:\/\/www.europesays.com\/fr\/wp-json\/wp\/v2\/posts\/224279\/revisions"}],"wp:featuredmedia":[{"embeddable":true,"href":"https:\/\/www.europesays.com\/fr\/wp-json\/wp\/v2\/media\/224280"}],"wp:attachment":[{"href":"https:\/\/www.europesays.com\/fr\/wp-json\/wp\/v2\/media?parent=224279"}],"wp:term":[{"taxonomy":"category","embeddable":true,"href":"https:\/\/www.europesays.com\/fr\/wp-json\/wp\/v2\/categories?post=224279"},{"taxonomy":"post_tag","embeddable":true,"href":"https:\/\/www.europesays.com\/fr\/wp-json\/wp\/v2\/tags?post=224279"}],"curies":[{"name":"wp","href":"https:\/\/api.w.org\/{rel}","templated":true}]}}