{"id":224283,"date":"2025-07-03T23:35:15","date_gmt":"2025-07-03T23:35:15","guid":{"rendered":"https:\/\/www.europesays.com\/fr\/224283\/"},"modified":"2025-07-03T23:35:15","modified_gmt":"2025-07-03T23:35:15","slug":"la-canicule-atteint-son-pic-paris-et-une-partie-de-la-france-suffoquent-actualites","status":"publish","type":"post","link":"https:\/\/www.europesays.com\/fr\/224283\/","title":{"rendered":"La canicule atteint son pic, Paris et une partie de la France suffoquent : Actualit\u00e9s"},"content":{"rendered":"<p class=\"lead \">Paris et sa banlieue \u00e9touffent comme une grande partie de la France pour cette journ\u00e9e de mardi, pic d&rsquo;une canicule pr\u00e9coce et exceptionnelle par sa dur\u00e9e, poussant les autorit\u00e9s \u00e0 prendre des mesures pour prot\u00e9ger les plus vuln\u00e9rables.  <\/p>\n<p class=\"lead \">En d\u00e9but de soir\u00e9e, le soleil reste br\u00fblant et le mercure atteignait encore 39\u00b0C vers 18H00, dans la capitale, selon M\u00e9t\u00e9o-France.  <\/p>\n<p class=\"lead \">R\u00e9mi, crois\u00e9 dans le quartier de Belleville dans l&rsquo;est parisien, ne pr\u00e9voit de sortir que pour aller chercher sa fille. \u00ab\u00a0Je suis en t\u00e9l\u00e9travail et avec la chaleur, c&rsquo;est plus difficile que d&rsquo;habitude, mais au moins, je n&rsquo;ai pas \u00e0 me d\u00e9placer ni \u00e0 prendre les transports\u00a0\u00bb, explique le trentenaire, qui pr\u00e9f\u00e8re ne pas donner son nom, casquette sur la t\u00eate.<\/p>\n<p class=\"lead \"> Mais la canicule n&rsquo;a pas touch\u00e9 que la r\u00e9gion parisienne. Le thermom\u00e8tre est ainsi mont\u00e9 jusqu&rsquo;\u00e0 41,4\u00b0C \u00e0 Cadenet (Vaucluse)), 41,2\u00b0C \u00e0 Chateaumeillant (Cher) ou encore 40,3\u00b0C \u00e0 N\u00eemes-Garons (Gard) et Castelnaudry (Aude), a d\u00e9taill\u00e9 M\u00e9t\u00e9o-France mardi soir.<\/p>\n<p class=\"lead \">\u00ab\u00a0Des mesures ont \u00e9t\u00e9 activ\u00e9es d\u00e8s ce matin pour la protection des travailleurs et notamment adapter les horaires, suspendre les t\u00e2ches p\u00e9nibles, am\u00e9nager les postes de travail\u00a0\u00bb, a assur\u00e9 Fran\u00e7ois Bayrou depuis le Centre op\u00e9rationnel de gestion interminist\u00e9rielle des crises.<\/p>\n<p class=\"lead \">Des restrictions de circulation ont \u00e9t\u00e9 mises en place dans l&rsquo;agglom\u00e9ration parisienne. M\u00eame la tour Eiffel est \u00e0 la peine: le sommet des 330 m\u00e8tres de fer puddl\u00e9 restera ferm\u00e9 au public jusqu&rsquo;\u00e0 mercredi inclus. <\/p>\n<p class=\"lead \">Parcs ouverts la nuit, assistance renforc\u00e9e des personnes vuln\u00e9rables, horaires de piscine \u00e9tendus: la ville de Paris a activ\u00e9 le niveau 4, le plus \u00e9lev\u00e9, de son plan canicule.<\/p>\n<p class=\"lead \">&#8211; Organismes \u00e9prouv\u00e9s &#8211;<\/p>\n<p class=\"lead \">Paris et quinze autres d\u00e9partements sont en vigilance rouge depuis midi, dont les d\u00e9partements d&rsquo;\u00cele-de-France, mais aussi ceux de la r\u00e9gion Centre-Val de Loire (sauf l&rsquo;Eure-et-Loir) ainsi que l&rsquo;Aube, l&rsquo;Yonne et la Vienne. <\/p>\n<p class=\"lead \">M\u00e9t\u00e9o-France pr\u00e9voit un pic caniculaire \u00ab\u00a0tr\u00e8s fort\u00a0\u00bb dans le bassin parisien avec une chaleur \u00ab\u00a0particuli\u00e8rement \u00e9prouvante\u00a0\u00bb.<\/p>\n<p class=\"lead \">La ville de Melun (Seine-et-Marne) a ferm\u00e9 tous les \u00e9tablissements publics accueillant des enfants. Au niveau national, pr\u00e8s de 1.900 \u00e9tablissements scolaires, soit 3% du total, font l&rsquo;objet d&rsquo;une fermeture partielle ou totale mardi, selon le minist\u00e8re de l&rsquo;Education. <\/p>\n<p class=\"lead \"><img decoding=\"async\" class=\"w-100\" src=\"https:\/\/www.europesays.com\/fr\/wp-content\/uploads\/2025\/07\/2275\/actu\/afp-news\/492e99bc-0039-4421-b3e0-a7bec5c74e09-4.jpg\" alt=\"\"\/> Cette s\u00e9rie de jours et nuits de chaleur promet d&rsquo;\u00e9prouver les organismes. <\/p>\n<p class=\"lead \">A Bordeaux, Jo, un SDF de 55 ans rue Sainte-Catherine, qui n&rsquo;a pas souhait\u00e9 donner son identit\u00e9, dit \u00ab\u00a0souffrir \u00e9norm\u00e9ment\u00a0\u00bb. Le bitume dans cette ville tr\u00e8s min\u00e9rale est plus chaud encore. Il explique \u00ab\u00a0attendre que \u00e7a passe et esp\u00e9rer ne pas faire de malaise\u00a0\u00bb.<\/p>\n<p class=\"lead \">&#8211; \u00ab\u00a0Malaises\u00a0\u00bb &#8211;<\/p>\n<p class=\"lead \">Les services d&rsquo;urgence sont sur le pont. <\/p>\n<p class=\"lead \">Pierre-Marie Tardieux, chef des urgences au CHU de Nice, estime recevoir \u00ab\u00a0environ 30% de personnes \u00e2g\u00e9es, mais aussi des travailleurs du b\u00e2timent, des sportifs, des gens jeunes qui ont eu des coups de chaud\u00a0\u00bb ainsi que \u00ab\u00a0beaucoup de personnes qui vivent dans la rue\u00a0\u00bb.<\/p>\n<p>                                                                                                 Sur les passages aux urgences, \u00ab\u00a0pour l&rsquo;instant, nous n&rsquo;avons pas de remont\u00e9es significatives, mais nous savons qu&rsquo;il existe un d\u00e9calage de quelques jours\u00a0\u00bb, a rappel\u00e9 le ministre de la Sant\u00e9. <\/p>\n<p class=\"lead \">\u00ab\u00a0Avec la canicule, on va s\u00fbrement \u00eatre \u00e0 plus 30%, plus 40% d&rsquo;appels par rapport \u00e0 la normale\u00a0\u00bb, a indiqu\u00e9 \u00e0 l&rsquo;AFP le Pr Fr\u00e9d\u00e9ric Adnet, chef de service du Samu de Paris, notant une augmentation du nombre d&rsquo;appels \u00ab\u00a0essentiellement li\u00e9s \u00e0 des malaises, mais pour l&rsquo;instant pas trop de malaises graves, pas beaucoup d&rsquo;hyperthermie, une pathologie extr\u00eamement grave\u00a0\u00bb.<\/p>\n<p class=\"lead \">Cette vague de chaleur, qui concerne aussi tout le sud de l&rsquo;Europe, est la 50e recens\u00e9e depuis 1947 et la 33e au XXIe si\u00e8cle.<\/p>\n<p class=\"lead \">\u00ab\u00a0Cet \u00e9v\u00e9nement est inhabituel car il est extr\u00eame, tr\u00e8s t\u00f4t dans la saison estivale et que le changement climatique l&rsquo;a tr\u00e8s certainement aggrav\u00e9\u00a0\u00bb, analyse pour l&rsquo;AFP Samantha Burgess, climatologue pour l&rsquo;observatoire europ\u00e9en Copernicus.<\/p>\n<p class=\"lead \">\u00ab\u00a0Le changement climatique cr\u00e9\u00e9 une nouvelle norme\u00a0\u00bb, pr\u00e9vient cette scientifique, rendant les canicules plus fr\u00e9quentes, m\u00eame en juin et en septembre.<\/p>\n<p class=\"lead \">Mardi, l&rsquo;Angleterre et l&rsquo;Espagne ont annonc\u00e9 que le mois de juin 2025 est le plus chaud jamais enregistr\u00e9. <\/p>\n<p class=\"lead \">La cause de cette vague de chaleur, qui concerne tout le sud de l&rsquo;Europe, est un d\u00f4me de chaleur: un large et puissant anticyclone forme une sorte de couvercle qui bloque l&rsquo;air en basses couches, emp\u00eachant l&rsquo;entr\u00e9e de perturbations tout en le r\u00e9chauffant progressivement.<\/p>\n<p class=\"small font-weight-bold text-gray3 \"> publi\u00e9 le 1 juillet \u00e0 19h59, AFP<\/p>\n<p>                             Partager<\/p>\n","protected":false},"excerpt":{"rendered":"Paris et sa banlieue \u00e9touffent comme une grande partie de la France pour cette journ\u00e9e de mardi, pic&hellip;\n","protected":false},"author":2,"featured_media":224284,"comment_status":"","ping_status":"","sticky":false,"template":"","format":"standard","meta":{"footnotes":""},"categories":[1592],"tags":[7619,21335,14427,1111,11,1129,436,1777,674,1011,27,662,24017,12,626,1800,25,585,3552,3847],"class_list":{"0":"post-224283","1":"post","2":"type-post","3":"status-publish","4":"format-standard","5":"has-post-thumbnail","7":"category-ile-de-france","8":"tag-ducation","9":"tag-lectricit","10":"tag-nergie","11":"tag-actu","12":"tag-actualites","13":"tag-climat","14":"tag-environnement","15":"tag-eu","16":"tag-europe","17":"tag-fr","18":"tag-france","19":"tag-ile-de-france","20":"tag-mto","21":"tag-news","22":"tag-paris","23":"tag-pollution","24":"tag-republique-francaise","25":"tag-sant","26":"tag-seniors","27":"tag-travail"},"share_on_mastodon":{"url":"https:\/\/pubeurope.com\/@fr\/114791928571796869","error":""},"_links":{"self":[{"href":"https:\/\/www.europesays.com\/fr\/wp-json\/wp\/v2\/posts\/224283","targetHints":{"allow":["GET"]}}],"collection":[{"href":"https:\/\/www.europesays.com\/fr\/wp-json\/wp\/v2\/posts"}],"about":[{"href":"https:\/\/www.europesays.com\/fr\/wp-json\/wp\/v2\/types\/post"}],"author":[{"embeddable":true,"href":"https:\/\/www.europesays.com\/fr\/wp-json\/wp\/v2\/users\/2"}],"replies":[{"embeddable":true,"href":"https:\/\/www.europesays.com\/fr\/wp-json\/wp\/v2\/comments?post=224283"}],"version-history":[{"count":0,"href":"https:\/\/www.europesays.com\/fr\/wp-json\/wp\/v2\/posts\/224283\/revisions"}],"wp:featuredmedia":[{"embeddable":true,"href":"https:\/\/www.europesays.com\/fr\/wp-json\/wp\/v2\/media\/224284"}],"wp:attachment":[{"href":"https:\/\/www.europesays.com\/fr\/wp-json\/wp\/v2\/media?parent=224283"}],"wp:term":[{"taxonomy":"category","embeddable":true,"href":"https:\/\/www.europesays.com\/fr\/wp-json\/wp\/v2\/categories?post=224283"},{"taxonomy":"post_tag","embeddable":true,"href":"https:\/\/www.europesays.com\/fr\/wp-json\/wp\/v2\/tags?post=224283"}],"curies":[{"name":"wp","href":"https:\/\/api.w.org\/{rel}","templated":true}]}}