{"id":224289,"date":"2025-07-03T23:38:09","date_gmt":"2025-07-03T23:38:09","guid":{"rendered":"https:\/\/www.europesays.com\/fr\/224289\/"},"modified":"2025-07-03T23:38:09","modified_gmt":"2025-07-03T23:38:09","slug":"previsions-du-vendredi-4-juillet-2025-7","status":"publish","type":"post","link":"https:\/\/www.europesays.com\/fr\/224289\/","title":{"rendered":"pr\u00e9visions du vendredi 4 juillet 2025"},"content":{"rendered":"<p>Aujourd&rsquo;hui, un important soleil rayonnera sur Paris. Les valeurs avoisineront les 22\u00b0C. Un vent de nord-est soufflera un peu, avec 8 km\/h dans la matin\u00e9e. Un temps plus chaud est pr\u00e9vu l&rsquo;apr\u00e8s-midi \u00e9tant donn\u00e9 que les temp\u00e9ratures vont enregistrer une hausse. La p\u00e9riode de fortes chaleurs est bien l\u00e0, avec des temp\u00e9ratures qui risqueront d&rsquo;aller \u00e0 30\u00b0C. Les valeurs seront de 28\u00b0C au plus bas et de 30\u00b0C au maximum. Il va faire environ 26\u00b0C, le soir. Un ciel clair est attendu dans la nuit entre vendredi et samedi.<\/p>\n<p>L&rsquo;air ambiant va se r\u00e9chauffer demain \u00e0 Paris avec une augmentation de quelques degr\u00e9s. La ville va subir un passage de grosses chaleurs avec des temp\u00e9ratures qui atteindront parfois les 30\u00b0C. Les valeurs s&rsquo;\u00e9chelonneront entre 15 et 30\u00b0C. Un modeste vent de nord-ouest sera ressenti par les habitants. Cette matin\u00e9e rimera avec beau soleil. Des \u00e9claircies sont attendues : on passera un apr\u00e8s-midi agr\u00e9able. Les temp\u00e9ratures vont conna\u00eetre une hausse de plusieurs degr\u00e9s. Les valeurs \u00e9volueront entre 26 et 30\u2009\u00b0C. Les valeurs seront comprises entre 26 et 30\u00b0C. Il fera 24\u00b0C en moyenne demain soir.<\/p>\n<p>La m\u00e9t\u00e9o va se d\u00e9grader dans les jours qui suivent. Il va faire un temps plut\u00f4t pluvieux avec des temp\u00e9ratures d&rsquo;environ 21\u00b0C.<\/p>\n<p><\/p>\n","protected":false},"excerpt":{"rendered":"Aujourd&rsquo;hui, un important soleil rayonnera sur Paris. Les valeurs avoisineront les 22\u00b0C. Un vent de nord-est soufflera un&hellip;\n","protected":false},"author":2,"featured_media":224290,"comment_status":"","ping_status":"","sticky":false,"template":"","format":"standard","meta":{"footnotes":""},"categories":[1888],"tags":[11,1777,674,1011,27,662,12,626,2119,25],"class_list":{"0":"post-224289","1":"post","2":"type-post","3":"status-publish","4":"format-standard","5":"has-post-thumbnail","7":"category-paris","8":"tag-actualites","9":"tag-eu","10":"tag-europe","11":"tag-fr","12":"tag-france","13":"tag-ile-de-france","14":"tag-news","15":"tag-paris","16":"tag-previsions-meteo","17":"tag-republique-francaise"},"share_on_mastodon":{"url":"https:\/\/pubeurope.com\/@fr\/114791940335110152","error":""},"_links":{"self":[{"href":"https:\/\/www.europesays.com\/fr\/wp-json\/wp\/v2\/posts\/224289","targetHints":{"allow":["GET"]}}],"collection":[{"href":"https:\/\/www.europesays.com\/fr\/wp-json\/wp\/v2\/posts"}],"about":[{"href":"https:\/\/www.europesays.com\/fr\/wp-json\/wp\/v2\/types\/post"}],"author":[{"embeddable":true,"href":"https:\/\/www.europesays.com\/fr\/wp-json\/wp\/v2\/users\/2"}],"replies":[{"embeddable":true,"href":"https:\/\/www.europesays.com\/fr\/wp-json\/wp\/v2\/comments?post=224289"}],"version-history":[{"count":0,"href":"https:\/\/www.europesays.com\/fr\/wp-json\/wp\/v2\/posts\/224289\/revisions"}],"wp:featuredmedia":[{"embeddable":true,"href":"https:\/\/www.europesays.com\/fr\/wp-json\/wp\/v2\/media\/224290"}],"wp:attachment":[{"href":"https:\/\/www.europesays.com\/fr\/wp-json\/wp\/v2\/media?parent=224289"}],"wp:term":[{"taxonomy":"category","embeddable":true,"href":"https:\/\/www.europesays.com\/fr\/wp-json\/wp\/v2\/categories?post=224289"},{"taxonomy":"post_tag","embeddable":true,"href":"https:\/\/www.europesays.com\/fr\/wp-json\/wp\/v2\/tags?post=224289"}],"curies":[{"name":"wp","href":"https:\/\/api.w.org\/{rel}","templated":true}]}}