{"id":22429,"date":"2025-04-13T14:54:12","date_gmt":"2025-04-13T14:54:12","guid":{"rendered":"https:\/\/www.europesays.com\/fr\/22429\/"},"modified":"2025-04-13T14:54:12","modified_gmt":"2025-04-13T14:54:12","slug":"il-ny-a-pas-de-trucage-a-quimper-le-photographe-laurent-laveder-sublime-le-sud-finistere","status":"publish","type":"post","link":"https:\/\/www.europesays.com\/fr\/22429\/","title":{"rendered":"\u00ab\u00a0Il n\u2019y a pas de trucage\u00a0\u00bb\u00a0: \u00e0 Quimper, le photographe\u00a0Laurent Laveder sublime le Sud-Finist\u00e8re"},"content":{"rendered":"<p>\u00ab\u00a0Je suis un astrophotographe, autrement dit je suis \u00e0 70\u00a0% photographe et \u00e0 30\u00a0% astronome\u00a0\u00bb, se d\u00e9crit Laurent Laveder. Le Pluguffanais s\u2019est fait une sp\u00e9cialit\u00e9, depuis 2008, de saisir des paysages nocturnes insaisissables. Sur ces clich\u00e9s de paysages nocturnes du Finist\u00e8re Sud, apparaissent voies lact\u00e9es, plancton phosphorescent et lumi\u00e8res quasi divines, imperceptibles \u00e0 l\u2019\u0153il nu. Ce passionn\u00e9 d\u2019image de 53 ans publie quelque 112 de ses plus belles photos nocturnes dans un livre intitul\u00e9 \u00ab\u00a0Balade \u00e9toil\u00e9e en Finist\u00e8re Sud\u00a0\u00bb.<\/p>\n<p><img decoding=\"async\" src=\"https:\/\/www.europesays.com\/fr\/wp-content\/uploads\/2025\/04\/67fa6f0e636458ee03014911.1.jpeg\" width=\"480\" height=\"300\" class=\"web_golden_m\" loading=\"lazy\" alt=\"Le ciel magenta \u00e0 droite de l\u2019\u00eele Tristan r\u00e9v\u00e8le la pr\u00e9sence d\u2019aurores bor\u00e9ales particuli\u00e8rement intenses sur cette photo prise dans la nuit du 22 au 23\u00a0avril 2023. \u00c0 gauche de l\u2019\u00eele, ce sont les lumi\u00e8res de couleur orange de la ville de Brest qui sont bien visibles.\"\/>Le ciel magenta \u00e0 droite de l\u2019\u00eele Tristan r\u00e9v\u00e8le la pr\u00e9sence d\u2019aurores bor\u00e9ales particuli\u00e8rement intenses sur cette photo prise dans la nuit du 22 au 23\u00a0avril 2023. \u00c0 gauche de l\u2019\u00eele, ce sont les lumi\u00e8res de couleur orange de la ville de Brest qui sont bien visibles. (Laurent Laveder)\u00ab\u00a0Des lumi\u00e8res incroyables apparaissent\u00a0\u00bb<\/p>\n<p>\u00ab\u00a0Au d\u00e9part, j\u2019ai une formation d\u2019astronome. J\u2019ai toujours eu une attirance pour le ciel. Mais, avec un t\u00e9lescope, on ne voit pas grand-chose, alors que d\u00e8s que l\u2019on prend une photo, des lumi\u00e8res incroyables apparaissent\u00a0\u00bb, explique l\u2019homme originaire d\u2019Antibes, arriv\u00e9 en Bretagne en 1997. Quimper, Pont-Aven, Portsall, <a href=\"https:\/\/www.letelegramme.fr\/finistere\/brest-29200\/a-logonna-daoulas-plancton-phosphorescent-et-voie-lactee-sur-une-meme-photo-6355910.php\" target=\"_blank\" rel=\"noopener\">Logonna-Daoulas<\/a>, Loctudy, Pont-Croix, N\u00e9vez, Fouesnant, Sainte-Marine, Audierne, Pluguffan, etc. sont sublim\u00e9es par le prisme du travail photographique de Laurent Laveder.<\/p>\n<p><img decoding=\"async\" src=\"https:\/\/www.europesays.com\/fr\/wp-content\/uploads\/2025\/04\/67fa6f0e641595fd160f52d3.1.jpeg\" width=\"480\" height=\"300\" class=\"web_golden_m\" loading=\"lazy\" alt=\"\u00c0 Pont-Aven, cette photographie prise par Laurent Laveder r\u00e9v\u00e8le la voie lact\u00e9e visible dans le ciel de nuit.\"\/>\u00c0 Pont-Aven, cette photographie prise par Laurent Laveder r\u00e9v\u00e8le la voie lact\u00e9e visible dans le ciel de nuit. (Laurent Laveder)<\/p>\n<p>\u00ab\u00a0Il n\u2019y a pas de trucage photo. Je ne rajoute pas de couleur. Au moment de la prise de vue, j\u2019utilise un mat\u00e9riel assez classique mais je choisis un objectif tr\u00e8s sensible avec une ouverture de 1,4 qui permet de figer le mouvement. Ensuite, sur ordinateur je joue sur la lumi\u00e8re et les contrastes\u00a0\u00bb. Le photographe a d\u2019ailleurs pens\u00e9 \u00e0 ceux qui voudraient, comme lui, capter ces images renversantes, en int\u00e9grant dans son livre quatre pages de tutoriel o\u00f9 sont indiqu\u00e9s les r\u00e9glages et param\u00e8tres qu\u2019il utilise. \u00ab\u00a0J\u2019aime le partage. Quand les gens viennent dans ma boutique (La t\u00eate de l\u2019art, 13, rue \u00c9lie-Fr\u00e9ron), je leur explique comment je fais\u00a0\u00bb.<\/p>\n<blockquote><p>Des fois, je me l\u00e8ve \u00e0 4\u00a0h, je fais ma photo \u00e0 5\u00a0h et je retourne me coucher.<\/p><\/blockquote>\n<p><img decoding=\"async\" src=\"https:\/\/www.europesays.com\/fr\/wp-content\/uploads\/2025\/04\/67fa6f0d636458ee03014910.1.jpeg\" width=\"480\" height=\"300\" class=\"web_golden_m\" loading=\"lazy\" alt=\"Apr\u00e8s minuit, la place du village de Locronan est d\u00e9serte. \u00c9clair\u00e9s par un quartier de lune, les b\u00e2timents sont bien lumineux tandis que la voie lact\u00e9e est \u00e9clatante.\"\/>Apr\u00e8s minuit, la place du village de Locronan est d\u00e9serte. \u00c9clair\u00e9s par un quartier de lune, les b\u00e2timents sont bien lumineux tandis que la voie lact\u00e9e est \u00e9clatante. (Laurent Laveder)<img decoding=\"async\" src=\"https:\/\/www.europesays.com\/fr\/wp-content\/uploads\/2025\/04\/67fa6f0d636458ee0301490f.1.jpeg\" width=\"480\" height=\"300\" class=\"web_golden_m\" loading=\"lazy\" alt=\"Du plancton phosphorescent (bioluminescence) dans la baie de Pors Carn, \u00e0 Plomeur est visible au premier plan. Cette photo prise \u00e0 partir des rochers au sud de la Pointe de la Torche, laisse appara\u00eetre la lumi\u00e8re orange du\u00a0Guilvinec, la lumi\u00e8re d\u2019une voiture au-dessus du plancton, le puissant phare d\u2019Eckm\u00fchl et la paillote Chez Marie-Cath, juste \u00e0 gauche de la lueur blanche du port de Saint-Gu\u00e9nol\u00e9.\"\/>Du plancton phosphorescent (bioluminescence) dans la baie de Pors Carn, \u00e0 Plomeur est visible au premier plan. Cette photo prise \u00e0 partir des rochers au sud de la Pointe de la Torche, laisse appara\u00eetre la lumi\u00e8re orange du\u00a0Guilvinec, la lumi\u00e8re d\u2019une voiture au-dessus du plancton, le puissant phare d\u2019Eckm\u00fchl et la paillote Chez Marie-Cath, juste \u00e0 gauche de la lueur blanche du port de Saint-Gu\u00e9nol\u00e9. (Laurent Laveder)\u00ab\u00a0L\u2019an dernier, j\u2019ai fait 41 sorties\u00a0\u00bb<\/p>\n<p>Pour d\u00e9crocher LA photo, le Pluguffanais ne compte pas les kilom\u00e8tres ni m\u00eame ses heures de sommeil. \u00ab\u00a0Des fois, je me l\u00e8ve \u00e0 4\u00a0h, je fais ma photo \u00e0 5\u00a0h et je retourne me coucher\u00a0\u00bb, rigole-t-il. Avant de chasser les images sur le terrain, c\u2019est sur <a href=\"https:\/\/www.google.com\/maps\/search\/?api=1&amp;hl=fr&amp;query=Lacon+Illinois+61540\" target=\"_blank\" rel=\"noopener\">Google Maps<\/a> que Laurent Laveder identifie les paysages qu\u2019il veut photographier. \u00ab\u00a0Pour faire la bonne photo, je dispose souvent de seulement quatre \u00e0 six jours dans l\u2019ann\u00e9e. C\u2019est l\u00e0 que les conditions de lumi\u00e8re sont optimales\u00a0\u00bb.<\/p>\n<p><img decoding=\"async\" src=\"https:\/\/www.europesays.com\/fr\/wp-content\/uploads\/2025\/04\/67fa6f0dbc87ac24bf098c20.1.jpeg\" width=\"480\" height=\"300\" class=\"web_golden_m\" loading=\"lazy\" alt=\"Les aurores bor\u00e9ales capt\u00e9es dans la nuit du 10\u00a0octobre 2024, au-dessus de Quimper, \u00e0 partir du\u00a0Mont Frugy.\"\/>Les aurores bor\u00e9ales capt\u00e9es dans la nuit du 10\u00a0octobre 2024, au-dessus de Quimper, \u00e0 partir du\u00a0Mont Frugy. (Laurent Laveder)<\/p>\n<p>\u00ab\u00a0Un photographe qui travaille sans lumi\u00e8re, c\u2019est comme un cuisinier qui travaille des aliments sans go\u00fbt\u00a0\u00bb, pointe le quinquag\u00e9naire, friand de m\u00e9taphores culinaires. Cette lumi\u00e8re tant recherch\u00e9e, c\u2019est en ce moment, entre mars et juillet qu\u2019elle est la plus pr\u00e9sente. \u00ab\u00a0L\u2019an dernier, j\u2019ai fait 41 sorties. C\u2019est beaucoup, mais j\u2019avais la dalle et il y avait de nombreuses photos que je m\u2019\u00e9tais fix\u00e9 de faire\u00a0\u00bb. Avec ce livre, Laurent Laveder veut tout simplement montrer son travail et le faire d\u00e9couvrir comme un bon plat, une bonne recette \u00e0 partager.<\/p>\n<p>Pratique<\/p>\n<p class=\"note\">\u00ab\u00a0Balade \u00e9toil\u00e9e en Finist\u00e8re Sud\u00a0\u00bb, livre auto\u00e9dit\u00e9 bilingue fran\u00e7ais\/anglais de 128 pages au format A4, au prix de 34 \u20ac. Disponible dans sa boutique La t\u00eate de l\u2019art, 13, rue \u00c9lie-Fr\u00e9ron, \u00e0 Quimper, et bient\u00f4t en librairie.<\/p>\n","protected":false},"excerpt":{"rendered":"\u00ab\u00a0Je suis un astrophotographe, autrement dit je suis \u00e0 70\u00a0% photographe et \u00e0 30\u00a0% astronome\u00a0\u00bb, se d\u00e9crit Laurent&hellip;\n","protected":false},"author":2,"featured_media":22430,"comment_status":"","ping_status":"","sticky":false,"template":"","format":"standard","meta":{"footnotes":""},"categories":[1358],"tags":[1348,1384,1385,251,1386,58,3320,59,3321,1011,27,1351,8318,1756,8278,3323,3319],"class_list":{"0":"post-22429","1":"post","2":"type-post","3":"status-publish","4":"format-standard","5":"has-post-thumbnail","7":"category-arts-et-design","8":"tag-arts","9":"tag-arts-and-design","10":"tag-arts-et-design","11":"tag-culture","12":"tag-design","13":"tag-divertissement","14":"tag-douarnenez","15":"tag-entertainment","16":"tag-finistere","17":"tag-fr","18":"tag-france","19":"tag-litterature","20":"tag-locronan","21":"tag-photographie","22":"tag-pont-aven","23":"tag-pont-labbe","24":"tag-quimper"},"share_on_mastodon":{"url":"https:\/\/pubeurope.com\/@fr\/114331232758895667","error":""},"_links":{"self":[{"href":"https:\/\/www.europesays.com\/fr\/wp-json\/wp\/v2\/posts\/22429","targetHints":{"allow":["GET"]}}],"collection":[{"href":"https:\/\/www.europesays.com\/fr\/wp-json\/wp\/v2\/posts"}],"about":[{"href":"https:\/\/www.europesays.com\/fr\/wp-json\/wp\/v2\/types\/post"}],"author":[{"embeddable":true,"href":"https:\/\/www.europesays.com\/fr\/wp-json\/wp\/v2\/users\/2"}],"replies":[{"embeddable":true,"href":"https:\/\/www.europesays.com\/fr\/wp-json\/wp\/v2\/comments?post=22429"}],"version-history":[{"count":0,"href":"https:\/\/www.europesays.com\/fr\/wp-json\/wp\/v2\/posts\/22429\/revisions"}],"wp:featuredmedia":[{"embeddable":true,"href":"https:\/\/www.europesays.com\/fr\/wp-json\/wp\/v2\/media\/22430"}],"wp:attachment":[{"href":"https:\/\/www.europesays.com\/fr\/wp-json\/wp\/v2\/media?parent=22429"}],"wp:term":[{"taxonomy":"category","embeddable":true,"href":"https:\/\/www.europesays.com\/fr\/wp-json\/wp\/v2\/categories?post=22429"},{"taxonomy":"post_tag","embeddable":true,"href":"https:\/\/www.europesays.com\/fr\/wp-json\/wp\/v2\/tags?post=22429"}],"curies":[{"name":"wp","href":"https:\/\/api.w.org\/{rel}","templated":true}]}}