{"id":224291,"date":"2025-07-03T23:39:22","date_gmt":"2025-07-03T23:39:22","guid":{"rendered":"https:\/\/www.europesays.com\/fr\/224291\/"},"modified":"2025-07-03T23:39:22","modified_gmt":"2025-07-03T23:39:22","slug":"cecile-kohler-et-jacques-paris-les-deux-otages-risquent-la-peine-de-mort-journal-de-20-heures","status":"publish","type":"post","link":"https:\/\/www.europesays.com\/fr\/224291\/","title":{"rendered":"C\u00e9cile Kohler et Jacques Paris : les deux otages risquent la peine de mort &#8211; Journal de 20 heures"},"content":{"rendered":"<p id=\"descriptionPanel\" aria-labelledby=\"descriptionArrow\" aria-expanded=\"false\" class=\"mr-2 line-clamp-2 pr-2.5 text-secondary overflow-visible\">C\u00e9cile Kohler et Jacques Paris sont incarc\u00e9r\u00e9s en Iran depuis plus de trois ans. Depuis les bombardements isra\u00e9liens pr\u00e8s de la prison d&rsquo;Evin, ils ont \u00e9t\u00e9 \u00e9vacu\u00e9s vers un lieu tenu secret. Ils ont \u00e9t\u00e9 inculp\u00e9s, le mercredi 2 juillet, pour espionnage pour le compte d&rsquo;Isra\u00ebl et pour complot visant \u00e0 renverser le r\u00e9gime, et risquent la peine de mort. Une dizaine d&rsquo;autres personnes sont \u00e9galement d\u00e9tenues en Iran et attendent leur jugement. Selon les experts, il s&rsquo;agit d&rsquo;une diplomatie des otages.<\/p>\n<p>TF1 | Reportage B. CHRISTAL, A. KIRALY<\/p>\n<p><a class=\"shrink-0\" href=\"https:\/\/www.tf1.fr\/tf1\/jt-20h\" target=\"_blank\" rel=\"noopener\"><img decoding=\"async\" src=\"https:\/\/www.europesays.com\/fr\/wp-content\/uploads\/2025\/07\/flux-program-card-portrait-1-jt20h-btcb-f6f521-de0119-4109ab-0@1x.jpg\" width=\"138\" height=\"184\" alt=\"\" loading=\"eager\" fetchpriority=\"auto\" class=\"aspect-[3\/4] h-24 w-auto rounded-3px\" aria-hidden=\"true\"\/><\/a><\/p>\n","protected":false},"excerpt":{"rendered":"C\u00e9cile Kohler et Jacques Paris sont incarc\u00e9r\u00e9s en Iran depuis plus de trois ans. Depuis les bombardements isra\u00e9liens&hellip;\n","protected":false},"author":2,"featured_media":224292,"comment_status":"","ping_status":"","sticky":false,"template":"","format":"standard","meta":{"footnotes":""},"categories":[1888],"tags":[11,1777,674,3483,3697,1011,27,3699,3698,12,626,25,3701,3702,3700],"class_list":{"0":"post-224291","1":"post","2":"type-post","3":"status-publish","4":"format-standard","5":"has-post-thumbnail","7":"category-paris","8":"tag-actualites","9":"tag-eu","10":"tag-europe","11":"tag-extrait","12":"tag-extrait-journal-de-20-heures","13":"tag-fr","14":"tag-france","15":"tag-journal-de-20-heures","16":"tag-journal-de-20-heures-extrait","17":"tag-news","18":"tag-paris","19":"tag-republique-francaise","20":"tag-streaming-journal-de-20-heures","21":"tag-video-en-streaming-journal-de-20-heures","22":"tag-video-journal-de-20-heures"},"share_on_mastodon":{"url":"https:\/\/pubeurope.com\/@fr\/114791944256820342","error":""},"_links":{"self":[{"href":"https:\/\/www.europesays.com\/fr\/wp-json\/wp\/v2\/posts\/224291","targetHints":{"allow":["GET"]}}],"collection":[{"href":"https:\/\/www.europesays.com\/fr\/wp-json\/wp\/v2\/posts"}],"about":[{"href":"https:\/\/www.europesays.com\/fr\/wp-json\/wp\/v2\/types\/post"}],"author":[{"embeddable":true,"href":"https:\/\/www.europesays.com\/fr\/wp-json\/wp\/v2\/users\/2"}],"replies":[{"embeddable":true,"href":"https:\/\/www.europesays.com\/fr\/wp-json\/wp\/v2\/comments?post=224291"}],"version-history":[{"count":0,"href":"https:\/\/www.europesays.com\/fr\/wp-json\/wp\/v2\/posts\/224291\/revisions"}],"wp:featuredmedia":[{"embeddable":true,"href":"https:\/\/www.europesays.com\/fr\/wp-json\/wp\/v2\/media\/224292"}],"wp:attachment":[{"href":"https:\/\/www.europesays.com\/fr\/wp-json\/wp\/v2\/media?parent=224291"}],"wp:term":[{"taxonomy":"category","embeddable":true,"href":"https:\/\/www.europesays.com\/fr\/wp-json\/wp\/v2\/categories?post=224291"},{"taxonomy":"post_tag","embeddable":true,"href":"https:\/\/www.europesays.com\/fr\/wp-json\/wp\/v2\/tags?post=224291"}],"curies":[{"name":"wp","href":"https:\/\/api.w.org\/{rel}","templated":true}]}}