{"id":224295,"date":"2025-07-03T23:41:18","date_gmt":"2025-07-03T23:41:18","guid":{"rendered":"https:\/\/www.europesays.com\/fr\/224295\/"},"modified":"2025-07-03T23:41:18","modified_gmt":"2025-07-03T23:41:18","slug":"guerre-en-ukraine-un-general-de-la-marine-russe-tue-au-combat-dans-la-region-de-koursk-03-07-2025-a-1440","status":"publish","type":"post","link":"https:\/\/www.europesays.com\/fr\/224295\/","title":{"rendered":"Guerre en Ukraine : un g\u00e9n\u00e9ral de la marine russe tu\u00e9 \u00ab\u00a0au combat\u00a0\u00bb dans la r\u00e9gion de Koursk &#8211; 03\/07\/2025 \u00e0 14:40"},"content":{"rendered":"<p> Mikha\u00efl Goudkov, 42 ans, servait dans l&rsquo;arm\u00e9e russe depuis 2000 et \u00e9tait un ancien commandant de la 155e brigade de la flotte du Pacifique.<\/p>\n<p>        <img fetchpriority=\"high\" decoding=\"async\" src=\"https:\/\/www.europesays.com\/fr\/wp-content\/uploads\/2025\/07\/322f31afa509a3a447f36ae93947bbab-760x491.jpg\" alt=\"Vladimir Poutine \u00e0 Moscou, en Russie, le 1er juillet 2025. ( POOL \/ GAVRIIL GRIGOROV )\" loading=\"eager\" width=\"760\" height=\"491\" style=\"max-width: 100%!important; height: auto;\"\/><\/p>\n<p class=\"c-image-news__legend\">Vladimir Poutine \u00e0 Moscou, en Russie, le 1er juillet 2025. ( POOL \/ GAVRIIL GRIGOROV )<\/p>\n<p>\n L&rsquo;arm\u00e9e russe a annonc\u00e9 jeudi 3 juillet la mort \u00ab\u00a0au combat\u00a0\u00bb d&rsquo;un commandant en chef adjoint de la marine dans la r\u00e9gion de Koursk, frontali\u00e8re de l&rsquo;Ukraine et cible d&rsquo;attaques ukrainiennes. Il s&rsquo;agit de l&rsquo;un des plus hauts grad\u00e9s russe tu\u00e9s depuis l&rsquo;invasion par la Russie de son voisin ukrainien en f\u00e9vrier 2022.\n<\/p>\n<p>\n \u00ab\u00a0Le 2 juillet, lors de combats dans l&rsquo;une des zones frontali\u00e8res de la r\u00e9gion de Koursk, le g\u00e9n\u00e9ral Mikha\u00efl Goudkov (&#8230;) a trouv\u00e9 la mort\u00a0\u00bb, a indiqu\u00e9 l&rsquo;arm\u00e9e russe dans un communiqu\u00e9.\n<\/p>\n<p>\n Mikha\u00efl Goudkov, 42 ans, servait dans l&rsquo;arm\u00e9e russe depuis 2000 et \u00e9tait<br \/>\n <strong><br \/>\n  un ancien commandant de la 155e brigade de la flotte du Pacifique<br \/>\n <\/strong><br \/>\n , bas\u00e9e dans l&rsquo;Extr\u00eame-Orient russe, \u00e0 plusieurs milliers de kilom\u00e8tres \u00e0 l&rsquo;est de la capitale Moscou. Il avait re\u00e7u en 2023<br \/>\n <strong><br \/>\n  la m\u00e9daille de \u00ab\u00a0H\u00e9ros de la F\u00e9d\u00e9ration de Russie\u00a0\u00bb<br \/>\n <\/strong><br \/>\n , la plus haute distinction du pays, des mains du ministre de la D\u00e9fense d&rsquo;alors, Sergue\u00ef Cho\u00efgou.\n<\/p>\n<p> Combats frontaliers<\/p>\n<p>\n Oleg Kojemiako, le gouverneur de la r\u00e9gion de Primori\u00e9, situ\u00e9e dans l&rsquo;Extr\u00eame-Orient russe, a rapidement salu\u00e9 sur Telegram \u00ab\u00a0un guerrier au moral d&rsquo;acier\u00a0\u00bb avec qui il dit avoir \u00ab\u00a0beaucoup \u00e9chang\u00e9\u00a0\u00bb par le pass\u00e9.\n<\/p>\n<p>\n L&rsquo;arm\u00e9e ukrainienne avait r\u00e9ussi en ao\u00fbt 2024 \u00e0 s&#8217;emparer de plusieurs centaines de kilom\u00e8tres carr\u00e9s de la r\u00e9gion russe de Koursk, \u00e0 la fronti\u00e8re avec l&rsquo;Ukraine, avant d&rsquo;en \u00eatre progressivement expuls\u00e9e par les forces russes en avril, selon Moscou. Plusieurs milliers de combattants nord-cor\u00e9ens ont aid\u00e9 l&rsquo;arm\u00e9e russe dans ces combats, selon le Kremlin.\n<\/p>\n<p>\n Depuis, les combats se poursuivent \u00e0 la fronti\u00e8re et autour, selon la Russie et l&rsquo;Ukraine.\n<\/p>\n<p>\n Fin avril,<br \/>\n <strong><br \/>\n  un g\u00e9n\u00e9ral de l&rsquo;\u00e9tat-major de l&rsquo;arm\u00e9e russe, Iaroslav Moskalik, avait \u00e9t\u00e9 tu\u00e9<br \/>\n <\/strong><br \/>\n dans l&rsquo;explosion d&rsquo;une voiture pr\u00e8s de Moscou, une op\u00e9ration d\u00e9nonc\u00e9e par le Kremlin et imput\u00e9e \u00e0 Kiev, qui est rest\u00e9 officiellement silencieux.<\/p>\n","protected":false},"excerpt":{"rendered":"Mikha\u00efl Goudkov, 42 ans, servait dans l&rsquo;arm\u00e9e russe depuis 2000 et \u00e9tait un ancien commandant de la 155e&hellip;\n","protected":false},"author":2,"featured_media":224296,"comment_status":"","ping_status":"","sticky":false,"template":"","format":"standard","meta":{"footnotes":""},"categories":[1590],"tags":[400,11,398,408,405,1777,674,403,402,399,404,12,401,406,220,407],"class_list":{"0":"post-224295","1":"post","2":"type-post","3":"status-publish","4":"format-standard","5":"has-post-thumbnail","7":"category-ukraine","8":"tag-action-cac-40","9":"tag-actualites","10":"tag-bourse-de-paris","11":"tag-boursorama","12":"tag-cotations","13":"tag-eu","14":"tag-europe","15":"tag-indices-devises","16":"tag-investir","17":"tag-investissement","18":"tag-marche-boursier","19":"tag-news","20":"tag-sicav","21":"tag-trackers","22":"tag-ukraine","23":"tag-warrants"},"share_on_mastodon":{"url":"https:\/\/pubeurope.com\/@fr\/114791952348890644","error":""},"_links":{"self":[{"href":"https:\/\/www.europesays.com\/fr\/wp-json\/wp\/v2\/posts\/224295","targetHints":{"allow":["GET"]}}],"collection":[{"href":"https:\/\/www.europesays.com\/fr\/wp-json\/wp\/v2\/posts"}],"about":[{"href":"https:\/\/www.europesays.com\/fr\/wp-json\/wp\/v2\/types\/post"}],"author":[{"embeddable":true,"href":"https:\/\/www.europesays.com\/fr\/wp-json\/wp\/v2\/users\/2"}],"replies":[{"embeddable":true,"href":"https:\/\/www.europesays.com\/fr\/wp-json\/wp\/v2\/comments?post=224295"}],"version-history":[{"count":0,"href":"https:\/\/www.europesays.com\/fr\/wp-json\/wp\/v2\/posts\/224295\/revisions"}],"wp:featuredmedia":[{"embeddable":true,"href":"https:\/\/www.europesays.com\/fr\/wp-json\/wp\/v2\/media\/224296"}],"wp:attachment":[{"href":"https:\/\/www.europesays.com\/fr\/wp-json\/wp\/v2\/media?parent=224295"}],"wp:term":[{"taxonomy":"category","embeddable":true,"href":"https:\/\/www.europesays.com\/fr\/wp-json\/wp\/v2\/categories?post=224295"},{"taxonomy":"post_tag","embeddable":true,"href":"https:\/\/www.europesays.com\/fr\/wp-json\/wp\/v2\/tags?post=224295"}],"curies":[{"name":"wp","href":"https:\/\/api.w.org\/{rel}","templated":true}]}}