{"id":224301,"date":"2025-07-03T23:44:10","date_gmt":"2025-07-03T23:44:10","guid":{"rendered":"https:\/\/www.europesays.com\/fr\/224301\/"},"modified":"2025-07-03T23:44:10","modified_gmt":"2025-07-03T23:44:10","slug":"cela-ne-fonctionnera-quavec-le-leadership-allemand-assure-un-elu-du-bundestag","status":"publish","type":"post","link":"https:\/\/www.europesays.com\/fr\/224301\/","title":{"rendered":"\u00abCela ne fonctionnera qu\u2019avec le leadership allemand\u00bb, assure un \u00e9lu du Bundestag"},"content":{"rendered":"<p>\u00abNous devons discuter d\u2019une participation allemande ou europ\u00e9enne \u00e0 l\u2019arsenal nucl\u00e9aire de la France et du Royaume-Uni\u00bb, a assur\u00e9 Jens Spahn, pr\u00e9sident du groupe conservateur au Bundestag.<\/p>\n<p class=\"fig-paragraph\">La dissuasion nucl\u00e9aire poss\u00e8de un langage propre, une grammaire. Son utilisation est pr\u00e9cautionneuse, toujours discr\u00e8te. L\u2019invasion de l\u2019Ukraine par la Russie depuis 2014,\u00a0<a href=\"http:\/\/www.lefigaro.fr\/international\/guerre-en-ukraine-comment-les-frontieres-de-l-ex-urss-sont-re-devenues-problematiques-20221019\" data-fig-type=\"Article\" data-gtm-custom-categorie=\"navigation\" data-gtm-custom-action=\"crossclick\" data-gtm-custom-label=\"Contextuel\" data-gtm-event=\"customEventSPE\" data-fig-domain=\"LEFIGARO\" rel=\"nofollow noopener\" target=\"_blank\">vingt ans apr\u00e8s l\u2019implosion de l\u2019URSS<\/a>, l\u2019a remise au centre du jeu en Europe. Seules la France et la Grande-Bretagne la poss\u00e8dent, les autres pays \u00e9tant souvent \u00abcouverts\u00bb par le \u00abparapluie nucl\u00e9aire\u00bb am\u00e9ricain dans le cadre de l\u2019Otan.<\/p>\n<p class=\"fig-paragraph\">Emmanuel Macron, dans un discours \u00e0 l\u2019\u00e9cole de Guerre en 2020, a souhait\u00e9 ouvrir \u00abun dialogue strat\u00e9gique\u00bb autour du \u00abr\u00f4le de la dissuasion nucl\u00e9aire fran\u00e7aise dans notre s\u00e9curit\u00e9 collective\u00bb. Il avait alors affirm\u00e9 que les \u00abint\u00e9r\u00eats vitaux de la France avaient une dimension europ\u00e9enne\u00bb. \u00abJe sais que cela va susciter imm\u00e9diatement des r\u00e9flexes d\u00e9fensifs. Mais oui\u00a0: nous devrions d\u00e9battre d\u2019un parapluie nucl\u00e9aire europ\u00e9en ind\u00e9pendant. Et cela ne fonctionnera qu\u2019avec le leadership allemand\u00bb, lui a r\u00e9pondu Jens Spahn, pr\u00e9sident du groupe conservateur au Bundestag allemand, dans un entretien\u00a0<a href=\"https:\/\/www.welt.de\/politik\/deutschland\/article256321820\/atomwaffen-und-drohnenarmee-von-fuehrungsfantasien-bis-logische-konsequenz-reaktionen-zu-aufruestungsplaenen-der-union.html\" target=\"_blank\" rel=\"noopener nofollow\" data-gtm-custom-categorie=\"navigation\" data-gtm-custom-action=\"crossclick\" data-gtm-custom-label=\"Contextuel\" data-gtm-event=\"customEventSPE\">publi\u00e9 par le journal Welt am Sonntag, le 29 juin<\/a>.<\/p>\n<p>                                    <a class=\"fig-a11y-skip a11y-hidden\" href=\"#fig-a11y-skip-main-inarticle\"><br \/>\n        Passer la publicit\u00e9<br \/>\n    <\/a><\/p>\n<p class=\"fig-paragraph\">\u00abDes bombes nucl\u00e9aires am\u00e9ricaines sont \u00e9galement stationn\u00e9es en Allemagne \u00e0 cette fin. Mais, \u00e0 long terme, cela ne suffit pas. Nous devons discuter d\u2019une participation allemande ou europ\u00e9enne \u00e0 l\u2019arsenal nucl\u00e9aire de la France et du Royaume-Uni, et \u00e9ventuellement de notre propre participation avec d\u2019autres \u00c9tats europ\u00e9ens. Cela co\u00fbtera cher. Mais ceux qui veulent une protection doivent aussi la financer\u00bb, a-t-il ajout\u00e9.<\/p>\n<p class=\"fig-body-link\">\n            \u00c0 lire aussi<br \/>\n        <a class=\"fig-body-link__link fig-premium-mark\" href=\"http:\/\/www.lefigaro.fr\/international\/exercices-communs-deploiement-d-armes-patrouilles-a-quoi-pourrait-ressembler-un-parapluie-nucleaire-francais-en-europe-20250304\" data-fig-type=\"Article\" data-gtm-custom-categorie=\"navigation\" data-gtm-custom-action=\"crossclick\" data-gtm-custom-label=\"Contextuel\" data-gtm-event=\"customEventSPE\" data-fig-domain=\"LEFIGARO\" rel=\"nofollow noopener\" target=\"_blank\">Exercices communs, d\u00e9ploiement d\u2019armes strat\u00e9giques\u00a0: \u00e0 quoi ressemblerait un \u00abparapluie nucl\u00e9aire\u00bb fran\u00e7ais en Europe\u00a0?<br \/>\n    <\/a>\n<\/p>\n<p class=\"fig-paragraph\">\u00abLa France ne nous laissera certainement pas toucher \u00e0 son bouton rouge, pour rester dans la m\u00e9taphore. Mais plusieurs id\u00e9es existent pour une puissance nucl\u00e9aire europ\u00e9enne, m\u00eame si certaines paraissent a priori alambiqu\u00e9es et th\u00e9oriques\u00bb, a-t-il poursuivi, proposant une \u00abrotation al\u00e9atoire des responsabilit\u00e9s entre les \u00c9tats membres\u00bb pour cr\u00e9er de l\u2019incertitude chez \u00abun adversaire potentiel\u00bb.<\/p>\n<p>Un sujet sensible en Allemagne<\/p>\n<p class=\"fig-paragraph\">La dissuasion nucl\u00e9aire fa\u00e7onne la \u00abposture strat\u00e9gique\u00bb fran\u00e7aise, une grande partie du budget militaire y \u00e9tant consacr\u00e9. Paris souhaite, depuis plusieurs ann\u00e9es, en faire un atout pour s\u2019affirmer comme \u00ableader\u00bb d\u2019une \u00abd\u00e9fense europ\u00e9enne\u00bb. D\u00e9j\u00e0 en 1995 Alain Jupp\u00e9, alors premier ministre, avait propos\u00e9 \u00e0 l\u2019Allemagne d\u2019\u00e9changer autour d\u2019une \u00abdissuasion nucl\u00e9aire concert\u00e9e\u00bb. Nicolas Sarkozy, comme Fran\u00e7ois Hollande, ont \u00e9galement \u00e9voqu\u00e9 la \u00abdimension europ\u00e9enne\u00bb de la dissuasion fran\u00e7aise.<\/p>\n<p class=\"fig-paragraph\">La posture de la France a \u00e9t\u00e9 renforc\u00e9e par le d\u00e9part du Royaume-Uni de l\u2019Union europ\u00e9enne. Mais le sujet demeure sensible. D\u2019abord pour son caract\u00e8re souverain, seul le pr\u00e9sident de la R\u00e9publique \u00e9tant habilit\u00e9, en dernier recours, \u00e0 l\u2019employer. Ensuite, l\u2019arm\u00e9e fran\u00e7aise ne dispose pas d\u2019une capacit\u00e9 aussi importante que l\u2019arm\u00e9e am\u00e9ricaine pour d\u00e9ployer ou pr\u00e9positionner des armes \u00e0 l\u2019\u00e9tranger. Des armes nucl\u00e9aires B61 sont install\u00e9es, sous contr\u00f4le am\u00e9ricain, en Allemagne et peuvent \u00eatre emport\u00e9es par les avions Tornado.<\/p>\n<p class=\"fig-paragraph\">L\u2019Allemagne a r\u00e9affirm\u00e9 sa renonciation \u00e0 la fabrication, \u00e0 la possession et au contr\u00f4le des armes nucl\u00e9aires, biologiques et chimiques par l\u2019accord \u00abdeux plus quatre\u00bb qui a permis la r\u00e9unification en 1990. L\u2019\u00e9volution du contexte strat\u00e9gique en Europe, et singuli\u00e8rement l\u2019agressivit\u00e9 russe, am\u00e8ne progressivement Berlin \u00e0 reconsid\u00e9rer son rapport aux forces militaires. Olaf Scholz, peu apr\u00e8s l\u2019invasion \u00e0 grande \u00e9chelle de l\u2019Ukraine, avait d\u00e9crit un \u00abtournant historique (Zeitenwende en allemand)\u00bb mobilisant 100 milliards d\u2019euros pour sa politique de d\u00e9fense.<\/p>\n<p>                                    <a class=\"fig-a11y-skip a11y-hidden\" href=\"#fig-a11y-skip-main-inarticle_mtf\"><br \/>\n        Passer la publicit\u00e9<br \/>\n    <\/a><\/p>\n<p class=\"fig-paragraph\">Un r\u00e9armement fond\u00e9 sur une augmentation des effectifs, la cr\u00e9ation d\u2019un bouclier antimissile \u00abSkyShield\u00bb port\u00e9 par l\u2019Allemagne, et une implication plus grande dans ce domaine, traditionnellement attribu\u00e9 \u00e0 la France. \u00abNous devons simplement devenir plus forts ensemble en mati\u00e8re de dissuasion nucl\u00e9aire en Europe\u00bb, avait m\u00eame d\u00e9clar\u00e9 Friedrich Merz, nouveau chancelier conservateur, en mars dernier. \u00abLa situation mondiale, et notamment les probl\u00e9matiques actuelles en termes de s\u00e9curit\u00e9, n\u00e9cessite d\u00e9sormais que nous, Europ\u00e9ens, discutions ensemble de cette question\u00bb, avait-il ajout\u00e9.<\/p>\n<p class=\"fig-paragraph\">Une discussion d\u2019autant plus importante que l\u2019Allemagne se repose surtout sur la protection am\u00e9ricaine, devenue plus incertaine depuis le retour de Donald Trump \u00e0 la Maison-Blanche. Partout en Europe, la n\u00e9cessit\u00e9 de poss\u00e9der une d\u00e9fense davantage autonome perturbe les habitudes prises depuis la fin de la Guerre Froide. Paris souhaite ardemment, et depuis longtemps, une \u00abautonomie europ\u00e9enne\u00bb en la mati\u00e8re et le \u00abdialogue strat\u00e9gique\u00bb sur sa dissuasion doit y contribuer. Mais la France a toujours souhait\u00e9 garder la main sur le processus de dissuasion.<\/p>\n","protected":false},"excerpt":{"rendered":"\u00abNous devons discuter d\u2019une participation allemande ou europ\u00e9enne \u00e0 l\u2019arsenal nucl\u00e9aire de la France et du Royaume-Uni\u00bb, a&hellip;\n","protected":false},"author":2,"featured_media":224302,"comment_status":"","ping_status":"","sticky":false,"template":"","format":"standard","meta":{"footnotes":""},"categories":[1587],"tags":[11,672,1813,1804,1805,1803,1777,674,1801,12,5654,1802],"class_list":{"0":"post-224301","1":"post","2":"type-post","3":"status-publish","4":"format-standard","5":"has-post-thumbnail","7":"category-allemagne","8":"tag-actualites","9":"tag-allemagne","10":"tag-armee","11":"tag-bundesrepublik-deutschland","12":"tag-de","13":"tag-deutschland","14":"tag-eu","15":"tag-europe","16":"tag-germany","17":"tag-news","18":"tag-nucleaire","19":"tag-republique-federale-dallemagne"},"share_on_mastodon":{"url":"https:\/\/pubeurope.com\/@fr\/114791963924218717","error":""},"_links":{"self":[{"href":"https:\/\/www.europesays.com\/fr\/wp-json\/wp\/v2\/posts\/224301","targetHints":{"allow":["GET"]}}],"collection":[{"href":"https:\/\/www.europesays.com\/fr\/wp-json\/wp\/v2\/posts"}],"about":[{"href":"https:\/\/www.europesays.com\/fr\/wp-json\/wp\/v2\/types\/post"}],"author":[{"embeddable":true,"href":"https:\/\/www.europesays.com\/fr\/wp-json\/wp\/v2\/users\/2"}],"replies":[{"embeddable":true,"href":"https:\/\/www.europesays.com\/fr\/wp-json\/wp\/v2\/comments?post=224301"}],"version-history":[{"count":0,"href":"https:\/\/www.europesays.com\/fr\/wp-json\/wp\/v2\/posts\/224301\/revisions"}],"wp:featuredmedia":[{"embeddable":true,"href":"https:\/\/www.europesays.com\/fr\/wp-json\/wp\/v2\/media\/224302"}],"wp:attachment":[{"href":"https:\/\/www.europesays.com\/fr\/wp-json\/wp\/v2\/media?parent=224301"}],"wp:term":[{"taxonomy":"category","embeddable":true,"href":"https:\/\/www.europesays.com\/fr\/wp-json\/wp\/v2\/categories?post=224301"},{"taxonomy":"post_tag","embeddable":true,"href":"https:\/\/www.europesays.com\/fr\/wp-json\/wp\/v2\/tags?post=224301"}],"curies":[{"name":"wp","href":"https:\/\/api.w.org\/{rel}","templated":true}]}}