{"id":224307,"date":"2025-07-03T23:47:12","date_gmt":"2025-07-03T23:47:12","guid":{"rendered":"https:\/\/www.europesays.com\/fr\/224307\/"},"modified":"2025-07-03T23:47:12","modified_gmt":"2025-07-03T23:47:12","slug":"om-medina-folie-a-deux-france-olympique-de-marseille","status":"publish","type":"post","link":"https:\/\/www.europesays.com\/fr\/224307\/","title":{"rendered":"OM-Medina : folie \u00e0 deux &#8211; France &#8211; Olympique de Marseille"},"content":{"rendered":"<p>\u00ab\u00a0On a \u00e9t\u00e9 une \u00e9quipe qui a pris beaucoup de buts pour \u00eatre deuxi\u00e8me, m\u00eame si on a compens\u00e9 offensivement. Quand tu commences avec un coach au style de jeu tellement pr\u00e9d\u00e9termin\u00e9, c\u2019est difficile de s\u2019adapter pleinement. C\u2019est notre obligation de lui donner les profils n\u00e9cessaires pour jouer son jeu. Je suis d\u2019accord, on ne l\u2019a pas vu \u00e0 100\u00a0%, et c\u2019est aussi notre faute de ne pas lui avoir donn\u00e9 tous les profils n\u00e9cessaires.\u00a0\u00bb La tirade est sign\u00e9e Pablo Longoria, <a target=\"_blank\" href=\"https:\/\/www.sofoot.com\/articles\/om-quest-ce-quil-faut-retenir-du-grand-oral-de-pablo-longoria\" rel=\"noopener nofollow\">au moment de faire le bilan de la saison \u00e9coul\u00e9e<\/a>, et de se projeter sur les besoins de son OM en d\u00e9fense centrale. Une priorit\u00e9 \u00e9tablie d\u00e8s l\u2019entame du mercato et dans laquelle s\u2019inscrit la venue de Facundo Medina, n\u00e9goci\u00e9e de longue date et officialis\u00e9e ce mercredi. Un profil id\u00e9al pour combler les lacunes phoc\u00e9ennes et r\u00e9pondre aux besoins de Roberto De Zerbi.<\/p>\n<blockquote class=\"twitter-tweet\">\n<p lang=\"fr\" dir=\"ltr\">\ud835\udc05\ud835\udc1a\ud835\udc1c\ud835\udc2e\ud835\udc27\ud835\udc1d\ud835\udc28 \ud835\udc0c\ud835\udc1e\ud835\udc1d\ud835\udc22\ud835\udc27\ud835\udc1a \ud835\udc1a\ud835\udc2f\ud835\udc1e\ud835\udc1c \ud835\udc25\ud835\udc1e \ud835\udc0f\ud835\udc1e\ud835\udc2e\ud835\udc29\ud835\udc25\ud835\udc1e \ud835\udc01\ud835\udc25\ud835\udc1e\ud835\udc2e&amp;\ud835\udc01\ud835\udc25\ud835\udc1a\ud835\udc27\ud835\udc1c \ud83d\udd35\u26aa\ufe0f<br \/>\nLe d\u00e9fenseur argentin \ud83c\udde6\ud83c\uddf7 rejoint l\u2019Olympique de Marseille en provenance du RC Lens \ud83d\udd25 <a target=\"_blank\" href=\"https:\/\/t.co\/XuzEVR5PLA\" rel=\"nofollow\">pic.twitter.com\/XuzEVR5PLA<\/a><\/p>\n<p>\u2014 Olympique de Marseille (@OM_Officiel) <a target=\"_blank\" href=\"https:\/\/twitter.com\/OM_Officiel\/status\/1940478172182860167?ref_src=twsrc%5Etfw\" rel=\"nofollow noopener\">July 2, 2025<\/a><\/p><\/blockquote>\n<p>Une bonne pioche pour les vice-champions de France, d\u2019autant qu\u2019en optant pour un pr\u00eat avec option d\u2019achat, ils limitent nettement la prise de risque. Surtout pour un joueur qui conna\u00eet d\u00e9sormais parfaitement le championnat de France, apr\u00e8s cinq saisons pass\u00e9es sous les couleurs de Lens. Un parcours qui l\u2019a notamment vu arracher le nul pour les Sang et Or lors de son premier choc face aux Olympiens \u00e0 Bollaert, en f\u00e9vrier 2021. \u00ab\u00a0Ce que je connais de Marseille ? Les supporters ! Et apr\u00e8s, je connais un peu de tout gr\u00e2ce \u00e0 Leo (Balerdi) et G\u00e9ro (Rulli). Ils m\u2019ont expliqu\u00e9 un peu tout ici. C\u2019est comme en Argentine. Pour moi, pour mon c\u0153ur, pour ma famille, vraiment c\u2019est tr\u00e8s important, et je suis trop content\u00a0\u00bb, confiait le principal int\u00e9ress\u00e9 <a target=\"_blank\" href=\"https:\/\/www.sofoot.com\/breves\/facundo-medina-argentin-ancien-lensois-sengage-officiellement-a-marseille\" rel=\"noopener nofollow\">dans la foul\u00e9e de sa signature<\/a>, tout heureux de rejoindre Balerdi, Rulli et le binational Neal Maupay en Provence. C\u2019est d\u2019ailleurs aux c\u00f4t\u00e9s du premier qu\u2019il devrait former une charni\u00e8re \u00e0 m\u00eame de satisfaire les exigences tactiques de son nouvel entra\u00eeneur.<\/p>\n<p>Polyvalence, fougue et savoir-faire\u00a0: le cocktail gagnant\u00a0?<\/p>\n<p>Le tacticien italien pourrait d\u2019ailleurs faire quelque peu \u00e9voluer le jeu de son nouveau joujou, certains lui pr\u00e9disant un avenir dans le couloir gauche. Une polyvalence dont l\u2019Argentin a fait preuve dans le Pas-de-Calais, et une id\u00e9e qui n\u2019effraie pas celui qui lui avait fait traverser l\u2019Atlantique en 2020, Franck Haise. \u00ab\u00a0Facundo a une grande facult\u00e9 \u00e0 passer d\u2019une d\u00e9fense \u00e0 quatre pour d\u00e9fendre, \u00e0 trois pour sortir, ou inversement. Quoi que lui demande De Zerbi, ce ne sera pas un probl\u00e8me, a comment\u00e9 celui qui officie d\u00e9sormais du c\u00f4t\u00e9 de Nice <a target=\"_blank\" href=\"https:\/\/www.laprovence.com\/article\/om\/190070206233314\/om-franck-haise-sur-facundo-medina-quoi-que-lui-demande-de-zerbi-ce-ne-sera-pas-un-probleme\" rel=\"noopener nofollow\">dans les colonnes de La Provence<\/a>. Je le consid\u00e8re d\u2019abord comme un super relanceur, qui a la capacit\u00e9 de cr\u00e9er le surnombre depuis l\u2019arri\u00e8re, qui a aussi une vraie qualit\u00e9 de passe.\u00a0\u00bb<\/p>\n<p>Des qualit\u00e9s balle au pied coupl\u00e9es \u00e0 un caract\u00e8re qui devrait \u00e9galement apporter une bouff\u00e9e d\u2019oxyg\u00e8ne \u00e0 une arri\u00e8re-garde trop souvent d\u00e9pass\u00e9e dans les grands \u00e9v\u00e9nements la saison pass\u00e9e. Un homme qui a pour lui d\u2019avoir d\u00e9j\u00e0 v\u00e9cu les joutes de la Ligue des champions, que l\u2019OM retrouvera \u00e0 partir de septembre. \u00ab\u00a0C\u2019\u00e9tait un joueur avec de la personnalit\u00e9 balle au pied et une bonne grinta d\u00e9fensive, qui devait canaliser sa fougue, ses \u00e9motions, mais qui avait vraiment beaucoup d\u2019atouts \u00bb, poursuivait Haise dans le quotidien local. Avant de conclure\u00a0: \u00ab\u202fIls vont d\u00e9couvrir un mec exceptionnel, qui aime la comp\u00e9tition, et pas que le week-end. C\u2019est un mec avec de la joie de vivre, qui aime d\u00e9conner et gagner.\u00a0\u00bb Et si, pour une fois, l\u2019OM avait surtout profit\u00e9 de l\u2019\u00e9t\u00e9 pour s\u2019offrir un grand d\u00e9fenseur ?<\/p>\n<p>\t\t\t\t\t\t\t\t\t\t<a class=\"lien-connexe\" href=\"https:\/\/www.sofoot.com\/breves\/serge-aurier-prefere-ne-pas-manger-plutot-que-de-signer-a-lom\" rel=\"nofollow noopener\" target=\"_blank\">Serge Aurier pr\u00e9f\u00e8re \u00ab\u202fne pas manger\u202f\u00bb plut\u00f4t que de signer \u00e0 l\u2019OM<\/a>\t\t\t\t\t<script async src=\"https:\/\/platform.twitter.com\/widgets.js\" charset=\"utf-8\"><\/script><\/p>\n","protected":false},"excerpt":{"rendered":"\u00ab\u00a0On a \u00e9t\u00e9 une \u00e9quipe qui a pris beaucoup de buts pour \u00eatre deuxi\u00e8me, m\u00eame si on a&hellip;\n","protected":false},"author":2,"featured_media":224308,"comment_status":"","ping_status":"","sticky":false,"template":"","format":"standard","meta":{"footnotes":""},"categories":[2],"tags":[47,11,61,69,65,64,63,1011,27,68,66,12,62,70,25,67],"class_list":{"0":"post-224307","1":"post","2":"type-post","3":"status-publish","4":"format-standard","5":"has-post-thumbnail","7":"category-actualites","8":"tag-actualite","9":"tag-actualites","10":"tag-actus-football","11":"tag-bundesliga","12":"tag-championnats-europeens","13":"tag-equipe-de-france","14":"tag-football","15":"tag-fr","16":"tag-france","17":"tag-ligua","18":"tag-ligue-1","19":"tag-news","20":"tag-news-foot","21":"tag-premier-league","22":"tag-republique-francaise","23":"tag-serie-a"},"share_on_mastodon":{"url":"https:\/\/pubeurope.com\/@fr\/114791975986036488","error":""},"_links":{"self":[{"href":"https:\/\/www.europesays.com\/fr\/wp-json\/wp\/v2\/posts\/224307","targetHints":{"allow":["GET"]}}],"collection":[{"href":"https:\/\/www.europesays.com\/fr\/wp-json\/wp\/v2\/posts"}],"about":[{"href":"https:\/\/www.europesays.com\/fr\/wp-json\/wp\/v2\/types\/post"}],"author":[{"embeddable":true,"href":"https:\/\/www.europesays.com\/fr\/wp-json\/wp\/v2\/users\/2"}],"replies":[{"embeddable":true,"href":"https:\/\/www.europesays.com\/fr\/wp-json\/wp\/v2\/comments?post=224307"}],"version-history":[{"count":0,"href":"https:\/\/www.europesays.com\/fr\/wp-json\/wp\/v2\/posts\/224307\/revisions"}],"wp:featuredmedia":[{"embeddable":true,"href":"https:\/\/www.europesays.com\/fr\/wp-json\/wp\/v2\/media\/224308"}],"wp:attachment":[{"href":"https:\/\/www.europesays.com\/fr\/wp-json\/wp\/v2\/media?parent=224307"}],"wp:term":[{"taxonomy":"category","embeddable":true,"href":"https:\/\/www.europesays.com\/fr\/wp-json\/wp\/v2\/categories?post=224307"},{"taxonomy":"post_tag","embeddable":true,"href":"https:\/\/www.europesays.com\/fr\/wp-json\/wp\/v2\/tags?post=224307"}],"curies":[{"name":"wp","href":"https:\/\/api.w.org\/{rel}","templated":true}]}}