{"id":224311,"date":"2025-07-03T23:49:27","date_gmt":"2025-07-03T23:49:27","guid":{"rendered":"https:\/\/www.europesays.com\/fr\/224311\/"},"modified":"2025-07-03T23:49:27","modified_gmt":"2025-07-03T23:49:27","slug":"shein-ecope-dune-amende-record-de-40-millions-deuros","status":"publish","type":"post","link":"https:\/\/www.europesays.com\/fr\/224311\/","title":{"rendered":"Shein \u00e9cope d&rsquo;une amende record de 40 millions d&rsquo;euros"},"content":{"rendered":"<p>En France, le g\u00e9ant chinois de l&rsquo;ultra fast fashion Shein a \u00e9t\u00e9 condamn\u00e9 \u00e0 une amende record de 40 millions d&rsquo;euros. La sanction fait suite \u00e0 une enqu\u00eate men\u00e9e entre le 1er octobre 2022 et le 31 ao\u00fbt 2023 par la r\u00e9pression des fraudes. La Direction g\u00e9n\u00e9rale de la concurrence, de la consommation et de la r\u00e9pression des fraudes (DGCCRF), qui d\u00e9pend du minist\u00e8re de l&rsquo;\u00c9conomie, d\u00e9nonce les pratiques commerciales trompeuses de Shein \u00e0 l&rsquo;\u00e9gard du consommateur.<\/p>\n<p>Si le site de Shein propose au consommateur des v\u00eatements \u00e0 tr\u00e8s bas prix, il lui donne aussi trop souvent l&rsquo;impression \u2013 fausse celle-ci \u2013 de r\u00e9aliser de tr\u00e8s bonnes affaires. Dans son enqu\u00eate, la r\u00e9pression des fraudes a pass\u00e9 en revue plusieurs milliers de produits affich\u00e9s \u00e0 prix cass\u00e9s. Or, dans pr\u00e8s de six cas sur dix, les annonces n&rsquo;offraient en r\u00e9alit\u00e9 aucune baisse des prix. Pire : dans un cas sur dix, les prix propos\u00e9s \u00e9taient m\u00eame plus chers que ceux pr\u00e9sent\u00e9s \u00e0 l&rsquo;origine.<\/p>\n<p>L&rsquo;\u00e9tude pointe aussi les all\u00e9gations environnementales trompeuses de Shein. Le groupe n&rsquo;a par exemple pas \u00e9t\u00e9 en mesure de justifier quelles \u00e9taient les actions concr\u00e8tes d\u00e9ploy\u00e9es pour r\u00e9duire ses \u00e9missions de gaz \u00e0 effet de serre. Des engagements pourtant inscrits noir sur blanc sur son site.<\/p>\n<p>Interrog\u00e9, le groupe Shein assure s&rsquo;\u00eatre \u00e0 l&rsquo;\u00e9poque conform\u00e9e sans d\u00e9lai \u00e0 la loi fran\u00e7aise. Pas suffisant pourtant pour \u00e9viter cette amende de 40 millions d&rsquo;euros, ni rel\u00e2cher l&rsquo;attention des pouvoirs publics sur les pratiques du groupe qui pourrait, en cas de nouveaux manquements, \u00eatre d\u00e9r\u00e9f\u00e9renc\u00e9, c&rsquo;est-\u00e0-dire tout simplement \u00eatre retir\u00e9 des r\u00e9sultats des moteurs de recherches comme <strong><a href=\"https:\/\/www.rfi.fr\/fr\/tag\/google\/\" class=\"link \" rel=\"nofollow noopener\" target=\"_blank\" data-ylk=\"slk:Google;elm:context_link;itc:0;sec:content-canvas\">Google<\/a><\/strong>.<\/p>\n<p><a href=\"https:\/\/www.rfi.fr\/fr\/%C3%A9conomie\/20250703-france-shein-%C3%A9cope-d-une-amende-record-de-40-millions-d-euros\" rel=\"nofollow noopener\" target=\"_blank\" data-ylk=\"slk:Lire la suite sur RFI;elm:context_link;itc:0;sec:content-canvas\" class=\"link \">Lire la suite sur RFI<\/a><\/p>\n","protected":false},"excerpt":{"rendered":"En France, le g\u00e9ant chinois de l&rsquo;ultra fast fashion Shein a \u00e9t\u00e9 condamn\u00e9 \u00e0 une amende record de&hellip;\n","protected":false},"author":2,"featured_media":224312,"comment_status":"","ping_status":"","sticky":false,"template":"","format":"standard","meta":{"footnotes":""},"categories":[4],"tags":[11,36329,1011,27,36327,12,36328,25,1104],"class_list":{"0":"post-224311","1":"post","2":"type-post","3":"status-publish","4":"format-standard","5":"has-post-thumbnail","7":"category-france","8":"tag-actualites","9":"tag-direction-generale-de-la-concurrence","10":"tag-fr","11":"tag-france","12":"tag-ministere-de-leconomie","13":"tag-news","14":"tag-repression-des-fraudes","15":"tag-republique-francaise","16":"tag-shein"},"share_on_mastodon":{"url":"https:\/\/pubeurope.com\/@fr\/114791983654600748","error":""},"_links":{"self":[{"href":"https:\/\/www.europesays.com\/fr\/wp-json\/wp\/v2\/posts\/224311","targetHints":{"allow":["GET"]}}],"collection":[{"href":"https:\/\/www.europesays.com\/fr\/wp-json\/wp\/v2\/posts"}],"about":[{"href":"https:\/\/www.europesays.com\/fr\/wp-json\/wp\/v2\/types\/post"}],"author":[{"embeddable":true,"href":"https:\/\/www.europesays.com\/fr\/wp-json\/wp\/v2\/users\/2"}],"replies":[{"embeddable":true,"href":"https:\/\/www.europesays.com\/fr\/wp-json\/wp\/v2\/comments?post=224311"}],"version-history":[{"count":0,"href":"https:\/\/www.europesays.com\/fr\/wp-json\/wp\/v2\/posts\/224311\/revisions"}],"wp:featuredmedia":[{"embeddable":true,"href":"https:\/\/www.europesays.com\/fr\/wp-json\/wp\/v2\/media\/224312"}],"wp:attachment":[{"href":"https:\/\/www.europesays.com\/fr\/wp-json\/wp\/v2\/media?parent=224311"}],"wp:term":[{"taxonomy":"category","embeddable":true,"href":"https:\/\/www.europesays.com\/fr\/wp-json\/wp\/v2\/categories?post=224311"},{"taxonomy":"post_tag","embeddable":true,"href":"https:\/\/www.europesays.com\/fr\/wp-json\/wp\/v2\/tags?post=224311"}],"curies":[{"name":"wp","href":"https:\/\/api.w.org\/{rel}","templated":true}]}}