{"id":224317,"date":"2025-07-03T23:52:16","date_gmt":"2025-07-03T23:52:16","guid":{"rendered":"https:\/\/www.europesays.com\/fr\/224317\/"},"modified":"2025-07-03T23:52:16","modified_gmt":"2025-07-03T23:52:16","slug":"quand-thomas-ramos-demande-a-louis-bielle-biarrey-de-se-soigner","status":"publish","type":"post","link":"https:\/\/www.europesays.com\/fr\/224317\/","title":{"rendered":"Quand Thomas Ramos demande \u00e0 Louis Bielle-Biarrey de se soigner"},"content":{"rendered":"<p>Le choc tant attendu entre Toulouse et Bordeaux-B\u00e8gles a tenu toutes ses promesses, mais tous les regards se sont aussi tourn\u00e9s vers Louis Bielle-Biarrey, titularis\u00e9 malgr\u00e9 les doutes, et contraint de quitter ses partenaires d\u00e8s la mi-temps. Une nouvelle alerte physique pour l\u2019ailier tricolore, visiblement encore diminu\u00e9.<\/p>\n<p><strong>Un retour express\u2026 et pr\u00e9matur\u00e9<\/strong><\/p>\n<p>Il avait manqu\u00e9 la demi-finale contre Toulon, mais le staff m\u00e9dical bordelais avait donn\u00e9 son feu vert pour une participation \u00e0 la grande finale du Top 14. Pourtant, l\u2019ailier international de 22 ans, victime d\u2019une commotion en juin face \u00e0 Vannes, n\u2019aura pass\u00e9 que 40 minutes sur la pelouse du Stade de France.<\/p>\n<p>Un \u00ab\u00a0coup sur la cr\u00eate iliaque\u00a0\u00bb, selon les termes utilis\u00e9s, l\u2019a emp\u00each\u00e9 de courir pleinement, l\u2019obligeant \u00e0 c\u00e9der sa place \u00e0 la pause. Un constat sans appel pour celui qui n\u2019aura ni franchi la ligne, ni fait parler sa vitesse : z\u00e9ro m\u00e8tre gagn\u00e9 ballon en main, une seule passe au compteur.<\/p>\n<p><strong>Un \u00e9change capt\u00e9 en coulisses<\/strong><\/p>\n<p>Alors que la premi\u00e8re p\u00e9riode touchait \u00e0 sa fin, les micros de Canal+ ont capt\u00e9 une phrase rest\u00e9e dans les esprits : \u00ab\u00a0Loulou, sort si \u00e7a va pas\u00a0\u00bb. Difficile d\u2019en identifier pr\u00e9cis\u00e9ment l\u2019auteur, mais tout laisse penser que Thomas Ramos, capitaine d\u2019un soir du Stade Toulousain, pourrait \u00eatre \u00e0 l\u2019origine de ce message.<\/p>\n<p>Plus tard, dans les images exclusives diffus\u00e9es dans \u00ab\u00a0Ce que vous n\u2019avez pas vu de la finale de Top 14\u00a0\u00bb, une s\u00e9quence vient confirmer leur proximit\u00e9.<\/p>\n<p>Au bord de la pelouse, une discussion rapide a eu lieu entre les deux co\u00e9quipiers du XV de France. \u00ab\u00a0Allez, soigne-toi !\u00a0\u00bb, a lanc\u00e9 Ramos \u00e0 son jeune compatriote, avant d\u2019ajouter avec insistance : \u00ab\u00a0Soigne-toi !\u00a0\u00bb. De simples mots, mais lourds de sens pour celui qui sait mieux que quiconque ce qu\u2019un corps malmen\u00e9 peut co\u00fbter sur le long terme.<\/p>\n<p><strong>Trop jeune pour autant de coups ?<\/strong><\/p>\n<p>Les blessures \u00e0 r\u00e9p\u00e9tition inqui\u00e8tent autour de Bielle-Biarrey, dont le temps de jeu ces derniers mois a \u00e9t\u00e9 particuli\u00e8rement \u00e9lev\u00e9. Une voix s\u2019est d\u2019ailleurs \u00e9lev\u00e9e il y a peu : \u00ab\u00a0Il faut le laisser se reposer. C\u2019est un jeune joueur qui a trop jou\u00e9\u00a0\u00bb, alertait Laurent Marti, pr\u00e9sident de l\u2019UBB, aupr\u00e8s de TV7.<\/p>\n<p>Dans une finale o\u00f9 chaque d\u00e9tail comptait, le talent bordelais n\u2019aura pas pu exprimer son potentiel. Mais au-del\u00e0 du r\u00e9sultat et de la d\u00e9ception sportive, c\u2019est la sant\u00e9 du joueur qui interroge d\u00e9sormais.<\/p>\n","protected":false},"excerpt":{"rendered":"Le choc tant attendu entre Toulouse et Bordeaux-B\u00e8gles a tenu toutes ses promesses, mais tous les regards se&hellip;\n","protected":false},"author":2,"featured_media":224318,"comment_status":"","ping_status":"","sticky":false,"template":"","format":"standard","meta":{"footnotes":""},"categories":[1416],"tags":[1011,27,479,1468,60],"class_list":{"0":"post-224317","1":"post","2":"type-post","3":"status-publish","4":"format-standard","5":"has-post-thumbnail","7":"category-rugby","8":"tag-fr","9":"tag-france","10":"tag-rugby","11":"tag-rugby-football","12":"tag-sports"},"share_on_mastodon":{"url":"https:\/\/pubeurope.com\/@fr\/114791995401218826","error":""},"_links":{"self":[{"href":"https:\/\/www.europesays.com\/fr\/wp-json\/wp\/v2\/posts\/224317","targetHints":{"allow":["GET"]}}],"collection":[{"href":"https:\/\/www.europesays.com\/fr\/wp-json\/wp\/v2\/posts"}],"about":[{"href":"https:\/\/www.europesays.com\/fr\/wp-json\/wp\/v2\/types\/post"}],"author":[{"embeddable":true,"href":"https:\/\/www.europesays.com\/fr\/wp-json\/wp\/v2\/users\/2"}],"replies":[{"embeddable":true,"href":"https:\/\/www.europesays.com\/fr\/wp-json\/wp\/v2\/comments?post=224317"}],"version-history":[{"count":0,"href":"https:\/\/www.europesays.com\/fr\/wp-json\/wp\/v2\/posts\/224317\/revisions"}],"wp:featuredmedia":[{"embeddable":true,"href":"https:\/\/www.europesays.com\/fr\/wp-json\/wp\/v2\/media\/224318"}],"wp:attachment":[{"href":"https:\/\/www.europesays.com\/fr\/wp-json\/wp\/v2\/media?parent=224317"}],"wp:term":[{"taxonomy":"category","embeddable":true,"href":"https:\/\/www.europesays.com\/fr\/wp-json\/wp\/v2\/categories?post=224317"},{"taxonomy":"post_tag","embeddable":true,"href":"https:\/\/www.europesays.com\/fr\/wp-json\/wp\/v2\/tags?post=224317"}],"curies":[{"name":"wp","href":"https:\/\/api.w.org\/{rel}","templated":true}]}}