{"id":224323,"date":"2025-07-03T23:56:18","date_gmt":"2025-07-03T23:56:18","guid":{"rendered":"https:\/\/www.europesays.com\/fr\/224323\/"},"modified":"2025-07-03T23:56:18","modified_gmt":"2025-07-03T23:56:18","slug":"gasly-lucide-sur-la-fin-de-saison-dalpine-on-aura-besoin-daide","status":"publish","type":"post","link":"https:\/\/www.europesays.com\/fr\/224323\/","title":{"rendered":"Gasly lucide sur la fin de saison d&rsquo;Alpine : \u00ab\u00a0On aura besoin d&rsquo;aide\u00a0\u00bb"},"content":{"rendered":"<p><a href=\"https:\/\/fr.motorsport.com\/team\/alpine\/37490\/\" target=\"_blank\" rel=\"noopener\">Alpine<\/a> a de nouveau v\u00e9cu un week-end tr\u00e8s difficile en Autriche. La dynamique de l&rsquo;\u00e9quipe ces derni\u00e8res semaines, illustr\u00e9e par la 13e et la 14e places de <a href=\"https:\/\/fr.motorsport.com\/driver\/pierre-gasly\/95098\/\" target=\"_blank\" rel=\"noopener\">Pierre Gasly<\/a> et <a href=\"https:\/\/fr.motorsport.com\/driver\/franco-colapinto\/875918\/\" target=\"_blank\" rel=\"noopener\">Franco Colapinto<\/a> \u00e0 Spielberg, n&rsquo;est pas tr\u00e8s bonne et m\u00eame <a href=\"https:\/\/fr.motorsport.com\/f1\/news\/briatore-signal-alarme-alpine-preoccupant\/10737911\/\" target=\"_blank\" rel=\"noopener\">la direction a tir\u00e9 la sonnette d&rsquo;alarme<\/a> apr\u00e8s cette 11e manche de la saison.\u00a0<\/p>\n<p>Ce jeudi en amont du Grand Prix de Grande-Bretagne, Gasly est revenu sur les difficult\u00e9s rencontr\u00e9es par l&rsquo;\u00e9quipe fran\u00e7aise au <a href=\"https:\/\/fr.motorsport.com\/team\/red-bull\/553\/\" target=\"_blank\" rel=\"noopener\">Red Bull Ring<\/a>.\u00a0\u00ab\u00a0On a identifi\u00e9 quelques points qui auraient pu un peu am\u00e9liorer la performance\u00a0\u00bb, a-t-il d\u00e9clar\u00e9. \u00ab\u00a0Mais au final, on \u00e9tait vraiment tr\u00e8s lents dans des conditions extr\u00eames qui ne favorisent pas notre package. Il y avait quelques ajustements possibles, mais \u00e7a n&rsquo;aurait pas chang\u00e9 la performance globale.\u00a0\u00bb\u00a0<\/p>\n<p>\u00ab\u00a0Malheureusement, je pense que \u00e7a a surtout mis en lumi\u00e8re le manque de performance qu&rsquo;on rencontre en ce moment avec la voiture, et c&rsquo;est ce \u00e0 quoi on devra faire face jusqu&rsquo;\u00e0 la fin de l&rsquo;ann\u00e9e. On essaiera de se battre du mieux possible.\u00a0\u00bb<\/p>\n<p>Lire aussi :<\/p>\n<p>Interrog\u00e9 sur les causes de ce manque de performance, Gasly a soulign\u00e9 la difficult\u00e9 \u00e0 trouver une fen\u00eatre \u00e9quilibr\u00e9e d&rsquo;utilisation des pneumatiques. Le Fran\u00e7ais indique qu&rsquo;il parvient, sur un tour lanc\u00e9, \u00e0 obtenir de bons r\u00e9sultats, ce qui explique ses six apparitions en Q3 cette saison pour \u00ab\u00a0seulement\u00a0\u00bb trois entr\u00e9es dans les points le dimanche.<\/p>\n<p>\u00ab\u00a0Je pense qu&rsquo;on glisse beaucoup dans l&rsquo;ensemble, ce qui sur un pneu neuf permet parfois de tirer une performance correcte\u00a0\u00bb, a-t-il confi\u00e9. \u00ab\u00a0Mais en conditions de course, avec plus de d\u00e9gradation et des temp\u00e9ratures plus \u00e9lev\u00e9es, ce n&rsquo;est pas comp\u00e9titif sur une distance compl\u00e8te. Je pense qu&rsquo;on sait qu&rsquo;aujourd&rsquo;hui, quand on arrive en qualifications, il est tr\u00e8s probable qu&rsquo;on soit \u00e9limin\u00e9s en Q1. C&rsquo;est ce qu&rsquo;on pensait la semaine derni\u00e8re.\u00a0Ensuite, en course, on fait juste le meilleur boulot possible en esp\u00e9rant que certains concurrents laissent un peu de marge et on essaye de capitaliser l\u00e0-dessus.\u00a0\u00bb<\/p>\n<p>\u00ab\u00a0En qualifications, en g\u00e9n\u00e9ral, je sens que je peux vraiment tirer beaucoup de la voiture. Elle est \u00e9videmment difficile \u00e0 piloter. Je sens que je pousse aux limites extr\u00eames.\u00a0Malheureusement, la semaine derni\u00e8re en Q3 \u00e7a ne s&rsquo;est pas pass\u00e9 exactement comme je voulais dans le dernier run. Mais c&rsquo;est tout ce qu&rsquo;on peut faire, parce que c&rsquo;est ce contre quoi on doit se battre, et clairement, on n&rsquo;est pas \u00e0 la bonne place au milieu du peloton, donc on devra prendre des risques et essayer \u00e0 chaque course.\u00a0\u00bb<\/p>\n<blockquote>\n<p>Depuis le d\u00e9but de la saison, on se concentre sur 2026, ce que je soutiens compl\u00e8tement. [Mais] \u00e7a veut aussi dire qu&rsquo;on n&rsquo;a pas d\u00e9velopp\u00e9 cette voiture autant que certaines autres \u00e9quipes.<\/p>\n<\/blockquote>\n<p>   <img decoding=\"async\" draggable=\"false\" src=\"https:\/\/www.europesays.com\/fr\/wp-content\/uploads\/2025\/07\/pierre-gasly-alpine.jpg\" alt=\"Pierre Gasly lors des qualifications du GP d'Autriche.\" width=\"1200\" height=\"800\" loading=\"lazy\"\/> <\/p>\n<p class=\"title\">Pierre Gasly lors des qualifications du GP d&rsquo;Autriche.<\/p>\n<p class=\"photographer\">Photo de: Sam Bagnall \/ Sutton Images via Getty Images<\/p>\n<p>Gasly insiste \u00e9galement sur le fait que l&rsquo;objectif d&rsquo;Alpine reste la saison prochaine et le passage \u00e0 la nouvelle r\u00e9glementation. N\u00e9anmoins, le choix de sacrifier 2025 pour 2026 a forc\u00e9ment des cons\u00e9quences sur la saison actuelle.<\/p>\n<p>\u00ab\u00a0Depuis le d\u00e9but de la saison, on se concentre sur 2026, ce que je soutiens compl\u00e8tement\u00a0\u00bb, a expliqu\u00e9 le Fran\u00e7ais. \u00ab\u00a0[Mais] \u00e7a veut aussi dire qu&rsquo;on n&rsquo;a pas d\u00e9velopp\u00e9 cette voiture autant que certaines autres \u00e9quipes, ce qui nous a mis un peu en difficult\u00e9 cette ann\u00e9e. Mais on a l&rsquo;espoir de revenir plus fort l&rsquo;ann\u00e9e prochaine.\u00a0\u00bb<\/p>\n<p>Lire aussi :<\/p>\n<p>Alors que nous sommes officiellement \u00e0 la mi-saison, le Grand Prix de Grande-Bretagne \u00e9tant le 12e rendez-vous sur les 24 de l&rsquo;ann\u00e9e, Alpine se classe dixi\u00e8me du <a href=\"https:\/\/fr.motorsport.com\/f1\/standings\/2025\/?type=Team&amp;class=\" target=\"_self\" rel=\"noopener\">championnat constructeurs<\/a> et ne semble pas vraiment en position de rattraper ses rivaux.\u00a0Gasly, malgr\u00e9 un discours mesur\u00e9, semble partager cet avis, ne paraissant pas tr\u00e8s enthousiaste quant aux chances de son \u00e9curie de terminer autre part qu&rsquo;\u00e0 la derni\u00e8re place du classement.\u00a0<\/p>\n<p>\u00ab\u00a0Est-ce qu&rsquo;on va vraiment se battre pour [terminer plus haut que dixi\u00e8me]\u00a0?\u00a0Oui. Est-ce que c&rsquo;est r\u00e9alisable\u00a0?\u00a0Certains diront non, d&rsquo;autres oui\u00a0\u00bb, a poursuivi le pilote. \u00ab\u00a0L&rsquo;an dernier, beaucoup nous avaient d\u00e9j\u00e0 enterr\u00e9s bien avant la fin de saison, et on a r\u00e9ussi \u00e0 renverser la situation. Si vous voulez mon avis honn\u00eate, cette ann\u00e9e est un peu diff\u00e9rente.\u00a0\u00bb<\/p>\n<p>\u00ab\u00a0L&rsquo;ann\u00e9e derni\u00e8re, je savais qu&rsquo;en fin de saison j&rsquo;avais une voiture capable de me permettre de lutter pour les points. L\u00e0, en ce moment, on n&rsquo;est pas proches des points, on est plus lents que les voitures contre lesquelles on se bat, donc on aura besoin d&rsquo;un peu d&rsquo;aide. C&rsquo;est la course, tout peut arriver. Ce week-end il pourrait pleuvoir, beaucoup de choses peuvent arriver dans les cinq prochains mois, mais sur le papier, \u00e7a va \u00eatre compliqu\u00e9 de combler cet \u00e9cart.\u00a0\u00bb<\/p>\n<p style=\"text-align: right;\">Propos recueillis par\u00a0Jake Boxall-Legge<\/p>\n<p>Dans cet article<\/p>\n<p>    T\u00e9ha Courbon\n<\/p>\n<p>    Formule 1\n<\/p>\n<p>    Pierre Gasly\n<\/p>\n<p>    Alpine\n<\/p>\n<p>Soyez le premier inform\u00e9 et souscrivez aux alertes mails pour recevoir les infos en temps r\u00e9el<\/p>\n<p>    S&rsquo;abonner aux alertes de news<\/p>\n","protected":false},"excerpt":{"rendered":"Alpine a de nouveau v\u00e9cu un week-end tr\u00e8s difficile en Autriche. La dynamique de l&rsquo;\u00e9quipe ces derni\u00e8res semaines,&hellip;\n","protected":false},"author":2,"featured_media":224324,"comment_status":"","ping_status":"","sticky":false,"template":"","format":"standard","meta":{"footnotes":""},"categories":[1412],"tags":[2674,1451,1452,1453,1454,1455,1011,27,23124,2248,23125,60],"class_list":{"0":"post-224323","1":"post","2":"type-post","3":"status-publish","4":"format-standard","5":"has-post-thumbnail","7":"category-f1","8":"tag-alpine","9":"tag-f1","10":"tag-formula-1","11":"tag-formula1","12":"tag-formule-1","13":"tag-formule1","14":"tag-fr","15":"tag-france","16":"tag-gp-de-grande-bretagne","17":"tag-pierre-gasly","18":"tag-silverstone","19":"tag-sports"},"share_on_mastodon":{"url":"https:\/\/pubeurope.com\/@fr\/114792011182336366","error":""},"_links":{"self":[{"href":"https:\/\/www.europesays.com\/fr\/wp-json\/wp\/v2\/posts\/224323","targetHints":{"allow":["GET"]}}],"collection":[{"href":"https:\/\/www.europesays.com\/fr\/wp-json\/wp\/v2\/posts"}],"about":[{"href":"https:\/\/www.europesays.com\/fr\/wp-json\/wp\/v2\/types\/post"}],"author":[{"embeddable":true,"href":"https:\/\/www.europesays.com\/fr\/wp-json\/wp\/v2\/users\/2"}],"replies":[{"embeddable":true,"href":"https:\/\/www.europesays.com\/fr\/wp-json\/wp\/v2\/comments?post=224323"}],"version-history":[{"count":0,"href":"https:\/\/www.europesays.com\/fr\/wp-json\/wp\/v2\/posts\/224323\/revisions"}],"wp:featuredmedia":[{"embeddable":true,"href":"https:\/\/www.europesays.com\/fr\/wp-json\/wp\/v2\/media\/224324"}],"wp:attachment":[{"href":"https:\/\/www.europesays.com\/fr\/wp-json\/wp\/v2\/media?parent=224323"}],"wp:term":[{"taxonomy":"category","embeddable":true,"href":"https:\/\/www.europesays.com\/fr\/wp-json\/wp\/v2\/categories?post=224323"},{"taxonomy":"post_tag","embeddable":true,"href":"https:\/\/www.europesays.com\/fr\/wp-json\/wp\/v2\/tags?post=224323"}],"curies":[{"name":"wp","href":"https:\/\/api.w.org\/{rel}","templated":true}]}}