{"id":224329,"date":"2025-07-03T23:59:10","date_gmt":"2025-07-03T23:59:10","guid":{"rendered":"https:\/\/www.europesays.com\/fr\/224329\/"},"modified":"2025-07-03T23:59:10","modified_gmt":"2025-07-03T23:59:10","slug":"anne-elisabeth-lemoine-mohamed-bouhafsi-lui-chipe-sa-place-dans-c-a-vous","status":"publish","type":"post","link":"https:\/\/www.europesays.com\/fr\/224329\/","title":{"rendered":"Anne-Elisabeth Lemoine : Mohamed Bouhafsi lui \u00ab\u00a0chipe\u00a0\u00bb sa place dans \u00ab\u00a0C \u00e0 Vous\u00a0\u00bb"},"content":{"rendered":"<p>Comme <a href=\"https:\/\/www.public.fr\/tag\/cyril-hanouna\" target=\"_blank\" rel=\"noopener\">Cyril Hanouna<\/a> \u00e0 l\u2019\u00e9poque o\u00f9 <a href=\"https:\/\/www.public.fr\/tag\/benjamin-castaldi\" target=\"_blank\" rel=\"noopener\">Benjamin Castaldi<\/a> officiait dans <strong>\u00ab\u00a0TPMP\u00a0\u00bb<\/strong> et prenait sa place les vendredis, <a href=\"https:\/\/www.public.fr\/tag\/anne-elisabeth-lemoine\" target=\"_blank\" rel=\"noopener\">Anne-\u00c9lisabeth Lemoine<\/a> laissera son si\u00e8ge \u00e0 un chroniqueur en fin de semaine. En effet, nos confr\u00e8res du <a href=\"https:\/\/www.leparisien.fr\/culture-loisirs\/tv\/c-a-vous-bouge-a-la-rentree-anne-elisabeth-lemoine-du-lundi-au-jeudi-mohamed-bouhafsi-en-fin-de-semaine-03-07-2025-Y4EWZHXJERBWBIMRMAJ4KLDPE4.php?ts=1751565943701\" target=\"_blank\" rel=\"noopener\">Parisien<\/a> viennent de r\u00e9v\u00e9ler que l\u2019animatrice sera remplac\u00e9e par <a href=\"https:\/\/www.public.fr\/tag\/mohamed-bouhafsi\" target=\"_blank\" rel=\"noopener\">Mohamed Bouhafsi<\/a> \u00e0 l\u2019animation de \u00ab\u00a0<strong>C \u00e0 Vous\u00a0\u00bb<\/strong> le vendredi.\u00a0<\/p>\n<p>Et si l\u2019avenir de la quotidienne de France 5 est \u00e9voqu\u00e9, c\u2019est parce que la saison 2024\/2025 touche \u00e0 sa fin. En effet, ce vendredi 4 juillet, \u00ab\u00a0Babeth\u00a0\u00bb, <a href=\"https:\/\/www.public.fr\/tag\/patrick-cohen\" target=\"_blank\" rel=\"noopener\">Patrick Cohen<\/a>, Pierre Lescure, \u00c9milie Tran Nguyen, Mohamed Bouhafsi, Lorrain S\u00e9n\u00e9chal, ou encore <a href=\"https:\/\/www.public.fr\/tag\/bertrand-chameroy\" target=\"_blank\" rel=\"noopener\">Bertrand Chameroy<\/a>, rendront l\u2019antenne et prendront quelques semaines de repos avant de revenir \u00e0 la rentr\u00e9e.<\/p>\n<p>\u00ab\u00a0C l&rsquo;hebdo\u00a0\u00bb dispara\u00eet pour laisser place \u00e0 \u00ab\u00a0C \u00e0 Vous\u00a0\u00bb le samedi<\/p>\n<p>De nombreux changements sont \u00e0 pr\u00e9voir pour la quotidienne de France 5 et certains autres programmes de la cha\u00eene l\u2019ann\u00e9e prochaine. En effet, comme le r\u00e9v\u00e8lent nos confr\u00e8res du Parisien, ce jeudi 3 juillet 2025, <strong>\u00ab\u00a0C l\u2019hebdo\u00a0\u00bb<\/strong>, l\u2019\u00e9mission pr\u00e9sent\u00e9e par Aur\u00e9lie Casse depuis deux saisons, va dispara\u00eetre.<\/p>\n<p>La d\u00e9clinaison de <strong>\u00ab\u00a0C \u00e0 Vous\u00a0\u00bb,<\/strong> diffus\u00e9e depuis 2016, va donc \u00eatre <strong>remplac\u00e9e\u2026 par une quotidienne de \u00ab\u00a0C \u00e0 Vous\u00a0\u00bb<\/strong>. En effet, \u00e0 partir de la rentr\u00e9e 2025, les t\u00e9l\u00e9spectateurs de la Cinq pourront retrouver l\u2019\u00e9quipe d\u2019Anne-\u00c9lisabeth Lemoine m\u00eame le samedi. Du moins, ses chroniqueurs.<\/p>\n<p>Car <strong>la pr\u00e9sentatrice va laisser sa place le samedi<\/strong>, en plus du vendredi, \u00e0 Mohamed Bouhafsi comme le r\u00e9v\u00e8le le Parisien. Nos confr\u00e8res pr\u00e9cisent n\u00e9anmoins que, \u00e0 l\u2019heure actuelle, la production n\u2019a pas confirm\u00e9 ce changement \u00e0 la pr\u00e9sentation pour le moment.\u00a0<\/p>\n<p>Toutefois, la quotidien assure que \u00ab\u00a0<strong>les deux num\u00e9ros du week-end seront assur\u00e9s chaque semaine par Mohamed Bouhafsi<\/strong>, l\u2019un des chroniqueurs les plus en vue de sa bande, qui monte donc en grade\u00a0\u00bb.<\/p>\n<p>Anne-\u00c9lisabeth Lemoine s&rsquo;explique sur son choix<\/p>\n<p>\u00ab\u00a0C\u2019est une d\u00e9cision que j\u2019ai prise en commun accord avec France T\u00e9l\u00e9visions et la production (3e \u0152il du groupe Mediawan). Je suis extr\u00eamement fi\u00e8re de pr\u00e9senter chaque jour depuis huit ans cette \u00e9mission \u00e0 laquelle je suis profond\u00e9ment attach\u00e9e\u00a0\u00bb, explique Anne-\u00c9lisabeth Lemoine au Parisien.<\/p>\n<p>Avant de rappeler : \u00ab\u00a0Avec deux heures de direct quotidiennement,\u00a0C \u00e0 vous\u00a0demande une pr\u00e9paration et une exigence importantes. Cette formule me permettra de prendre plus de temps notamment pour des projets compatibles avec l\u2019\u00e9mission, m\u00eame si ma priorit\u00e9 ira toujours \u00e0\u00a0C \u00e0 vous\u00a0!\u00a0\u00bb.<\/p>\n<p>En plus de \u00ab\u00a0Babeth\u00a0\u00bb, Patrick Cohen devrait \u00e9galement lever le pied et cesser d\u2019officier en tant que chroniqueur le vendredi. Reste \u00e0 savoir si Pierre Lescure et d\u2019autres chroniqueurs de la quotidienne vont en faire de m\u00eame et se verront remplac\u00e9s pour la fin de semaine.\u00a0<\/p>\n<p>      Mentionn\u00e9s dans cet article<\/p>\n<p>\u00c0 lire aussi<\/p>\n","protected":false},"excerpt":{"rendered":"Comme Cyril Hanouna \u00e0 l\u2019\u00e9poque o\u00f9 Benjamin Castaldi officiait dans \u00ab\u00a0TPMP\u00a0\u00bb et prenait sa place les vendredis, Anne-\u00c9lisabeth&hellip;\n","protected":false},"author":2,"featured_media":224330,"comment_status":"","ping_status":"","sticky":false,"template":"","format":"standard","meta":{"footnotes":""},"categories":[1359],"tags":[5631,11343,5632,58,59,1011,27,4467,24618,13960,973,20558],"class_list":{"0":"post-224329","1":"post","2":"type-post","3":"status-publish","4":"format-standard","5":"has-post-thumbnail","7":"category-people","8":"tag-anne-elisabeth-lemoine","9":"tag-bertrand-chameroy","10":"tag-c-a-vous","11":"tag-divertissement","12":"tag-entertainment","13":"tag-fr","14":"tag-france","15":"tag-france-5","16":"tag-mohamed-bouhafsi","17":"tag-patrick-cohen","18":"tag-people","19":"tag-pierre-lescure"},"share_on_mastodon":{"url":"https:\/\/pubeurope.com\/@fr\/114792022953593925","error":""},"_links":{"self":[{"href":"https:\/\/www.europesays.com\/fr\/wp-json\/wp\/v2\/posts\/224329","targetHints":{"allow":["GET"]}}],"collection":[{"href":"https:\/\/www.europesays.com\/fr\/wp-json\/wp\/v2\/posts"}],"about":[{"href":"https:\/\/www.europesays.com\/fr\/wp-json\/wp\/v2\/types\/post"}],"author":[{"embeddable":true,"href":"https:\/\/www.europesays.com\/fr\/wp-json\/wp\/v2\/users\/2"}],"replies":[{"embeddable":true,"href":"https:\/\/www.europesays.com\/fr\/wp-json\/wp\/v2\/comments?post=224329"}],"version-history":[{"count":0,"href":"https:\/\/www.europesays.com\/fr\/wp-json\/wp\/v2\/posts\/224329\/revisions"}],"wp:featuredmedia":[{"embeddable":true,"href":"https:\/\/www.europesays.com\/fr\/wp-json\/wp\/v2\/media\/224330"}],"wp:attachment":[{"href":"https:\/\/www.europesays.com\/fr\/wp-json\/wp\/v2\/media?parent=224329"}],"wp:term":[{"taxonomy":"category","embeddable":true,"href":"https:\/\/www.europesays.com\/fr\/wp-json\/wp\/v2\/categories?post=224329"},{"taxonomy":"post_tag","embeddable":true,"href":"https:\/\/www.europesays.com\/fr\/wp-json\/wp\/v2\/tags?post=224329"}],"curies":[{"name":"wp","href":"https:\/\/api.w.org\/{rel}","templated":true}]}}