{"id":224333,"date":"2025-07-04T00:01:10","date_gmt":"2025-07-04T00:01:10","guid":{"rendered":"https:\/\/www.europesays.com\/fr\/224333\/"},"modified":"2025-07-04T00:01:10","modified_gmt":"2025-07-04T00:01:10","slug":"bande-dessinee-des-aventuriers-perdus","status":"publish","type":"post","link":"https:\/\/www.europesays.com\/fr\/224333\/","title":{"rendered":"Bande dessin\u00e9e. Des aventuriers perdus"},"content":{"rendered":"<p class=\"\">Un peu d\u2019Indiana Jones, un peu d\u2019OSS 117, un peu des Goonies\u2026 A la poursuite du tr\u00e9sor de D\u00e9cal\u00e9catan est une bande dessin\u00e9e qui s\u2019inscrit dans toutes les fictions d\u2019aventure o\u00f9 le danger le dispute \u00e0 l\u2019humour. L\u2019ouvrage sign\u00e9 Fabcaro et Fabrice Erre met en sc\u00e8ne deux auteurs de bande dessin\u00e9e portant \u00e9galement ces patronymes. Nous les rencontrons \u00e0 l\u2019a\u00e9roport,&#8230;<\/p>\n","protected":false},"excerpt":{"rendered":"Un peu d\u2019Indiana Jones, un peu d\u2019OSS 117, un peu des Goonies\u2026 A la poursuite du tr\u00e9sor de&hellip;\n","protected":false},"author":2,"featured_media":224334,"comment_status":"","ping_status":"","sticky":false,"template":"","format":"standard","meta":{"footnotes":""},"categories":[1357],"tags":[13153,1379,58,59,1011,27,1380],"class_list":{"0":"post-224333","1":"post","2":"type-post","3":"status-publish","4":"format-standard","5":"has-post-thumbnail","7":"category-livres","8":"tag-bande-dessinee","9":"tag-books","10":"tag-divertissement","11":"tag-entertainment","12":"tag-fr","13":"tag-france","14":"tag-livres"},"share_on_mastodon":{"url":"https:\/\/pubeurope.com\/@fr\/114792030802217173","error":""},"_links":{"self":[{"href":"https:\/\/www.europesays.com\/fr\/wp-json\/wp\/v2\/posts\/224333","targetHints":{"allow":["GET"]}}],"collection":[{"href":"https:\/\/www.europesays.com\/fr\/wp-json\/wp\/v2\/posts"}],"about":[{"href":"https:\/\/www.europesays.com\/fr\/wp-json\/wp\/v2\/types\/post"}],"author":[{"embeddable":true,"href":"https:\/\/www.europesays.com\/fr\/wp-json\/wp\/v2\/users\/2"}],"replies":[{"embeddable":true,"href":"https:\/\/www.europesays.com\/fr\/wp-json\/wp\/v2\/comments?post=224333"}],"version-history":[{"count":0,"href":"https:\/\/www.europesays.com\/fr\/wp-json\/wp\/v2\/posts\/224333\/revisions"}],"wp:featuredmedia":[{"embeddable":true,"href":"https:\/\/www.europesays.com\/fr\/wp-json\/wp\/v2\/media\/224334"}],"wp:attachment":[{"href":"https:\/\/www.europesays.com\/fr\/wp-json\/wp\/v2\/media?parent=224333"}],"wp:term":[{"taxonomy":"category","embeddable":true,"href":"https:\/\/www.europesays.com\/fr\/wp-json\/wp\/v2\/categories?post=224333"},{"taxonomy":"post_tag","embeddable":true,"href":"https:\/\/www.europesays.com\/fr\/wp-json\/wp\/v2\/tags?post=224333"}],"curies":[{"name":"wp","href":"https:\/\/api.w.org\/{rel}","templated":true}]}}