{"id":224335,"date":"2025-07-04T00:02:14","date_gmt":"2025-07-04T00:02:14","guid":{"rendered":"https:\/\/www.europesays.com\/fr\/224335\/"},"modified":"2025-07-04T00:02:14","modified_gmt":"2025-07-04T00:02:14","slug":"anne-sophie-lapix-sur-m6-une-longue-interview-le-dimanche-soir-actualites","status":"publish","type":"post","link":"https:\/\/www.europesays.com\/fr\/224335\/","title":{"rendered":"Anne-Sophie Lapix sur M6: une longue interview le dimanche soir : Actualit\u00e9s"},"content":{"rendered":"<p class=\"lead \">Anne-Sophie Lapix proposera sur M6 une longue interview hebdomadaire, diffus\u00e9e le dimanche en d\u00e9but de soir\u00e9e \u00e0 partir de septembre, a-t-elle r\u00e9v\u00e9l\u00e9 jeudi au Figaro.<\/p>\n<p class=\"lead \">La journaliste a pr\u00e9sent\u00e9 le 26 juin son dernier 20H00 sur France 2, au terme de huit saisons sur la cha\u00eene publique. Elle a \u00e9t\u00e9 recrut\u00e9e par M6 et RTL, qui appartiennent au m\u00eame groupe.<\/p>\n<p class=\"lead \">\u00ab\u00a0Cette interview durera une quinzaine de minutes et sera diffus\u00e9e apr\u00e8s le JT du soir, vers 20H20\u00a0\u00bb, a indiqu\u00e9 la journaliste.<\/p>\n<p class=\"lead \">Ses invit\u00e9s seront des personnalit\u00e9s qui marquent l&rsquo;actualit\u00e9, quelle qu&rsquo;elle soit, politique, \u00e9conomique, sociale, culturelle, sportive, etc.<\/p>\n<p class=\"lead \">Anne-Sophie Lapix devrait par ailleurs pr\u00e9senter des \u00e9missions en soir\u00e9e \u00ab\u00a0consacr\u00e9es \u00e0 des d\u00e9bats soci\u00e9taux, d&rsquo;actualit\u00e9, qui pourraient revenir tous les mois\u00a0\u00bb.<\/p>\n<p class=\"lead \">Sur RTL, son \u00e9mission sera quotidienne, sur la tranche de 18 \u00e0 20H00, ce qui lui fait succ\u00e9der \u00e0 Yves Calvi.<\/p>\n<p class=\"lead \">\u00ab\u00a0Je suis tr\u00e8s emball\u00e9e \u00e0 l&rsquo;id\u00e9e de faire de la radio (&#8230;) C&rsquo;est un m\u00e9dia, celui de l&rsquo;agilit\u00e9 et de la r\u00e9activit\u00e9, que je n&rsquo;ai encore jamais tent\u00e9\u00a0\u00bb, a-t-elle d\u00e9clar\u00e9 au Figaro.<\/p>\n<p class=\"small font-weight-bold text-gray3 \"> publi\u00e9 le 3 juillet \u00e0 21h27, AFP<\/p>\n<p>                             Partager<\/p>\n","protected":false},"excerpt":{"rendered":"Anne-Sophie Lapix proposera sur M6 une longue interview hebdomadaire, diffus\u00e9e le dimanche en d\u00e9but de soir\u00e9e \u00e0 partir&hellip;\n","protected":false},"author":2,"featured_media":224336,"comment_status":"","ping_status":"","sticky":false,"template":"","format":"standard","meta":{"footnotes":""},"categories":[1356],"tags":[1971,58,59,1011,27,9555,1825,9556,252,1364],"class_list":{"0":"post-224335","1":"post","2":"type-post","3":"status-publish","4":"format-standard","5":"has-post-thumbnail","7":"category-television","8":"tag-clbrits","9":"tag-divertissement","10":"tag-entertainment","11":"tag-fr","12":"tag-france","13":"tag-mdias","14":"tag-radio","15":"tag-tlvision","16":"tag-television","17":"tag-tv"},"share_on_mastodon":{"url":"https:\/\/pubeurope.com\/@fr\/114792034964035310","error":""},"_links":{"self":[{"href":"https:\/\/www.europesays.com\/fr\/wp-json\/wp\/v2\/posts\/224335","targetHints":{"allow":["GET"]}}],"collection":[{"href":"https:\/\/www.europesays.com\/fr\/wp-json\/wp\/v2\/posts"}],"about":[{"href":"https:\/\/www.europesays.com\/fr\/wp-json\/wp\/v2\/types\/post"}],"author":[{"embeddable":true,"href":"https:\/\/www.europesays.com\/fr\/wp-json\/wp\/v2\/users\/2"}],"replies":[{"embeddable":true,"href":"https:\/\/www.europesays.com\/fr\/wp-json\/wp\/v2\/comments?post=224335"}],"version-history":[{"count":0,"href":"https:\/\/www.europesays.com\/fr\/wp-json\/wp\/v2\/posts\/224335\/revisions"}],"wp:featuredmedia":[{"embeddable":true,"href":"https:\/\/www.europesays.com\/fr\/wp-json\/wp\/v2\/media\/224336"}],"wp:attachment":[{"href":"https:\/\/www.europesays.com\/fr\/wp-json\/wp\/v2\/media?parent=224335"}],"wp:term":[{"taxonomy":"category","embeddable":true,"href":"https:\/\/www.europesays.com\/fr\/wp-json\/wp\/v2\/categories?post=224335"},{"taxonomy":"post_tag","embeddable":true,"href":"https:\/\/www.europesays.com\/fr\/wp-json\/wp\/v2\/tags?post=224335"}],"curies":[{"name":"wp","href":"https:\/\/api.w.org\/{rel}","templated":true}]}}