{"id":224341,"date":"2025-07-04T00:05:13","date_gmt":"2025-07-04T00:05:13","guid":{"rendered":"https:\/\/www.europesays.com\/fr\/224341\/"},"modified":"2025-07-04T00:05:13","modified_gmt":"2025-07-04T00:05:13","slug":"la-chasse-au-moustique-tigre-est-lancee-a-illats","status":"publish","type":"post","link":"https:\/\/www.europesays.com\/fr\/224341\/","title":{"rendered":"la chasse au moustique-tigre est lanc\u00e9e \u00e0 Illats"},"content":{"rendered":"<p>\u00ab\u00a0C\u2019est la folie chez nous, les moustiques. J\u2019ai des piq\u00fbres sur tout le corps, mon fils c\u2019est pareil.\u00a0\u00bb \u00c0 l\u2019entr\u00e9e du quartier de Barrouil, \u00e0 Illats, jeudi 3\u00a0juillet, Zachary d\u00e9balle un trampoline pour son fils de 3\u00a0ans. Dans sa bo\u00eete aux lettres, la soci\u00e9t\u00e9 sp\u00e9cialis\u00e9e dans la lutte contre les moustiques <a href=\"https:\/\/www.altopictus.fr\/\" target=\"_blank\" rel=\"nofollow noopener\">Altopictus <\/a>vient de d\u00e9poser un flyer sur lequel est inscrit en rouge avec un tampon qui a un peu bav\u00e9 \u00ab\u00a0cas autochtone\u00a0\u00bb.<\/p>\n<p>La veille, l\u2019Agence r\u00e9gionale de sant\u00e9 a tenu une conf\u00e9rence de presse pour annoncer la d\u00e9tection \u00e0 Illats <a href=\"https:\/\/www.sudouest.fr\/sante\/chikungunya\/chikungunya-un-enfant-infecte-en-gironde-ce-que-l-on-sait-du-premier-cas-autochtone-en-nouvelle-aquitaine-25085311.php\" target=\"_blank\" rel=\"follow nofollow noopener\">du premier cas av\u00e9r\u00e9 de chikungunya autochtone en Nouvelle-Aquitaine<\/a>. Un enfant de 5\u00a0ans r\u00e9sidant dans ce p\u00e2t\u00e9 de maison \u00e9loign\u00e9 du centre-bourg a \u00e9t\u00e9 infect\u00e9 sans avoir quitt\u00e9 l\u2019Hexagone. Alors chez Zachary, depuis mercredi 2\u00a0juillet, on augmente les doses de produits antimoustiques \u2013 \u00ab\u00a0mais ce n\u2019est pas bon non plus\u00a0\u00bb \u2013, et on continue d\u2019utiliser l\u2019arsenal habituel\u00a0: prises antimoustiques, bougies, pi\u00e8ges\u2026 En esp\u00e9rant ne pas \u00eatre infect\u00e9 \u00e0 son tour.<\/p>\n<p>        <img decoding=\"async\" id=\"25095647\" src=\"https:\/\/www.europesays.com\/fr\/wp-content\/uploads\/2025\/07\/20250703143119-a14a1553.jpg\" alt=\"Nathalie a d\u00e9couvert la note d\u2019information annon\u00e7ant l\u2019op\u00e9ration de d\u00e9moustication.\" itemprop=\"contentURL\"\/><\/p>\n<p>    Nathalie a d\u00e9couvert la note d\u2019information annon\u00e7ant l\u2019op\u00e9ration de d\u00e9moustication.<\/p>\n<p>GUILLAUME BONNAUD\/SO<\/p>\n<p>\u00ab\u00a0Qu\u2019est-ce qu\u2019on peut y faire puisqu\u2019il y a des moustiques\u00a0?\u00a0\u00bb lance, d\u00e9faitiste, une voisine occup\u00e9e \u00e0 ramasser des haricots dans son jardin. \u00ab\u00a0Et puis c\u2019est que des tigres chez nous\u00a0\u00bb, <a href=\"https:\/\/www.sudouest.fr\/sante\/chikungunya\/chikungunya-en-france-pourquoi-le-moustique-tigre-transmet-il-autant-la-maladie-25080497.php\" target=\"_blank\" rel=\"follow nofollow noopener\">la seule esp\u00e8ce vectrice de la maladie<\/a>. \u00ab\u00a0On \u00e9vite de laisser tra\u00eener de l\u2019eau, mais regardez, l\u00e0, dit-elle en montrant le foss\u00e9 de l\u2019autre c\u00f4t\u00e9 du grillage. Il y a de l\u2019eau qui coule.\u00a0\u00bb Selon elle, il n\u2019y a pas si longtemps, des campagnes de d\u00e9moustications \u00e9taient men\u00e9es. \u00ab\u00a0Mais depuis qu\u2019il n\u2019y en a plus\u2026\u00a0\u00bb Elle termine sa phrase d\u2019un haussement d\u2019\u00e9paules. Alors elle pr\u00e9f\u00e8re \u00ab\u00a0surveiller les sympt\u00f4mes, comme avec le Covid\u00a0\u00bb.<\/p>\n<p>Surprise<\/p>\n<p>Un peu plus loin, Nathalie est prise au d\u00e9pourvu, en peignoir. Elle d\u00e9couvre la note cosign\u00e9e d\u2019Altopictus et l\u2019ARS, gliss\u00e9e dans sa bo\u00eete aux lettres, qui d\u00e9passe de la fente\u00a0: \u00ab\u00a0Op\u00e9ration de d\u00e9moustication dans votre rue.\u00a0\u00bb \u00ab\u00a0Je suis un peu surprise, reconna\u00eet-elle, mais c\u2019est important que l\u2019on soit inform\u00e9.\u00a0\u00bb Elle assure qu\u2019elle va prendre des pr\u00e9cautions dans la maison, \u00ab\u00a0en mettant les ventilateurs par exemple\u00a0\u00bb. \u00ab\u00a0Mais bon, je sais qu\u2019il commence \u00e0 y avoir des cas de chikungunya un peu partout en France\u00a0\u00bb, ajoute-t-elle, fataliste.<\/p>\n<blockquote><p>\u00ab\u00a0Qu\u2019est-ce qu\u2019on peut y faire puisqu\u2019il y a des moustiques\u00a0?\u00a0\u00bb<\/p><\/blockquote>\n<p>Sur son flyer, l\u2019ARS pr\u00e9cise que l\u2019op\u00e9ration de d\u00e9moustication aura lieu entre 22 heures vendredi 4\u00a0juillet et 7 heures le lendemain. Il est indiqu\u00e9 qu\u2019un insecticide \u00e0 base de pyr\u00e9thrino\u00efde ou de pyr\u00e9thrines naturelles, \u00ab\u00a0les m\u00eames mati\u00e8res actives qui sont pr\u00e9sentes dans les produits antimoustiques domestiques disponibles en pharmacie\u00a0\u00bb, sera pulv\u00e9ris\u00e9 depuis une voiture ainsi que lors d\u2019interventions cibl\u00e9es au besoin. \u00ab\u00a0Les engins de traitement sont tr\u00e8s bruyants\u00a0\u00bb, pr\u00e9vient le document. Pendant l\u2019intervention, les habitants sont donc invit\u00e9s \u00e0 rentrer leur linge, \u00e9loigner les animaux et rester \u00e0 l\u2019int\u00e9rieur, fen\u00eatres ferm\u00e9es.<\/p>\n<p>\u00ab\u00a0Pas de psychose\u00a0\u00bb<\/p>\n<p>Mais avant le curatif, dans les rues calmes de ce quartier d\u2019Illats, deux employ\u00e9s d\u2019Altopictus, v\u00eatus d\u2019un gilet jaune, pr\u00e9parent l\u2019op\u00e9ration. Ils posent des pi\u00e8ges \u2013 des bonbonnes dot\u00e9es d\u2019un clapet, dans lequel est diffus\u00e9 un produit attirant les moustiques et du CO2 \u2013 afin d\u2019estimer la population et de tester dans leur laboratoire l\u2019antimoustique le plus efficace sur ces sp\u00e9cimens. L\u2019op\u00e9ration est cens\u00e9e durer plus de vingt-quatre heures.<\/p>\n<p>        <img decoding=\"async\" id=\"25095653\" src=\"https:\/\/www.europesays.com\/fr\/wp-content\/uploads\/2025\/07\/20250703143110-a14a1641.jpg\" alt=\"Altopictus a \u00e9galement fait des recherches \u00e0 l\u2019\u00e9cole d\u2019Illats.\" itemprop=\"contentURL\"\/><\/p>\n<p>    Altopictus a \u00e9galement fait des recherches \u00e0 l\u2019\u00e9cole d\u2019Illats.<\/p>\n<p>GUILLAUME BONNAUD\/SO<\/p>\n<p>\u00c0 quelques kilom\u00e8tres de l\u00e0, dans le centre d\u2019Illats o\u00f9 d\u00e9filent les camions, la maire Patricia Peigney attend de nouvelles directives de l\u2019ARS. Depuis son bureau qui donne sur la cour de l\u2019\u00e9cole o\u00f9 est scolaris\u00e9 l\u2019enfant touch\u00e9 par chikungunya \u2013 \u00ab\u00a0des fois, je gronde les enfants s\u2019ils font des b\u00eatises\u00a0\u00bb, rigole-t-elle \u2013, elle l\u2019assure, \u00ab\u00a0il n\u2019y a pas de moustiques ici\u00a0\u00bb. Elle en veut pour preuve le rev\u00eatement synth\u00e9tique de la cour, qui n\u2019a rien d\u2019un nid \u00e0 moustiques. Une conviction qui n\u2019a pas emp\u00each\u00e9 les employ\u00e9s d\u2019Altopictus de faire le tour de l\u2019\u00e9tablissement, \u00e0 la recherche d\u2019indices de la pr\u00e9sence de l\u2019insecte.<\/p>\n<p>        <img decoding=\"async\" id=\"25095751\" src=\"https:\/\/www.europesays.com\/fr\/wp-content\/uploads\/2025\/07\/20250703143619-a14a1219.jpg\" alt=\"Patricia Peigney, la maire d\u2019Illats, devant la mairie.\" itemprop=\"contentURL\"\/><\/p>\n<p>    Patricia Peigney, la maire d\u2019Illats, devant la mairie.<\/p>\n<p>GUILLAUME BONNAUD\/SO<\/p>\n<p>Par pr\u00e9caution, les parents ont cependant re\u00e7u un courriel la veille, leur demandant d\u2019habiller leurs enfants avec des v\u00eatements longs. \u00ab\u00a0Je l\u2019ai vu trop tard\u00a0\u00bb, dit Johnny Poquet, dont la fille, en tenue estivale, sort de l\u2019\u00e9cole au m\u00eame moment. \u00ab\u00a0Mais les manches longues par 30\u00a0\u00b0C, ce n\u2019est pas possible\u00a0\u00bb, juge-t-il de toute fa\u00e7on. Une autre m\u00e8re venue \u00e0 la pause m\u00e9ridienne assure avoir gliss\u00e9, comme demand\u00e9, du spray antimoustique dans le sac de son fils de 5\u00a0ans. Elle reconna\u00eet avoir \u00ab\u00a0un peu peur\u00a0\u00bb \u00e0 l\u2019id\u00e9e que le virus circule dans la commune, \u00ab\u00a0mais le village est grand\u00a0\u00bb. \u00ab\u00a0Il n\u2019y a pas de psychose\u00a0\u00bb, confirme Johnny Poquet, qui pr\u00e9f\u00e8re attendre plus d\u2019informations.<\/p>\n<p>    \u00ab\u00a0Urgence sanitaire\u00a0\u00bb<br \/>\nAltopictus a d\u00e9ploy\u00e9 son expertise \u00e0 Illats d\u00e8s jeudi 3\u00a0juillet, en particulier autour du quartier o\u00f9 vit l\u2019enfant touch\u00e9, sachant qu\u2019un moustique-tigre vit g\u00e9n\u00e9ralement dans un rayon de 150\u00a0m\u00e8tres. Dans un premier temps, l\u2019\u00e9quipe parcourt le quartier avec pour objectif d\u2019\u00e9liminer les g\u00eetes larvaires et de poser des pi\u00e8ges. Si une op\u00e9ration de d\u00e9moustication est men\u00e9e, elle sera effectu\u00e9e \u00ab\u00a0en fin de semaine ou d\u00e9but de semaine prochaine\u00a0\u00bb, indique Delphine Binet, responsable de l\u2019agence Nouvelle-Aquitaine de l\u2019entreprise, qui juge que c\u2019est une question \u00ab\u00a0d\u2019urgence sanitaire\u00a0\u00bb.<\/p>\n","protected":false},"excerpt":{"rendered":"\u00ab\u00a0C\u2019est la folie chez nous, les moustiques. J\u2019ai des piq\u00fbres sur tout le corps, mon fils c\u2019est pareil.\u00a0\u00bb&hellip;\n","protected":false},"author":2,"featured_media":224342,"comment_status":"","ping_status":"","sticky":false,"template":"","format":"standard","meta":{"footnotes":""},"categories":[10],"tags":[1011,27,72,71],"class_list":{"0":"post-224341","1":"post","2":"type-post","3":"status-publish","4":"format-standard","5":"has-post-thumbnail","7":"category-sante","8":"tag-fr","9":"tag-france","10":"tag-health","11":"tag-sante"},"share_on_mastodon":{"url":"https:\/\/pubeurope.com\/@fr\/114792046760382380","error":""},"_links":{"self":[{"href":"https:\/\/www.europesays.com\/fr\/wp-json\/wp\/v2\/posts\/224341","targetHints":{"allow":["GET"]}}],"collection":[{"href":"https:\/\/www.europesays.com\/fr\/wp-json\/wp\/v2\/posts"}],"about":[{"href":"https:\/\/www.europesays.com\/fr\/wp-json\/wp\/v2\/types\/post"}],"author":[{"embeddable":true,"href":"https:\/\/www.europesays.com\/fr\/wp-json\/wp\/v2\/users\/2"}],"replies":[{"embeddable":true,"href":"https:\/\/www.europesays.com\/fr\/wp-json\/wp\/v2\/comments?post=224341"}],"version-history":[{"count":0,"href":"https:\/\/www.europesays.com\/fr\/wp-json\/wp\/v2\/posts\/224341\/revisions"}],"wp:featuredmedia":[{"embeddable":true,"href":"https:\/\/www.europesays.com\/fr\/wp-json\/wp\/v2\/media\/224342"}],"wp:attachment":[{"href":"https:\/\/www.europesays.com\/fr\/wp-json\/wp\/v2\/media?parent=224341"}],"wp:term":[{"taxonomy":"category","embeddable":true,"href":"https:\/\/www.europesays.com\/fr\/wp-json\/wp\/v2\/categories?post=224341"},{"taxonomy":"post_tag","embeddable":true,"href":"https:\/\/www.europesays.com\/fr\/wp-json\/wp\/v2\/tags?post=224341"}],"curies":[{"name":"wp","href":"https:\/\/api.w.org\/{rel}","templated":true}]}}