{"id":224346,"date":"2025-07-04T00:08:14","date_gmt":"2025-07-04T00:08:14","guid":{"rendered":"https:\/\/www.europesays.com\/fr\/224346\/"},"modified":"2025-07-04T00:08:14","modified_gmt":"2025-07-04T00:08:14","slug":"ce-booster-de-fusee-spacex-atteint-un-record-historique-de-reutilisation","status":"publish","type":"post","link":"https:\/\/www.europesays.com\/fr\/224346\/","title":{"rendered":"Ce booster de fus\u00e9e SpaceX atteint un record historique de r\u00e9utilisation"},"content":{"rendered":"<p>Le propulseur num\u00e9rot\u00e9 B1067 est en train de marquer l\u2019histoire de SpaceX et de la conqu\u00eate spatiale en encha\u00eenant un nombre record de missions. Jamais un premier \u00e9tage de fus\u00e9e Falcon 9 n\u2019avait autant servi.<\/p>\n<p>Cela valait bien un tweet d\u2019Elon Musk. Dans la journ\u00e9e du 2 juillet 2025, le milliardaire am\u00e9ricain s\u2019est f\u00e9licit\u00e9 du bon retour sur Terre d\u2019un premier \u00e9tage de fus\u00e9e Falcon 9, dont la course <a href=\"https:\/\/x.com\/SpaceX\/status\/1940299489996329335\" target=\"_blank\" rel=\"noreferrer noopener nofollow\">s\u2019est achev\u00e9e<\/a> sur une barge oc\u00e9anique, au large des c\u00f4tes am\u00e9ricaines. \u00ab 29 atterrissages pour un seul propulseur \u00bb, <a href=\"https:\/\/x.com\/elonmusk\/status\/1940461024316215392\" target=\"_blank\" rel=\"noreferrer noopener nofollow\">s\u2019est-il exclam\u00e9<\/a>.<\/p>\n<p>S\u2019il ne le dit pas explicitement, il s\u2019agit-l\u00e0 d\u2019un record pour la Falcon 9, dont ce booster est tout proche du cap symbolique des 30 r\u00e9utilisations. Ici, il a \u00e9t\u00e9 mobilis\u00e9 pour une mission de routine consistant \u00e0 transporter une autre grappe de 27 satellites <a href=\"https:\/\/www.numerama.com\/tech\/737420-starlink-tout-comprendre-au-projet-de-spacex-satellites-internet-espace.html\" rel=\"nofollow noopener\" target=\"_blank\">Starlink<\/a> v2 Mini, qui vont rejoindre l\u2019orbite basse autour de la Terre, l\u00e0 o\u00f9 il y en a environ 7 000 d\u00e9j\u00e0 actifs.<\/p>\n<p>Le booster approche des 30 utilisations<\/p>\n<p>Le mod\u00e8le de ce premier \u00e9tage, identifi\u00e9 par le code B1067, est entr\u00e9 pour la premi\u00e8re fois en service le 3 juin 2021 et a ensuite servi :<\/p>\n<ul class=\"wp-block-list\">\n<li>le 11 novembre 2021<\/li>\n<li>le 19 d\u00e9cembre 2021<\/li>\n<li>le 27 avril 2022<\/li>\n<li>le 14 juillet 2022<\/li>\n<li>le 19 septembre 2022<\/li>\n<li>le 3 novembre 2022<\/li>\n<li>le 16 d\u00e9cembre 2022<\/li>\n<li>le 26 janvier 2023<\/li>\n<li>le 24 mars 2023<\/li>\n<li>le 14 mai 2023<\/li>\n<li>le 17 ao\u00fbt 2023<\/li>\n<li>le 13 octobre 2023<\/li>\n<li>le 22 novembre 2023<\/li>\n<li>le 7 janvier 2024<\/li>\n<li>le 20 f\u00e9vrier 2024<\/li>\n<li>le 31 mars 2024<\/li>\n<li>le 3 mai 2024<\/li>\n<li>le 5 juin 2024<\/li>\n<li>le 10 ao\u00fbt 2024<\/li>\n<li>le 18 septembre 2024<\/li>\n<li>le 11 novembre 2024<\/li>\n<li>le 4 d\u00e9cembre 2024<\/li>\n<li>le 10 janvier 2025<\/li>\n<li>le 15 f\u00e9vrier 2025<\/li>\n<li>le 14 avril 2025<\/li>\n<li>le 13 mai 2025<\/li>\n<li>et le 2 juillet 2025<\/li>\n<\/ul>\n<p>On peut relever qu\u2019en moyenne, ce booster est r\u00e9utilis\u00e9 tous les 54 jours environ. Surtout, ces \u00e9carts chronologiques r\u00e9v\u00e8lent autre chose : la cadence s\u2019est relativement acc\u00e9l\u00e9r\u00e9e au fil du temps. Sur la premi\u00e8re moiti\u00e9 de ces tirs, l\u2019\u00e9cart entre deux tirs \u00e9tait d\u2019environ 64 jours. Sur la seconde moiti\u00e9, cet espacement a \u00e9t\u00e9 r\u00e9duit \u00e0 un peu plus de 43 jours.<\/p>\n<p>Le graphique suivant permet de visualiser l\u2019accentuation du tempo au fil du temps.<\/p>\n<p><a href=\"https:\/\/www.numerama.com\/wp-content\/uploads\/2025\/07\/screenshot-2025-07-03-at-09-48-46-nombre-total-dans-la-liste.png\" rel=\"nofollow noopener\" target=\"_blank\"><img decoding=\"async\" width=\"614\" height=\"400\" loading=\"lazy\" alt=\"Source : Capture d'\u00e9cran\" title=\"Source : Capture d'\u00e9cran\" class=\"wp-image-2025907 placeholder-default wp-image\" src=\"https:\/\/www.europesays.com\/fr\/wp-content\/uploads\/2025\/07\/screenshot-2025-07-03-at-09-48-46-nombre-total-dans-la-liste.png\" \/><\/a>L\u2019\u00e9cart de jours entre deux tirs se r\u00e9duit au fil du temps. \/\/ Source : Graphique r\u00e9alis\u00e9 par Numerama avec ChatGPT<\/p>\n<p>Ici, l\u2019essentiel des missions concernait des mises en orbite de satellites Starlink (17 vols). On trouve aussi des op\u00e9rations de ravitaillement de la Station spatiale internationale ou du transport d\u2019astronautes, ainsi que des services commerciaux plus classiques \u00e0 destination de clients ayant besoin d\u2019envoyer des satellites autour de la Terre.<\/p>\n<p>Si le propulseur B1067 fait la course en t\u00eate en ayant le record d\u2019utilisation chez SpaceX, d\u2019autres boosters ne sont pas loin dans son sillage. On pense en particulier aux premiers \u00e9tages B1063 et B1071, utilis\u00e9s respectivement 26 fois chacun, ou encore au B1069 (25 fois).  Quatre autres propulseurs sont au-dessus des 20 utilisations.<\/p>\n<p><a href=\"https:\/\/www.numerama.com\/wp-content\/uploads\/2020\/12\/spacex-falcon-9.jpg\" rel=\"nofollow noopener\" target=\"_blank\"><img decoding=\"async\" width=\"1024\" height=\"576\" loading=\"lazy\" alt=\"SpaceX Falcon 9\" title=\"SpaceX Falcon 9\" class=\"wp-image-674070 placeholder-default wp-image\" src=\"https:\/\/www.europesays.com\/fr\/wp-content\/uploads\/2025\/07\/spacex-falcon-9-1024x576.jpg\" \/><\/a>D\u00e9tail d\u2019un booster de Falcon 9 au d\u00e9collage. \/\/ Source : <a target=\"_blank\" href=\"https:\/\/www.flickr.com\/photos\/spacex\/50689254512\/in\/dateposted\/\" rel=\"nofollow noopener\">SpaceX<\/a><\/p>\n<p>Une r\u00e9ussite qui inspire<\/p>\n<p>Ce rythme d\u2019utilisation d\u00e9montre la capacit\u00e9 acquise par SpaceX d\u2019avoir un lanceur suffisamment fiable pour servir r\u00e9guli\u00e8rement, une fois achev\u00e9 son checkup routinier. C\u2019est aussi un bon moyen pour l\u2019entreprise am\u00e9ricaine de constater dans des conditions r\u00e9elles l\u2019usure du premier \u00e9tage au fur et \u00e0 mesure de sa carri\u00e8re op\u00e9rationnelle.<\/p>\n<p>C\u2019est la preuve que le pari de SpaceX, \u00e0 la fois technologique et industriel, est gagn\u00e9. Ses fus\u00e9es ont un taux de fiabilit\u00e9 tr\u00e8s \u00e9lev\u00e9 et sont capables de revenir automatiquement sur Terre apr\u00e8s leur mission, permettant ainsi \u00e0 la soci\u00e9t\u00e9 d\u2019\u00eatre tr\u00e8s comp\u00e9titive sur le march\u00e9 des lanceurs, gr\u00e2ce \u00e0 des prix d\u00e9fiant la concurrence, et une haute disponibilit\u00e9.<\/p>\n<p>Un succ\u00e8s qui a fini par convaincre l\u2019Europe de r\u00e9agir et de s\u2019inspirer de cette strat\u00e9gie. Plusieurs projets d\u00e9terminants pour l\u2019avenir des fus\u00e9es du Vieux Continent tablent en effet sur des lanceurs r\u00e9utilisables et capables aussi de revenir sur Terre \u2014 c\u2019est le cas d\u2019<a href=\"https:\/\/www.numerama.com\/sciences\/2025633-bonne-nouvelle-pour-les-futures-fusees-de-leurope-un-allumage-dun-nouveau-moteur-a-reussi.html\" rel=\"nofollow noopener\" target=\"_blank\">Ariane Next<\/a>, qui succ\u00e9dera \u00e0 Ariane 6, ou le petit lanceur <a target=\"_blank\" href=\"https:\/\/ariane.group\/transport-spatial\/maia\/\" rel=\"nofollow noopener\">Maia<\/a>, ainsi que les projets <a href=\"https:\/\/www.numerama.com\/sciences\/2023961-la-riposte-europeenne-contre-spacex-et-ses-fusees-reutilisables-se-concretise-enfin.html\" rel=\"nofollow noopener\" target=\"_blank\">Themis<\/a> et <a href=\"https:\/\/cnes.fr\/projets\/callisto\" target=\"_blank\" rel=\"noreferrer noopener nofollow\">Callisto<\/a>.<\/p>\n<\/p>\n<p>            Ce contenu est bloqu\u00e9 car vous n\u2019avez pas accept\u00e9 les cookies et autres traceurs. Ce contenu est fourni par YouTube.<br \/>Pour pouvoir le visualiser, vous devez accepter l\u2019usage \u00e9tant op\u00e9r\u00e9 par YouTube avec vos donn\u00e9es qui pourront \u00eatre utilis\u00e9es pour les finalit\u00e9s suivantes : vous permettre de visualiser et de partager des contenus avec des m\u00e9dias sociaux, favoriser le d\u00e9veloppement et l\u2019am\u00e9lioration des produits d\u2019Humanoid et de ses partenaires, vous afficher des publicit\u00e9s personnalis\u00e9es par rapport \u00e0 votre profil et activit\u00e9, vous d\u00e9finir un profil publicitaire personnalis\u00e9, mesurer la performance des publicit\u00e9s et du contenu de ce site et mesurer l\u2019audience de ce site <a href=\"#\" class=\"js-privacy\" target=\"_blank\">(en savoir plus)<\/a>        <\/p>\n<p>            En cliquant sur \u00ab J\u2019accepte tout \u00bb, vous consentez aux finalit\u00e9s susmentionn\u00e9es pour l\u2019ensemble des cookies et autres traceurs d\u00e9pos\u00e9s par Humanoid et <a class=\"embed-consent-overlay-vendors-link\" href=\"#preferences-vendeurs\">ses partenaires<\/a>.        <\/p>\n<p>            Vous gardez la possibilit\u00e9 de retirer votre consentement \u00e0 tout moment. Pour plus d\u2019informations, nous vous invitons \u00e0 prendre connaissance de notre <a href=\"https:\/\/www.numerama.com\/politique-cookies\" rel=\"nofollow noopener\" target=\"_blank\">Politique cookies<\/a>.        <\/p>\n<p>        J\u2019accepte tout    <\/p>\n<p class=\"embed-consent-overlay-manage-choices\">        <a href=\"#preferences-publicitaires\">G\u00e9rer mes choix<\/a>    <\/p>\n<p>            <img decoding=\"async\" src=\"https:\/\/www.europesays.com\/fr\/wp-content\/uploads\/2025\/04\/iPhone-16-pro.png\" alt=\"Toute l'actu tech en un clien d'oeil\"\/><\/p>\n<p class=\"card-install-pwa__title\">Toute l&rsquo;actu tech en un clin d&rsquo;\u0153il<\/p>\n<p class=\"card-install-pwa__description\">Ajoutez Numerama \u00e0 votre \u00e9cran d&rsquo;accueil et restez connect\u00e9s au futur !<\/p>\n<p>            <img decoding=\"async\" src=\"https:\/\/www.numerama.com\/wp-content\/themes\/numerama-next\/assets\/images\/premium\/logo-card-pwa-coupe.svg\" alt=\"Logo PWA\"\/><\/p>\n<p>       Installer Numerama<\/p>\n","protected":false},"excerpt":{"rendered":"Le propulseur num\u00e9rot\u00e9 B1067 est en train de marquer l\u2019histoire de SpaceX et de la conqu\u00eate spatiale en&hellip;\n","protected":false},"author":2,"featured_media":224347,"comment_status":"","ping_status":"","sticky":false,"template":"","format":"standard","meta":{"footnotes":""},"categories":[7],"tags":[1011,27,889,43,40,41,39,45,42,44],"class_list":{"0":"post-224346","1":"post","2":"type-post","3":"status-publish","4":"format-standard","5":"has-post-thumbnail","7":"category-sciences-et-technologies","8":"tag-fr","9":"tag-france","10":"tag-fusee","11":"tag-science","12":"tag-science-and-technology","13":"tag-sciences","14":"tag-sciences-et-technologies","15":"tag-spacex","16":"tag-technologies","17":"tag-technology"},"share_on_mastodon":{"url":"https:\/\/pubeurope.com\/@fr\/114792058475245661","error":""},"_links":{"self":[{"href":"https:\/\/www.europesays.com\/fr\/wp-json\/wp\/v2\/posts\/224346","targetHints":{"allow":["GET"]}}],"collection":[{"href":"https:\/\/www.europesays.com\/fr\/wp-json\/wp\/v2\/posts"}],"about":[{"href":"https:\/\/www.europesays.com\/fr\/wp-json\/wp\/v2\/types\/post"}],"author":[{"embeddable":true,"href":"https:\/\/www.europesays.com\/fr\/wp-json\/wp\/v2\/users\/2"}],"replies":[{"embeddable":true,"href":"https:\/\/www.europesays.com\/fr\/wp-json\/wp\/v2\/comments?post=224346"}],"version-history":[{"count":0,"href":"https:\/\/www.europesays.com\/fr\/wp-json\/wp\/v2\/posts\/224346\/revisions"}],"wp:featuredmedia":[{"embeddable":true,"href":"https:\/\/www.europesays.com\/fr\/wp-json\/wp\/v2\/media\/224347"}],"wp:attachment":[{"href":"https:\/\/www.europesays.com\/fr\/wp-json\/wp\/v2\/media?parent=224346"}],"wp:term":[{"taxonomy":"category","embeddable":true,"href":"https:\/\/www.europesays.com\/fr\/wp-json\/wp\/v2\/categories?post=224346"},{"taxonomy":"post_tag","embeddable":true,"href":"https:\/\/www.europesays.com\/fr\/wp-json\/wp\/v2\/tags?post=224346"}],"curies":[{"name":"wp","href":"https:\/\/api.w.org\/{rel}","templated":true}]}}