{"id":224350,"date":"2025-07-04T00:10:11","date_gmt":"2025-07-04T00:10:11","guid":{"rendered":"https:\/\/www.europesays.com\/fr\/224350\/"},"modified":"2025-07-04T00:10:11","modified_gmt":"2025-07-04T00:10:11","slug":"quatre-personnes-poignardees-pres-dun-centre-commercial-un-suspect-arrete","status":"publish","type":"post","link":"https:\/\/www.europesays.com\/fr\/224350\/","title":{"rendered":"Quatre personnes poignard\u00e9es pr\u00e8s d\u2019un centre commercial, un suspect arr\u00eat\u00e9"},"content":{"rendered":"<p>Nouveau drame en <a href=\"https:\/\/www.20minutes.fr\/dossier\/finlande\" class=\"color-ultramarine c-link\" target=\"_blank\" rel=\"noopener\">Finlande<\/a>, o\u00f9 quatre personnes ont \u00e9t\u00e9 <a href=\"https:\/\/www.20minutes.fr\/dossier\/poignarde\" class=\"color-ultramarine c-link\" target=\"_blank\" rel=\"noopener\">poignard\u00e9es <\/a>jeudi pr\u00e8s d\u2019un centre commercial dans la ville de Tampere et un suspect arr\u00eat\u00e9. \u00ab\u00a0L\u2019incident a entra\u00een\u00e9 des blessures chez quatre personnes\u00a0\u00bb, a \u00e9crit la <a href=\"https:\/\/www.20minutes.fr\/dossier\/police\" class=\"color-ultramarine c-link\" target=\"_blank\" rel=\"noopener\">police<\/a> sans en indiquer la gravit\u00e9.<\/p>\n<p>Un peu plus t\u00f4t dans la journ\u00e9e, elle avait indiqu\u00e9 que les victimes, dont l\u2019identit\u00e9 n\u2019a pas \u00e9t\u00e9 r\u00e9v\u00e9l\u00e9e, recevaient les premiers soins. \u00ab\u00a0Le lieu de l\u2019incident et ses environs ont \u00e9t\u00e9 inspect\u00e9s. La police a lev\u00e9 le p\u00e9rim\u00e8tre de s\u00e9curit\u00e9 et a quitt\u00e9 les lieux\u00a0\u00bb, a-t-elle aussi \u00e9crit, pr\u00e9cisant que le suspect, qui a \u00e9t\u00e9 imm\u00e9diatement arr\u00eat\u00e9, n\u2019avait pas \u00ab\u00a0de motivation terroriste ou raciste\u00a0\u00bb.<\/p>\n<p>Plusieurs voitures de police et des ambulances ont rapidement \u00e9t\u00e9 d\u00e9p\u00each\u00e9es sur les lieux de l\u2019attaque, selon des m\u00e9dias locaux. D\u2019apr\u00e8s le quotidien Ilta-Sanomat, le suspect est un homme dans la vingtaine. Sur ordre de la police, il a lev\u00e9 les mains puis s\u2019est allong\u00e9 au sol sans r\u00e9sistance, ont d\u00e9clar\u00e9 des t\u00e9moins oculaires. La ville de Tampere, qui compte environ 260.000 habitants, est situ\u00e9e \u00e0 180 kilom\u00e8tres au nord d\u2019Helsinki.<\/p>\n","protected":false},"excerpt":{"rendered":"Nouveau drame en Finlande, o\u00f9 quatre personnes ont \u00e9t\u00e9 poignard\u00e9es jeudi pr\u00e8s d\u2019un centre commercial dans la ville&hellip;\n","protected":false},"author":2,"featured_media":224351,"comment_status":"","ping_status":"","sticky":false,"template":"","format":"standard","meta":{"footnotes":""},"categories":[5],"tags":[11,1120,7623,219,1011,27,14,74,12,1072,28],"class_list":{"0":"post-224350","1":"post","2":"type-post","3":"status-publish","4":"format-standard","5":"has-post-thumbnail","7":"category-international","8":"tag-actualites","9":"tag-agression","10":"tag-coup-de-couteau","11":"tag-finlande","12":"tag-fr","13":"tag-france","14":"tag-international","15":"tag-monde","16":"tag-news","17":"tag-police","18":"tag-world"},"share_on_mastodon":{"url":"https:\/\/pubeurope.com\/@fr\/114792066253619381","error":""},"_links":{"self":[{"href":"https:\/\/www.europesays.com\/fr\/wp-json\/wp\/v2\/posts\/224350","targetHints":{"allow":["GET"]}}],"collection":[{"href":"https:\/\/www.europesays.com\/fr\/wp-json\/wp\/v2\/posts"}],"about":[{"href":"https:\/\/www.europesays.com\/fr\/wp-json\/wp\/v2\/types\/post"}],"author":[{"embeddable":true,"href":"https:\/\/www.europesays.com\/fr\/wp-json\/wp\/v2\/users\/2"}],"replies":[{"embeddable":true,"href":"https:\/\/www.europesays.com\/fr\/wp-json\/wp\/v2\/comments?post=224350"}],"version-history":[{"count":0,"href":"https:\/\/www.europesays.com\/fr\/wp-json\/wp\/v2\/posts\/224350\/revisions"}],"wp:featuredmedia":[{"embeddable":true,"href":"https:\/\/www.europesays.com\/fr\/wp-json\/wp\/v2\/media\/224351"}],"wp:attachment":[{"href":"https:\/\/www.europesays.com\/fr\/wp-json\/wp\/v2\/media?parent=224350"}],"wp:term":[{"taxonomy":"category","embeddable":true,"href":"https:\/\/www.europesays.com\/fr\/wp-json\/wp\/v2\/categories?post=224350"},{"taxonomy":"post_tag","embeddable":true,"href":"https:\/\/www.europesays.com\/fr\/wp-json\/wp\/v2\/tags?post=224350"}],"curies":[{"name":"wp","href":"https:\/\/api.w.org\/{rel}","templated":true}]}}