{"id":224354,"date":"2025-07-04T00:12:20","date_gmt":"2025-07-04T00:12:20","guid":{"rendered":"https:\/\/www.europesays.com\/fr\/224354\/"},"modified":"2025-07-04T00:12:20","modified_gmt":"2025-07-04T00:12:20","slug":"plus-de-40c-attendus-voici-ou-la-chaleur-devrait-frapper","status":"publish","type":"post","link":"https:\/\/www.europesays.com\/fr\/224354\/","title":{"rendered":"plus de 40\u00b0C attendus, voici o\u00f9 la chaleur devrait frapper"},"content":{"rendered":"<p>            Par<br \/>\n        <strong><br \/>\n            <a href=\"https:\/\/actu.fr\/auteur\/briac-trebert\" title=\"Consulter tous les articles de Briac Tr\u00e9bert\" rel=\"nofollow noopener\" target=\"_blank\">Briac Tr\u00e9bert<\/a><br \/>\n        <\/strong><\/p>\n<p>        Publi\u00e9 le<\/p>\n<p>            3 juil. 2025 \u00e0 17h50        <\/p>\n<p>Le rafra\u00eechissement pr\u00e9vu ces prochains jours en France sera de courte dur\u00e9e. Alors qu\u2019une <a href=\"https:\/\/actu.fr\/tag\/vague-de-chaleur\" rel=\"nofollow noopener\" target=\"_blank\">vague de chaleur<\/a>, qui restera dans les annales par sa pr\u00e9cocit\u00e9, sa dur\u00e9e et ses records, se termine, le pays doit d\u00e9j\u00e0 se pr\u00e9parer <a href=\"https:\/\/actu.fr\/meteo\/vers-une-nouvelle-canicule-pour-le-14-juillet-une-prochaine-vague-de-chaleur-deja-annoncee-les-previsions_62855844.html\" rel=\"nofollow noopener\" target=\"_blank\">\u00e0 en subir une autre<\/a>. La barre symbolique des <strong>40 degr\u00e9s<\/strong> pourrait encore \u00eatre d\u00e9pass\u00e9e la semaine prochaine, alors que l\u2019\u00e9t\u00e9 ne fait que d\u00e9buter.<\/p>\n<p class=\" wall-content\">\u00ab Entre le mercredi 9 juillet et le mardi 15 juillet, les diff\u00e9rents mod\u00e8les <a href=\"https:\/\/actu.fr\/meteo\" rel=\"nofollow noopener\" target=\"_blank\">m\u00e9t\u00e9o<\/a> convergent d\u00e9sormais pour ce qui se pr\u00e9sente comme une nouvelle\u00a0phase de\u00a0<a href=\"https:\/\/actu.fr\/tag\/canicule\" rel=\"nofollow noopener\" target=\"_blank\">canicule<\/a> sur la France, qui <strong>touchera de tr\u00e8s nombreuses r\u00e9gions\u00a0<\/strong>\u00bb, anticipe le m\u00e9t\u00e9orologue Yann Amice, sur\u00a0actu.fr. L\u2019Hexagone se retrouvera d\u00e8s le milieu de la semaine prochaine sous ce que l\u2019on appelle un <strong>\u00ab d\u00f4me de chaleur \u00bb.<\/strong><\/p>\n<p>Une configuration typique d\u2019un blocage atmosph\u00e9rique chaud<\/p>\n<p class=\" wall-content\">Il s\u2019agira une nouvelle fois d\u2019une vaste zone de hautes pressions en altitude, associ\u00e9e \u00e0 une dorsale subtropicale, qui va s\u2019installer durablement sur la France. Et cette dorsale sera aliment\u00e9e par une petite anomalie d\u2019altitude \u2014 une d\u00e9pression dite <strong>\u00ab goutte froide \u00bb<\/strong> \u2014 positionn\u00e9e au large du Portugal. Une configuration typique d\u2019un blocage atmosph\u00e9rique chaud.<\/p>\n<p class=\" wall-content\">\n<p class=\" wall-content\">Ce contraste entre l\u2019anomalie d\u00e9pressionnaire \u00e0 l\u2019ouest et la dorsale anticyclonique \u00e0 l\u2019est cr\u00e9era un flux de sud persistant, aspirant de<strong> l\u2019air br\u00fblant<\/strong> depuis le Maghreb et la p\u00e9ninsule Ib\u00e9rique. \u00ab La France se retrouvera ainsi dans une circulation m\u00e9ridienne favorable \u00e0 une advection d\u2019air saharien \u00e0 tous les niveaux \u00bb, r\u00e9sume Yann Amice.<\/p>\n<p>Vid\u00e9os : en ce moment sur ActuLe mod\u00e8le europ\u00e9en voit m\u00eame des temp\u00e9ratures de 43\u00b0C<\/p>\n<p class=\" wall-content\">Certains mod\u00e8les m\u00e9t\u00e9o, les plus pessimistes, \u00e0 savoir le mod\u00e8le europ\u00e9en (ECMWF), entrevoient m\u00eame un mercure pouvant monter \u00e0 43\u00b0C. \u00ab S\u2019il faut rester prudent \u00e0 cette \u00e9ch\u00e9ance, ce sont les signaux en altitude qui doivent d\u00e9j\u00e0 nous alerter sur cette nouvelle s\u00e9quence \u00e0 venir \u00bb, met en avant le m\u00e9t\u00e9orologue.<\/p>\n<blockquote class=\"ac-article-quote wall-content\">\n<p>La subsidence (descente d\u2019air sec et chaud) li\u00e9e \u00e0 l\u2019anticyclone renforcera ce r\u00e9chauffement, comprimant les masses d\u2019air et ass\u00e9chant encore davantage l\u2019atmosph\u00e8re. En r\u00e8gle g\u00e9n\u00e9rale, on ajoute entre 13 et 17\u00b0C pour avoir la temp\u00e9rature au sol, m\u00eame si c\u2019est loin d\u2019\u00eatre une r\u00e8gle fig\u00e9e.<\/p>\n<p>    <strong>Yann Amice<\/strong><br \/>\n        M\u00e9t\u00e9orologue    <\/p><\/blockquote>\n<p class=\" wall-content\">Les temp\u00e9ratures maximales possibles jusqu\u2019au 17 juillet, selon le mod\u00e8le europ\u00e9en ECMWF (carte issue de <a href=\"http:\/\/meteociel.Fr\" rel=\"nofollow noopener\" target=\"_blank\">M\u00e9t\u00e9ociel)<\/a> :<\/p>\n<p class=\" wall-content\"><img decoding=\"async\" src=\"https:\/\/www.europesays.com\/fr\/wp-content\/uploads\/2025\/07\/animlct0.gif\" loading=\"lazy\"\/><\/p>\n<p class=\" wall-content\">En effet, les diff\u00e9rents mod\u00e8les de pr\u00e9visions pr\u00e9voient des temp\u00e9ratures<strong> de 21\u00b0C \u00e0 24\u00b0C \u00e0 environ 1500 m\u00e8tres d\u2019altitude<\/strong> sur la France, soit un signal tr\u00e8s chaud. Ces valeurs indiquent un potentiel de plus de 40\u202f\u00b0C au sol dans les zones les plus expos\u00e9es.\u00a0<\/p>\n<p class=\" wall-content\">\u00c0 cela se cumulera, en fin de semaine prochaine, et particuli\u00e8rement autour du <strong>14 juillet<\/strong> 2025, le retour d\u2019un panache d\u2019air tr\u00e8s chaud depuis la p\u00e9ninsule Ib\u00e9rique. La barre des 35\u00b0C devrait encore \u00eatre d\u00e9pass\u00e9e parfois largement dans de tr\u00e8s nombreuses r\u00e9gions, y compris au nord du pays. Et les seuils de canicule atteints. Encore.<\/p>\n<p>La France vient de conna\u00eetre le deuxi\u00e8me mois de juin le plus chaud de son histoire<\/p>\n<p class=\" wall-content\">Dans un contexte accentu\u00e9 par le <a href=\"https:\/\/actu.fr\/tag\/rechauffement-climatique\" rel=\"nofollow noopener\" target=\"_blank\">r\u00e9chauffement climatique<\/a>, le pays vient d\u00e9j\u00e0 de conna\u00eetre le deuxi\u00e8me mois de juin le plus chaud de son histoire, seulement d\u00e9pass\u00e9 par celui enregistr\u00e9 lors de la canicule embl\u00e9matique et exceptionnellement meurtri\u00e8re de 2003.<\/p>\n<p class=\" wall-content\">Cette vague de chaleur s\u2019est d\u2019ailleurs prolong\u00e9e en ce tout d\u00e9but juillet par une canicule particuli\u00e8rement marqu\u00e9e, avec plusieurs d\u00e9partements passant en vigilance rouge. Si, depuis, le mercure a retrouv\u00e9 les \u00ab\u00a0normales\u00a0\u00bb sur une bonne partie du pays, les temp\u00e9ratures sont encore tr\u00e8s chaudes sur le pourtour m\u00e9diterran\u00e9en et en basse vall\u00e9e du Rh\u00f4ne et ne devraient pas vraiment baisser avant ce dimanche 6 juillet 2025. Et c\u2019est de m\u00eame en mer.<\/p>\n<p class=\" wall-content\">La<strong> M\u00e9diterran\u00e9e est clairement en surchauffe<\/strong>. Lundi 30 juin, elle a atteint sa temp\u00e9rature de surface la plus chaude jamais enregistr\u00e9e pour un mois de juin, avec 26,04 \u00b0C. Aux Bal\u00e9ares, une bou\u00e9e a ainsi enregistr\u00e9 le chiffre in\u00e9dit pour le mois de juin, de 30,5 \u00b0C. Sa temp\u00e9rature a encore grimp\u00e9 depuis, jusqu\u2019\u00e0 s\u2019\u00e9lever \u00e0 30,99 \u00b0C mardi 1\u1d49\u02b3 juillet\u2026<\/p>\n<p class=\" wall-content\">Suivez toute l\u2019actualit\u00e9 de vos villes et m\u00e9dias favoris en vous inscrivant \u00e0 <a href=\"https:\/\/moncompte.actu.fr\" title=\"D\u00e9couvez Mon Actu\" rel=\"nofollow noopener\" data-trk=\"{&quot;cta&quot;:{&quot;action&quot;:&quot;https:\\\/\\\/moncompte.actu.fr&quot;,&quot;category&quot;:&quot;mon compte&quot;,&quot;from&quot;:&quot;article footer&quot;,&quot;name&quot;:&quot;Mon actu&quot;,&quot;type&quot;:&quot;cta&quot;}}\" target=\"_blank\">Mon Actu<\/a>.<\/p>\n","protected":false},"excerpt":{"rendered":"Par Briac Tr\u00e9bert Publi\u00e9 le 3 juil. 2025 \u00e0 17h50 Le rafra\u00eechissement pr\u00e9vu ces prochains jours en France&hellip;\n","protected":false},"author":2,"featured_media":224355,"comment_status":"","ping_status":"","sticky":false,"template":"","format":"standard","meta":{"footnotes":""},"categories":[2],"tags":[11,6698,1011,27,2487,2357,12,15637],"class_list":{"0":"post-224354","1":"post","2":"type-post","3":"status-publish","4":"format-standard","5":"has-post-thumbnail","7":"category-actualites","8":"tag-actualites","9":"tag-canicule","10":"tag-fr","11":"tag-france","12":"tag-meteo","13":"tag-meteo-france","14":"tag-news","15":"tag-vague-de-chaleur"},"share_on_mastodon":{"url":"https:\/\/pubeurope.com\/@fr\/114792074035021134","error":""},"_links":{"self":[{"href":"https:\/\/www.europesays.com\/fr\/wp-json\/wp\/v2\/posts\/224354","targetHints":{"allow":["GET"]}}],"collection":[{"href":"https:\/\/www.europesays.com\/fr\/wp-json\/wp\/v2\/posts"}],"about":[{"href":"https:\/\/www.europesays.com\/fr\/wp-json\/wp\/v2\/types\/post"}],"author":[{"embeddable":true,"href":"https:\/\/www.europesays.com\/fr\/wp-json\/wp\/v2\/users\/2"}],"replies":[{"embeddable":true,"href":"https:\/\/www.europesays.com\/fr\/wp-json\/wp\/v2\/comments?post=224354"}],"version-history":[{"count":0,"href":"https:\/\/www.europesays.com\/fr\/wp-json\/wp\/v2\/posts\/224354\/revisions"}],"wp:featuredmedia":[{"embeddable":true,"href":"https:\/\/www.europesays.com\/fr\/wp-json\/wp\/v2\/media\/224355"}],"wp:attachment":[{"href":"https:\/\/www.europesays.com\/fr\/wp-json\/wp\/v2\/media?parent=224354"}],"wp:term":[{"taxonomy":"category","embeddable":true,"href":"https:\/\/www.europesays.com\/fr\/wp-json\/wp\/v2\/categories?post=224354"},{"taxonomy":"post_tag","embeddable":true,"href":"https:\/\/www.europesays.com\/fr\/wp-json\/wp\/v2\/tags?post=224354"}],"curies":[{"name":"wp","href":"https:\/\/api.w.org\/{rel}","templated":true}]}}