{"id":224356,"date":"2025-07-04T00:13:10","date_gmt":"2025-07-04T00:13:10","guid":{"rendered":"https:\/\/www.europesays.com\/fr\/224356\/"},"modified":"2025-07-04T00:13:10","modified_gmt":"2025-07-04T00:13:10","slug":"on-a-suivi-une-equipe-dans-sa-lutte-contre-le-moustique-tigre","status":"publish","type":"post","link":"https:\/\/www.europesays.com\/fr\/224356\/","title":{"rendered":"on a suivi une \u00e9quipe dans sa lutte contre le moustique tigre"},"content":{"rendered":"<p>Deux heures du matin viennent de sonner, pas un passant dans les rues de Saint-Chamond ; c\u2019est le d\u00e9but de l\u2019op\u00e9ration pour Olivier Chanel et Bruno Lambert.\u00a0\u00c0 bord de leur v\u00e9hicule, ils vont traiter une zone de la commune, apr\u00e8s un cas av\u00e9r\u00e9 de dengue.<\/p>\n<p>\u00ab\u00a0Il y a d\u2019abord eu une enqu\u00eate dans le secteur\u00a0: les agents ont rendu visite aux particuliers, pour constater s\u2019il y avait beaucoup de moustiques tigres et de larves, d\u00e9taille Olivier Chanel, agent de l\u2019Entente interd\u00e9partementale pour la d\u00e9moustication (EID). Un moustique tigre couvre une zone de 100 m\u00e8tres. Pour \u00eatre s\u00fbrs, on traite 200 m\u00e8tres autour de l\u00e0 o\u00f9 r\u00e9side la personne malade.\u00a0\u00bb<\/p>\n<p>\u00ab Le produit diffus\u00e9 en roulant \u00e0 10 km\/h \u00bb<\/p>\n<p>Pour r\u00e9pandre l\u2019insecticide, le 4X4 transporte un diffuseur install\u00e9 \u00e0&#8230;<\/p>\n","protected":false},"excerpt":{"rendered":"Deux heures du matin viennent de sonner, pas un passant dans les rues de Saint-Chamond ; c\u2019est le&hellip;\n","protected":false},"author":2,"featured_media":224357,"comment_status":"","ping_status":"","sticky":false,"template":"","format":"standard","meta":{"footnotes":""},"categories":[9653],"tags":[1111,11,2430,7539,436,1777,674,107,1011,27,3367,8423,12,5140,25,9669,9670,4001,71,4604,10806],"class_list":{"0":"post-224356","1":"post","2":"type-post","3":"status-publish","4":"format-standard","5":"has-post-thumbnail","7":"category-saint-etienne","8":"tag-actu","9":"tag-actualites","10":"tag-auvergne-rhone-alpes","11":"tag-edition-loire-sud","12":"tag-environnement","13":"tag-eu","14":"tag-europe","15":"tag-fil-info","16":"tag-fr","17":"tag-france","18":"tag-loire","19":"tag-meteorologie-climat","20":"tag-news","21":"tag-rechauffement-climatique","22":"tag-republique-francaise","23":"tag-saint-chamond","24":"tag-saint-chamond-ville","25":"tag-saint-etienne","26":"tag-sante","27":"tag-selection-abonne","28":"tag-selection-de-la-redaction-42"},"share_on_mastodon":{"url":"https:\/\/pubeurope.com\/@fr\/114792077950212315","error":""},"_links":{"self":[{"href":"https:\/\/www.europesays.com\/fr\/wp-json\/wp\/v2\/posts\/224356","targetHints":{"allow":["GET"]}}],"collection":[{"href":"https:\/\/www.europesays.com\/fr\/wp-json\/wp\/v2\/posts"}],"about":[{"href":"https:\/\/www.europesays.com\/fr\/wp-json\/wp\/v2\/types\/post"}],"author":[{"embeddable":true,"href":"https:\/\/www.europesays.com\/fr\/wp-json\/wp\/v2\/users\/2"}],"replies":[{"embeddable":true,"href":"https:\/\/www.europesays.com\/fr\/wp-json\/wp\/v2\/comments?post=224356"}],"version-history":[{"count":0,"href":"https:\/\/www.europesays.com\/fr\/wp-json\/wp\/v2\/posts\/224356\/revisions"}],"wp:featuredmedia":[{"embeddable":true,"href":"https:\/\/www.europesays.com\/fr\/wp-json\/wp\/v2\/media\/224357"}],"wp:attachment":[{"href":"https:\/\/www.europesays.com\/fr\/wp-json\/wp\/v2\/media?parent=224356"}],"wp:term":[{"taxonomy":"category","embeddable":true,"href":"https:\/\/www.europesays.com\/fr\/wp-json\/wp\/v2\/categories?post=224356"},{"taxonomy":"post_tag","embeddable":true,"href":"https:\/\/www.europesays.com\/fr\/wp-json\/wp\/v2\/tags?post=224356"}],"curies":[{"name":"wp","href":"https:\/\/api.w.org\/{rel}","templated":true}]}}