{"id":224360,"date":"2025-07-04T00:16:47","date_gmt":"2025-07-04T00:16:47","guid":{"rendered":"https:\/\/www.europesays.com\/fr\/224360\/"},"modified":"2025-07-04T00:16:47","modified_gmt":"2025-07-04T00:16:47","slug":"ce-quil-faut-retenir-de-cette-journee-de-vendredi","status":"publish","type":"post","link":"https:\/\/www.europesays.com\/fr\/224360\/","title":{"rendered":"ce qu&rsquo;il faut retenir de cette journ\u00e9e de vendredi"},"content":{"rendered":"<p>Sur le pont de la rue Gabriel-Faur\u00e9, \u00e0 Jarville, le convoi exceptionnel transportant une chaudi\u00e8re de 110 tonnes est bloqu\u00e9 depuis ce lundi.<\/p>\n<p>En effet, alors qu\u2019il traversait l\u2019ouvrage sur un tablier provisoire, l\u2019ensemble routier a bascul\u00e9. Depuis plusieurs jours, c\u2019est donc la rambarde qui retient le tout, l\u2019emp\u00eachant de chuter dans le canal.<\/p>\n<p>Arriv\u00e9e hier de Belgique, en urgence, une impressionnante grue de 750 tonnes a \u00e9t\u00e9 mont\u00e9e tout au long de la journ\u00e9e de ce jeudi. Elle a \u00e9t\u00e9 achemin\u00e9e par une vingtaine de camions. <br \/>Mont\u00e9e sur chenilles, ses fl\u00e8ches culminent \u00e0 40 m\u00e8tres.<\/p>\n<p>Ce vendredi matin, \u00e0 l\u2019int\u00e9rieur du p\u00e9rim\u00e8tre de s\u00e9curit\u00e9, on est dans l\u2019attente d\u2019une d\u00e9cision sur le levage du convoi exceptionnel.<br \/>Une nouvelle r\u00e9union \u00e9tait pr\u00e9vue \u00e0 10\u00a0h\u00a030 en pr\u00e9sence de toutes les parties prenantes. Le grand patron de la soci\u00e9t\u00e9 belge Dufour a notamment fait le d\u00e9placement.<\/p>\n<p>Pour le moment, rien n\u2019est d\u00e9cid\u00e9. Plusieurs inconnus demeure et plusieurs sc\u00e9narios sont \u00e0 l\u2019\u00e9tude. La chaudi\u00e8re dispose de points d\u2019arrimage. Cependant, rien assure que ceux-ci pourront supporter les 55 tonnes du tracteur et de sa remorque porte char.<\/p>\n<p>Dans un autre sc\u00e9nario, pr\u00e9voyant le levage de la chaudi\u00e8re seule, c\u2019est la r\u00e9action du camion qui interroge, celui-ci pouvant basculer \u00e0 tout moment d\u2019un c\u00f4t\u00e9 ou de l\u2019autre. Dans un m\u00eame temps, des mouvement d\u2019oscillation et de balancier de la charge ne seraient pas compatible avec la man\u0153uvre de la grue.<\/p>\n<p>Cette derni\u00e8re pourrait rester \u00e0 Jarville jusqu\u2019au 10 mars avant de rejoindre un autre chantier, ce qui \u00e9viterait un retour en Belgique, qui viendrait alourdir encore un peu plus une facture d\u00e9j\u00e0 cons\u00e9quente.<\/p>\n<p>Dans un communiqu\u00e9 la soci\u00e9t\u00e9 Euty explique n\u00e9anmoins que \u00ab le levage de la chaudi\u00e8re devrait s\u2019effectuer vendredi apr\u00e8s-midi, sous r\u00e9serve de conditions techniques et m\u00e9t\u00e9orologiques favorables \u00bb.<\/p>\n","protected":false},"excerpt":{"rendered":"Sur le pont de la rue Gabriel-Faur\u00e9, \u00e0 Jarville, le convoi exceptionnel transportant une chaudi\u00e8re de 110 tonnes&hellip;\n","protected":false},"author":2,"featured_media":224361,"comment_status":"","ping_status":"","sticky":false,"template":"","format":"standard","meta":{"footnotes":""},"categories":[9635],"tags":[1111,11,33,1707,1704,1706,1705,1777,674,274,1011,27,775,9648,1702,12,3456,25],"class_list":{"0":"post-224360","1":"post","2":"type-post","3":"status-publish","4":"format-standard","5":"has-post-thumbnail","7":"category-nancy","8":"tag-actu","9":"tag-actualites","10":"tag-economie","11":"tag-edition-luneville","12":"tag-edition-nancy-et-agglomeration","13":"tag-edition-pont-a-mousson","14":"tag-edition-toul","15":"tag-eu","16":"tag-europe","17":"tag-faits-divers-justice","18":"tag-fr","19":"tag-france","20":"tag-grand-est","21":"tag-jarville-la-malgrange","22":"tag-nancy","23":"tag-news","24":"tag-region-lorraine","25":"tag-republique-francaise"},"share_on_mastodon":{"url":"https:\/\/pubeurope.com\/@fr\/114792093644680451","error":""},"_links":{"self":[{"href":"https:\/\/www.europesays.com\/fr\/wp-json\/wp\/v2\/posts\/224360","targetHints":{"allow":["GET"]}}],"collection":[{"href":"https:\/\/www.europesays.com\/fr\/wp-json\/wp\/v2\/posts"}],"about":[{"href":"https:\/\/www.europesays.com\/fr\/wp-json\/wp\/v2\/types\/post"}],"author":[{"embeddable":true,"href":"https:\/\/www.europesays.com\/fr\/wp-json\/wp\/v2\/users\/2"}],"replies":[{"embeddable":true,"href":"https:\/\/www.europesays.com\/fr\/wp-json\/wp\/v2\/comments?post=224360"}],"version-history":[{"count":0,"href":"https:\/\/www.europesays.com\/fr\/wp-json\/wp\/v2\/posts\/224360\/revisions"}],"wp:featuredmedia":[{"embeddable":true,"href":"https:\/\/www.europesays.com\/fr\/wp-json\/wp\/v2\/media\/224361"}],"wp:attachment":[{"href":"https:\/\/www.europesays.com\/fr\/wp-json\/wp\/v2\/media?parent=224360"}],"wp:term":[{"taxonomy":"category","embeddable":true,"href":"https:\/\/www.europesays.com\/fr\/wp-json\/wp\/v2\/categories?post=224360"},{"taxonomy":"post_tag","embeddable":true,"href":"https:\/\/www.europesays.com\/fr\/wp-json\/wp\/v2\/tags?post=224360"}],"curies":[{"name":"wp","href":"https:\/\/api.w.org\/{rel}","templated":true}]}}