{"id":224377,"date":"2025-07-04T00:29:18","date_gmt":"2025-07-04T00:29:18","guid":{"rendered":"https:\/\/www.europesays.com\/fr\/224377\/"},"modified":"2025-07-04T00:29:18","modified_gmt":"2025-07-04T00:29:18","slug":"comme-le-capitaine-watson-je-pars-a-labordage-christian-estrosi-tente-deloigner-un-ferry-de-la-rade-de-villefranche-sur-mer","status":"publish","type":"post","link":"https:\/\/www.europesays.com\/fr\/224377\/","title":{"rendered":"\u00ab\u00a0Comme le capitaine Watson, je pars \u00e0 l&rsquo;abordage\u00a0\u00bb: Christian Estrosi tente d&rsquo;\u00e9loigner un ferry de la rade de Villefranche-sur-Mer"},"content":{"rendered":"<p>Trop gros pour \u00eatre l\u00e0. Le Voyager of the Seas, un ferry de la Royal Carribean Company, a jet\u00e9 l\u2019ancre dans la rade de Villefranche-sur-Mer,\u00a0jeudi 3 juillet 2025.<\/p>\n<p>Probl\u00e8me: il transporte plus de 3.000 passagers \u00e0 son bord. Or la jauge limite permettant d&rsquo;accoster sur le littoral de la M\u00e9tropole-Nice C\u00f4te d&rsquo;Azur est fix\u00e9e \u00e0 2.500 passagers par les autorit\u00e9s portuaires.<\/p>\n<p>Estrosi refoul\u00e9 par le capitaine<\/p>\n<p>Tout juste inform\u00e9, le maire de Nice et pr\u00e9sident de la M\u00e9tropole a entrepris d&rsquo;\u00e9loigner le b\u00e2timent ind\u00e9sirable. Apr\u00e8s s&rsquo;\u00eatre \u00e9cri\u00e9: \u00ab\u00a0Comme le capitaine Watson, je pars \u00e0 l&rsquo;abordage\u00a0\u00bb, Christian Estrosi a saut\u00e9, \u00e0 la mi-journ\u00e9e, dans une embarcation du port de Nice pour rejoindre le ferry hors-la-loi. Dans la main, un courrier qu&rsquo;il voulait remettre au capitaine, pr\u00e9venu \u00e0 l&rsquo;avance de la d\u00e9marche.<\/p>\n<p>              <img ci-src=\"https:\/\/www.nicematin.com\/faits-de-societe\/maxmatinarchtwo134784-ViDKEybM.jpg?vh=e2cf6f&amp;ci_seal=6b6a70d76b\" alt=\"\"\/><br \/>\n        Le Voyager of the Seas, ce jeudi 3 juillet 2025 dans la rade de Villefranche-sur-Mer. <strong>Photo Justine Meddah.<\/strong> <\/p>\n<p>Mais \u00e0 son arriv\u00e9e, l&rsquo;\u00e9lu fait chou blanc: le capitaine lui a refus\u00e9 l&rsquo;acc\u00e8s \u00e0 son bateau et n&rsquo;a m\u00eame pas daign\u00e9 prendre connaissance du courrier. Christian Estrosi y \u00ab\u00a0demande formellement de ne proc\u00e9der \u00e0 aucun d\u00e9barquement de passagers\u00a0\u00bb, tout en exigeant le d\u00e9part imm\u00e9diat du navire.\u00a0<\/p>\n<p>Courrier dans lequel le maire de Nice interpelle \u00e9galement la ministre de la Transition Ecologique et de la coh\u00e9sion des territoires, ainsi que le pr\u00e9fet maritime de la M\u00e9diterran\u00e9e, pour obtenir l&rsquo;expulsion du ferry \u00ab\u00a0dans les plus brefs d\u00e9lais\u00a0\u00bb.<\/p>\n<p>\u00ab\u00a0Face \u00e0 ce refus, j\u2019ai ordonn\u00e9 la fermeture de tous les acc\u00e8s \u00e0 la gare maritime. Au lendemain du sommet sur l\u2019oc\u00e9an, je ne l\u00e2cherai rien, a ensuite \u00e9crit Christian Estrosi sur son compte X (ex-Twitter). Je demande \u00e0 toutes les autorit\u00e9s concern\u00e9es la plus grande fermet\u00e9 sur ce sujet. J\u2019entends faire respecter strictement les d\u00e9cisions prises en mati\u00e8re de lutte contre la pollution maritime, de pr\u00e9servation de la qualit\u00e9 de l\u2019air et de protection du cadre de vie des habitants.\u00a0\u00bb<\/p>\n<blockquote class=\"twitter-tweet\">\n<p lang=\"fr\" dir=\"ltr\">Ce matin, le navire \u00ab Voyager of the Seas \u00bb de la compagnie Royal Caribbean Group, comptant 3 114 passagers, a mouill\u00e9 \u00e0 6h dans la rade de Villefranche, en violation de la mesure entr\u00e9e en vigueur le 1er juillet interdisant le d\u00e9barquement de tout navire de croisi\u00e8re de plus de\u2026 <a href=\"https:\/\/t.co\/v2PFn0g14L\">pic.twitter.com\/v2PFn0g14L<\/a><\/p>\n<p>\u2014 Christian Estrosi (@cestrosi) <a href=\"https:\/\/twitter.com\/cestrosi\/status\/1940777128259137922?ref_src=twsrc%5Etfw\" target=\"_blank\" rel=\"noopener\">July 3, 2025<\/a><\/p><\/blockquote>\n<p>                                Un palais flottant<\/p>\n<p>Le Voyager of the Seas, qui bat pavillon baham\u00e9en, est arriv\u00e9 t\u00f4t ce jeudi au large de la C\u00f4te d&rsquo;Azur, en provenance de Palma de Majorque. Consid\u00e9r\u00e9 comme un palais flottant (avec suites de luxe, toboggans aquatiques, laser game, spa, solarium&#8230;), ce ferry de plus de 310 m\u00e8tres de long (pour 47 de large) peut accueillir plus de 3.000 passagers et membres d&rsquo;\u00e9quipage. Soit plus de la moiti\u00e9 de la population villefranchoise.\u00a0\u00a0<\/p>\n<p>Malgr\u00e9 les r\u00e9criminations de Christian Estrosi, le bateau \u00e9tait toujours, en milieu d&rsquo;apr\u00e8s-midi, accost\u00e9 \u00e0 l&rsquo;entr\u00e9e de la rade.<\/p>\n<p><script async src=\"https:\/\/platform.twitter.com\/widgets.js\" charset=\"utf-8\"><\/script><\/p>\n","protected":false},"excerpt":{"rendered":"Trop gros pour \u00eatre l\u00e0. Le Voyager of the Seas, un ferry de la Royal Carribean Company, a&hellip;\n","protected":false},"author":2,"featured_media":224378,"comment_status":"","ping_status":"","sticky":false,"template":"","format":"standard","meta":{"footnotes":""},"categories":[2819],"tags":[1111,11,1777,674,332,1011,27,12,2401,882,25],"class_list":{"0":"post-224377","1":"post","2":"type-post","3":"status-publish","4":"format-standard","5":"has-post-thumbnail","7":"category-nice","8":"tag-actu","9":"tag-actualites","10":"tag-eu","11":"tag-europe","12":"tag-faits-de-societe","13":"tag-fr","14":"tag-france","15":"tag-news","16":"tag-nice","17":"tag-provence-alpes-cote-dazur","18":"tag-republique-francaise"},"share_on_mastodon":{"url":"https:\/\/pubeurope.com\/@fr\/114792140910435669","error":""},"_links":{"self":[{"href":"https:\/\/www.europesays.com\/fr\/wp-json\/wp\/v2\/posts\/224377","targetHints":{"allow":["GET"]}}],"collection":[{"href":"https:\/\/www.europesays.com\/fr\/wp-json\/wp\/v2\/posts"}],"about":[{"href":"https:\/\/www.europesays.com\/fr\/wp-json\/wp\/v2\/types\/post"}],"author":[{"embeddable":true,"href":"https:\/\/www.europesays.com\/fr\/wp-json\/wp\/v2\/users\/2"}],"replies":[{"embeddable":true,"href":"https:\/\/www.europesays.com\/fr\/wp-json\/wp\/v2\/comments?post=224377"}],"version-history":[{"count":0,"href":"https:\/\/www.europesays.com\/fr\/wp-json\/wp\/v2\/posts\/224377\/revisions"}],"wp:featuredmedia":[{"embeddable":true,"href":"https:\/\/www.europesays.com\/fr\/wp-json\/wp\/v2\/media\/224378"}],"wp:attachment":[{"href":"https:\/\/www.europesays.com\/fr\/wp-json\/wp\/v2\/media?parent=224377"}],"wp:term":[{"taxonomy":"category","embeddable":true,"href":"https:\/\/www.europesays.com\/fr\/wp-json\/wp\/v2\/categories?post=224377"},{"taxonomy":"post_tag","embeddable":true,"href":"https:\/\/www.europesays.com\/fr\/wp-json\/wp\/v2\/tags?post=224377"}],"curies":[{"name":"wp","href":"https:\/\/api.w.org\/{rel}","templated":true}]}}