{"id":224381,"date":"2025-07-04T00:31:16","date_gmt":"2025-07-04T00:31:16","guid":{"rendered":"https:\/\/www.europesays.com\/fr\/224381\/"},"modified":"2025-07-04T00:31:16","modified_gmt":"2025-07-04T00:31:16","slug":"vente-dalcool-aux-mineurs-la-loi-nest-pas-respectee-par-9-supermarches-sur-10","status":"publish","type":"post","link":"https:\/\/www.europesays.com\/fr\/224381\/","title":{"rendered":"Vente d\u2019alcool aux mineurs\u00a0: la loi n\u2019est pas respect\u00e9e par 9\u00a0supermarch\u00e9s sur 10"},"content":{"rendered":"<p>L\u2019association Addictions France a men\u00e9 l\u2019enqu\u00eate \u00e0 Nantes, Angers et Rennes. Leur constat\u00a0: neuf supermarch\u00e9s sur dix vendent <a href=\"https:\/\/nantes.maville.com\/actu\/actudet_-cette-association-combat-les-addictions-en-loire-atlantique-_8-6833363_actu.Htm\" target=\"_self\" rel=\"nofollow noopener\">de l\u2019alcool \u00e0 des mineurs<\/a>. Sur 90\u00a0\u00e9tablissements des enseignes Auchan, Lidl, Leclerc, Diagonal, U Express, Intermarch\u00e9, Carrefour (City, Market et Express), Monoprix, Franprix et G20 de ces trois villes contr\u00f4l\u00e9s en avril et en mai\u00a02025, 86\u00a0% ont vendu de l\u2019alcool \u00e0 des mineurs, indique l\u2019association, contre 93\u00a0% lors d\u2019une op\u00e9ration similaire en 2021.<\/p>\n<p>Pour ces tests, des mineurs se sont rendus, accompagn\u00e9s d\u2019un huissier, dans des supermarch\u00e9s dont une partie avait \u00a0d\u00e9j\u00e0 fait l\u2019objet de constatations\u00a0. Seuls 8\u00a0% des \u00e9tablissements ont demand\u00e9 une pi\u00e8ce d\u2019identit\u00e9 pour v\u00e9rifier l\u2019\u00e2ge des clients. \u00a0Nous avons essay\u00e9 de voir s\u2019il n\u2019y avait pas un bon \u00e9l\u00e8ve parmi eux\u2026 malheureusement, on n\u2019en a pas trouv\u00e9\u00a0, dit \u00e0 l\u2019AFP Myriam Savy, responsable du plaidoyer chez Addictions France.<\/p>\n<p>Ces achats tests \u00a0ont syst\u00e9matiquement \u00e9t\u00e9 r\u00e9alis\u00e9s en pleine journ\u00e9e, en semaine\u00a0, le plus souvent \u00e0 des moments de \u00a0faible affluence, avec peu voire aucun client \u00e0 la caisse\u00a0, pr\u00e9cise l\u2019association pour battre en br\u00e8che par avance l\u2019argument d\u2019une \u00a0pression li\u00e9e \u00e0 l\u2019affluence\u00a0 justifiant le non-contr\u00f4le de l\u2019\u00e2ge.<\/p>\n<p>? \u00c0 LIRE AUSSI. <a href=\"https:\/\/nantes.maville.com\/actu\/actudet_-nourriture-perimee-alcool-de-contrebande-et-miel-erectile-des-restaurants-controles-a-nantes-_52716-6848582_actu.Htm\" target=\"_self\" rel=\"nofollow noopener\">Nourriture p\u00e9rim\u00e9e, alcool de contrebande et miel \u00ab \u00e9rectile \u00bb : des restaurants contr\u00f4l\u00e9s \u00e0 Nantes<\/a> <\/p>\n<p>Faire respecter l\u2019interdiction<\/p>\n<p>Dans le d\u00e9tail, sur les 25\u00a0magasins Carrefour test\u00e9s, seuls deux ont refus\u00e9 la vente, deux \u00e9galement sur les 9\u00a0Lidl test\u00e9s, comme au sein des 7\u00a0magasins du groupe Coop\u00e9rative U visit\u00e9s. Parmi les autres enseignes\u00a0: deux Intermarch\u00e9 sur 8, un seul magasin E.Leclerc sur sept a refus\u00e9 la vente au mineur, aucun Monoprix sur les 6\u00a0test\u00e9s et aucun Auchan (sur deux).<\/p>\n<p>\u00a0Malgr\u00e9 l\u2019interdiction formelle de vente d\u2019alcool aux mineurs et l\u2019engagement de l\u2019\u00c9tat \u00e0 mieux la faire respecter, l\u2019acc\u00e8s \u00e0 l\u2019alcool reste en 2025 tr\u00e8s ais\u00e9 pour les mineurs\u00a0, d\u00e9plore la membre d\u2019Addictions France.<\/p>\n<p>L\u2019article L.3342-1\u00a0du Code de la sant\u00e9 publique pr\u00e9cise que \u00a0la personne qui d\u00e9livre la boisson exige du client qu\u2019il \u00e9tablisse la preuve de sa majorit\u00e9\u00a0. Ses constatations en 2023-2024 ont donn\u00e9 lieu \u00e0 l\u2019ouverture de 37\u00a0proc\u00e9dures judiciaires, dont les premi\u00e8res \u00a0ne seront plaid\u00e9es que le 9\u00a0d\u00e9cembre 2025\u00a0, soit un d\u00e9lai de deux ans qui \u00a0renforce un sentiment d\u2019impunit\u00e9 et banalise la transgression de la loi\u00a0, juge Addictions France.<\/p>\n<p>Les bars ne font pas mieux<\/p>\n<p>\u00c0 l\u2019\u00e9t\u00e9 2023, l\u2019association avait test\u00e9 en Loire-Atlantique 42\u00a0bars, caf\u00e9s et points de restauration rapide en zones urbaines et rurales\u00a0: un seul avait refus\u00e9 la vente apr\u00e8s v\u00e9rification de l\u2019\u00e2ge du mineur.<\/p>\n<p>\u00a0<\/p>\n","protected":false},"excerpt":{"rendered":"L\u2019association Addictions France a men\u00e9 l\u2019enqu\u00eate \u00e0 Nantes, Angers et Rennes. Leur constat\u00a0: neuf supermarch\u00e9s sur dix vendent&hellip;\n","protected":false},"author":2,"featured_media":224382,"comment_status":"","ping_status":"","sticky":false,"template":"","format":"standard","meta":{"footnotes":""},"categories":[2818],"tags":[5481,5658,1111,11,5702,1777,674,1011,27,420,6636,766,12,2636,25,36333,18632,4100],"class_list":{"0":"post-224381","1":"post","2":"type-post","3":"status-publish","4":"format-standard","5":"has-post-thumbnail","7":"category-nantes","8":"tag-5481","9":"tag-5658","10":"tag-actu","11":"tag-actualites","12":"tag-alcool","13":"tag-eu","14":"tag-europe","15":"tag-fr","16":"tag-france","17":"tag-loi","18":"tag-mineurs","19":"tag-nantes","20":"tag-news","21":"tag-pays-de-la-loire","22":"tag-republique-francaise","23":"tag-respectee","24":"tag-supermarches","25":"tag-vente"},"share_on_mastodon":{"url":"https:\/\/pubeurope.com\/@fr\/114792148886990953","error":""},"_links":{"self":[{"href":"https:\/\/www.europesays.com\/fr\/wp-json\/wp\/v2\/posts\/224381","targetHints":{"allow":["GET"]}}],"collection":[{"href":"https:\/\/www.europesays.com\/fr\/wp-json\/wp\/v2\/posts"}],"about":[{"href":"https:\/\/www.europesays.com\/fr\/wp-json\/wp\/v2\/types\/post"}],"author":[{"embeddable":true,"href":"https:\/\/www.europesays.com\/fr\/wp-json\/wp\/v2\/users\/2"}],"replies":[{"embeddable":true,"href":"https:\/\/www.europesays.com\/fr\/wp-json\/wp\/v2\/comments?post=224381"}],"version-history":[{"count":0,"href":"https:\/\/www.europesays.com\/fr\/wp-json\/wp\/v2\/posts\/224381\/revisions"}],"wp:featuredmedia":[{"embeddable":true,"href":"https:\/\/www.europesays.com\/fr\/wp-json\/wp\/v2\/media\/224382"}],"wp:attachment":[{"href":"https:\/\/www.europesays.com\/fr\/wp-json\/wp\/v2\/media?parent=224381"}],"wp:term":[{"taxonomy":"category","embeddable":true,"href":"https:\/\/www.europesays.com\/fr\/wp-json\/wp\/v2\/categories?post=224381"},{"taxonomy":"post_tag","embeddable":true,"href":"https:\/\/www.europesays.com\/fr\/wp-json\/wp\/v2\/tags?post=224381"}],"curies":[{"name":"wp","href":"https:\/\/api.w.org\/{rel}","templated":true}]}}