{"id":224388,"date":"2025-07-04T00:35:10","date_gmt":"2025-07-04T00:35:10","guid":{"rendered":"https:\/\/www.europesays.com\/fr\/224388\/"},"modified":"2025-07-04T00:35:10","modified_gmt":"2025-07-04T00:35:10","slug":"une-fourgonnette-transportant-des-chevaux-finit-dans-le-fosse","status":"publish","type":"post","link":"https:\/\/www.europesays.com\/fr\/224388\/","title":{"rendered":"une fourgonnette, transportant des chevaux, finit dans le foss\u00e9"},"content":{"rendered":"<p>            Par<br \/>\n        <strong><br \/>\n            <a href=\"https:\/\/actu.fr\/auteur\/marie-lamarque\" title=\"Consulter tous les articles de Marie Lamarque\" rel=\"nofollow noopener\" target=\"_blank\">Marie Lamarque<\/a><br \/>\n        <\/strong><\/p>\n<p>        Publi\u00e9 le<\/p>\n<p>            3 juil. 2025 \u00e0 16h34<br \/>\n        ; mis \u00e0 jour le 3 juil. 2025 \u00e0 18h09    <\/p>\n<p>[MISE \u00c0 JOUR \u00e0 18h : Les pompiers informent que le v\u00e9hicule a \u00e9t\u00e9 relev\u00e9 par des \u00e9quipes sp\u00e9cialis\u00e9es. Les chevaux ont \u00e9t\u00e9 pris en charge et transport\u00e9s \u00e0 la clinique du cheval, situ\u00e9e \u00e0 Grenade. La conductrice du v\u00e9hicule est indemne. La circulation a pu reprendre normalement sur cette route.]<\/p>\n<p class=\" wall-content\">\u00ab\u00a0Suite \u00e0 un accident, la route de Mondonville est actuellement<strong> ferm\u00e9e \u00e0 la circulation<\/strong> pour permettre l\u2019intervention des secours\u00a0\u00bb, pr\u00e9vient la mairie d\u2019Aussonne sur ses r\u00e9seaux sociaux, ce jeudi 3 juillet 2025. Les pompiers sont en intervention sur cette commune au nord de <a href=\"https:\/\/actu.fr\/toulouse\/\" rel=\"nofollow noopener\" target=\"_blank\">Toulouse<\/a>, depuis environ 14h30.<\/p>\n<p>    <a href=\"https:\/\/www.google.com\/maps\/embed?pb=!1m18!1m12!1m3!1d2885.4843867209406!2d1.3106671749479724!3d43.67969225071881!2m3!1f0!2f0!3f0!3m2!1i1024!2i768!4f13.1!3m3!1m2!1s0x12aeaeee77a94447%3A0xd3b931d190090ef5!2sRte%20de%20Mondonville%2C%2031840%20Aussonne!5e0!3m2!1sfr!2sfr!4v1751551225171!5m2!1sfr!2sfr\" title=\"Ouvrie le lien\" rel=\"nofollow noopener\" target=\"_blank\">Cliquez ici pour visualiser le contenu<\/a><\/p>\n<p>Une fourgonnette, transportant des chevaux, finit dans le foss\u00e9<\/p>\n<p class=\" wall-content\">Sur cette route qui longe le lac d\u2019Aussonne, <strong>une fourgonnette, transportant deux chevaux<\/strong>, a fini sa course dans le foss\u00e9.<\/p>\n<p class=\" wall-content\">Les pompiers ont d\u00e9ploy\u00e9 un dispositif sp\u00e9cial, en faisant appel \u00e0 <strong>des \u00ab\u00a0sp\u00e9cialistes en risque animalier\u00a0\u00bb<\/strong>, indique le Service d\u00e9partement d\u2019incendie et de secours (SDIS) de la Haute-Garonne.<\/p>\n<p>Une d\u00e9viation mise en place<\/p>\n<p class=\" wall-content\">Si vous circulez dans le secteur, des perturbations sont \u00e0 craindre. \u00ab\u00a0Une d\u00e9viation est mise en place par le chemin du Lac\u00a0\u00bb, indique la mairie.<\/p>\n<p>Vid\u00e9os : en ce moment sur Actu<\/p>\n<p class=\" wall-content\">Plus d\u2019informations \u00e0 venir.<\/p>\n<p class=\" wall-content\">Suivez toute l\u2019actualit\u00e9 de vos villes et m\u00e9dias favoris en vous inscrivant \u00e0 <a href=\"https:\/\/moncompte.actu.fr\" title=\"D\u00e9couvez Mon Actu\" rel=\"nofollow noopener\" data-trk=\"{&quot;cta&quot;:{&quot;action&quot;:&quot;https:\\\/\\\/moncompte.actu.fr&quot;,&quot;category&quot;:&quot;mon compte&quot;,&quot;from&quot;:&quot;article footer&quot;,&quot;name&quot;:&quot;Mon actu&quot;,&quot;type&quot;:&quot;cta&quot;}}\" target=\"_blank\">Mon Actu<\/a>.<\/p>\n","protected":false},"excerpt":{"rendered":"Par Marie Lamarque Publi\u00e9 le 3 juil. 2025 \u00e0 16h34 ; mis \u00e0 jour le 3 juil. 2025&hellip;\n","protected":false},"author":2,"featured_media":224389,"comment_status":"","ping_status":"","sticky":false,"template":"","format":"standard","meta":{"footnotes":""},"categories":[2816],"tags":[119,1111,11,1777,674,118,1011,27,12,2680,1311,25,2312],"class_list":{"0":"post-224388","1":"post","2":"type-post","3":"status-publish","4":"format-standard","5":"has-post-thumbnail","7":"category-toulouse","8":"tag-accident","9":"tag-actu","10":"tag-actualites","11":"tag-eu","12":"tag-europe","13":"tag-faits-divers","14":"tag-fr","15":"tag-france","16":"tag-news","17":"tag-occitanie","18":"tag-pompiers","19":"tag-republique-francaise","20":"tag-toulouse"},"share_on_mastodon":{"url":"https:\/\/pubeurope.com\/@fr\/114792164523375018","error":""},"_links":{"self":[{"href":"https:\/\/www.europesays.com\/fr\/wp-json\/wp\/v2\/posts\/224388","targetHints":{"allow":["GET"]}}],"collection":[{"href":"https:\/\/www.europesays.com\/fr\/wp-json\/wp\/v2\/posts"}],"about":[{"href":"https:\/\/www.europesays.com\/fr\/wp-json\/wp\/v2\/types\/post"}],"author":[{"embeddable":true,"href":"https:\/\/www.europesays.com\/fr\/wp-json\/wp\/v2\/users\/2"}],"replies":[{"embeddable":true,"href":"https:\/\/www.europesays.com\/fr\/wp-json\/wp\/v2\/comments?post=224388"}],"version-history":[{"count":0,"href":"https:\/\/www.europesays.com\/fr\/wp-json\/wp\/v2\/posts\/224388\/revisions"}],"wp:featuredmedia":[{"embeddable":true,"href":"https:\/\/www.europesays.com\/fr\/wp-json\/wp\/v2\/media\/224389"}],"wp:attachment":[{"href":"https:\/\/www.europesays.com\/fr\/wp-json\/wp\/v2\/media?parent=224388"}],"wp:term":[{"taxonomy":"category","embeddable":true,"href":"https:\/\/www.europesays.com\/fr\/wp-json\/wp\/v2\/categories?post=224388"},{"taxonomy":"post_tag","embeddable":true,"href":"https:\/\/www.europesays.com\/fr\/wp-json\/wp\/v2\/tags?post=224388"}],"curies":[{"name":"wp","href":"https:\/\/api.w.org\/{rel}","templated":true}]}}