{"id":224396,"date":"2025-07-04T00:39:17","date_gmt":"2025-07-04T00:39:17","guid":{"rendered":"https:\/\/www.europesays.com\/fr\/224396\/"},"modified":"2025-07-04T00:39:17","modified_gmt":"2025-07-04T00:39:17","slug":"que-faire-a-marseille-ce-week-end-du-3-4-5-et-6-juillet","status":"publish","type":"post","link":"https:\/\/www.europesays.com\/fr\/224396\/","title":{"rendered":"Que faire \u00e0 Marseille ce week-end du 3, 4, 5 et 6\u00a0juillet\u00a0?"},"content":{"rendered":"<p>Pour ce week-end du jeudi 3, vendredi 4, samedi 5 et dimanche 6 juillet, une foule d\u2019\u00e9v\u00e9nements culturels vous attendent \u00e0 Marseille. Musique, danse, humour : c\u2019est vraiment l\u2019\u00e9t\u00e9 marseillais qui d\u00e9bute ce week-end et il sera particuli\u00e8rement riche.<\/p>\n<p><a href=\"https:\/\/www.laprovence.com\/article\/societe\/16780901477484\/lgbtqia-pres-de-50-evenements-en-un-mois-marche-des-fiertes-la-pride-fait-son-grand-retour-a-marseille\" target=\"_blank\" rel=\"noopener\">La Pride Marseille<\/a>, le top d\u00e9part de l&rsquo;\u00e9t\u00e9 marseillais ou encore des concerts gratuits aux Terrasses du Port&#8230; La Provence vous donne ses meilleures id\u00e9es de sorties et loisirs pour ce week-end.<\/p>\n<p>Les balades, activit\u00e9s sportives et bien-\u00eatre de ce week-end du 3, 4, 5 et 6\u00a0juillet&#13;\n<\/p>\n<p>Pride Marseille 2025 &#8211; Marche des fiert\u00e9s<\/p>\n<p>Chaque ann\u00e9e depuis 1993, la Pride Marseille r\u00e9unit entre 15 000 et 25 000 manifestants dans un cort\u00e8ge \u00e0 la fois militant et festif. La marche d\u00e9butera \u00e0 16h du Parc Longchamp \u00e0 l&rsquo;H\u00f4tel de Ville. En parall\u00e8le, un village des associations sera ouvert plave Villeneuve Bargemon, dans le 2\u00e8me arrondissement.<\/p>\n<p><strong>Date et horaires<\/strong> : samedi 5 juillet \u00e0 16h<\/p>\n<p><strong>Tarif<\/strong> : gratuit<\/p>\n<p><strong>Adresse <\/strong>: Parcours : Bd Lonchamp, Bd Philippon, Bd de la LIb\u00e9ration,, La Canebi\u00e8re, Cours Belsunce, Rue Colbert, Rue de la R\u00e9publique, Quai de la Fraternit\u00e9<\/p>\n<p><strong>Site officiel<\/strong> : <a href=\"https:\/\/www.pride-marseille.com\/\" target=\"_blank\" rel=\"noopener\">pride-marseille.com<\/a><\/p>\n<p>Mondial La Marseillaise \u00e0 p\u00e9tanque 64e \u00e9dition<\/p>\n<p>La comp\u00e9tition, mixte, ouverte \u00e0 tous, licenci\u00e9s ou non, sans limite d&rsquo;\u00e2ge, se joue en triplette (masculine, f\u00e9minine ou mixte) au Parc Bor\u00e9ly et sur une trentaine d&rsquo;aires de jeu r\u00e9parties dans tout Marseille. Chaque partie se joue en 13 points sur le principe de l&rsquo;\u00e9limination directe. Le Troph\u00e9e Cr\u00e9dit Mutuel Mondial des jeunes et le Grand prix f\u00e9minin Paprec se disputeront en ouverture du vendredi 4 au dimanche 6 juillet. La 64e \u00e9dition du Mondial La Marseillaise aura lieu du dimanche 6 au mercredi 9 juillet.<\/p>\n<p><strong>Date et horaires<\/strong> : du vendredi 4 juillet au mercredi 9 juillet d\u00e8s 9h<\/p>\n<p><strong>Tarif<\/strong> : gratuit<\/p>\n<p><strong>Adresse <\/strong>: Parc Bor\u00e9ly, Avenue du Prado, Avenue du Parc Bor\u00e9ly, 13008 Marseille<\/p>\n<p><strong>Site officiel<\/strong> : <a href=\"https:\/\/mondiallamarseillaiseapetanque.com\/\" target=\"_blank\" rel=\"noopener\">mondiallamarseillaiseapetanque.com\/<\/a><\/p>\n<p>Gala de boxe anglaise<\/p>\n<p>7 combats amateurs et 4 combats professionnels seront propos\u00e9s ce samedi soir. D\u00e8s 16h, retrouvez de la boxe \u00e9ducative.<\/p>\n<p><strong>Date et horaires<\/strong> : samedi 5 juillet \u00e0 19h<\/p>\n<p><strong>Tarif<\/strong> : gratuit<\/p>\n<p><strong>Adresse <\/strong>: Jardin du centre d&rsquo;animation de Saint-Joseph, 72, bd Simon Bolivar, Mairie des 13e et 14e arrondissements, 13014<\/p>\n<p><strong>Site officiel<\/strong> : <a href=\"https:\/\/www.facebook.com\/mairiemarseille1314\/\" target=\"_blank\" rel=\"noopener\">facebook.com\/mairiemarseille1314\/<\/a><\/p>\n<p>Les F\u00eates de quartiers en juillet<\/p>\n<p>Chaque mois, les Marseillais sont invit\u00e9s autour d&rsquo;une f\u00eate de quartier, pour se rencontrer. Ce vendredi soir, une soir\u00e9e ind\u00e9pendance du Cap-Vert est organis\u00e9 \u00e0 la Vieille Charit\u00e9 de 18h \u00e0 23h. Ce samedi 5 juillet, retrouvez un karaok\u00e9 g\u00e9ant \u00e0 19h30, sur la place de Pelabon. Dimanche, une soir\u00e9e ind\u00e9pendance des Comores sera organis\u00e9e au sein du Parc Bougainville de 18h \u00e0 23h.\u00a0<\/p>\n<p>Les concerts, pi\u00e8ces de th\u00e9\u00e2tre et soir\u00e9es ce week-end du 3, 4, 5 et 6\u00a0juillet&#13;\n<\/p>\n<p>Top d\u00e9part de l\u2019\u00c9t\u00e9 Marseillais<\/p>\n<p>Que le spectacle commence\u00a0! Pour la troisi\u00e8me ann\u00e9e cons\u00e9cutive, <a href=\"https:\/\/www.laprovence.com\/article\/region\/34718174632041\/ete-marseillais-la-scene-flottante-sinstalle-sur-le-vieux-port\" target=\"_blank\" rel=\"noopener\">la sc\u00e8ne flottante du Vieux-Port accueille, dans le cadre de l\u2019\u00c9t\u00e9 Marseillais<\/a>, des concerts et des performances de danse. Les festivit\u00e9s commencent ce vendredi 4\u00a0juillet avec la chanteuse pop Vendredi sur Mer, connue pour ses tubes \u00c9coute ch\u00e9rie et Les femmes d\u00e9sir. L\u2019artiste \u00e9lectro Worakls sera aussi pr\u00e9sent, accompagn\u00e9 d\u2019une vingtaine de musiciens classique pour r\u00e9interpr\u00e9ter son r\u00e9pertoire. Vendredi 4\u00a0juillet toujours, Since Charles, install\u00e9 \u00e0 Marseille, fera danser le public du Vieux-Port avec son \u00e9lectro-pop.<\/p>\n<p>Samedi 5\u00a0juillet, c\u2019est le chanteur Lucky Love qui se produira, entre sons \u00e9lectro, R &amp; B et pop. Figure montante de la chanson francophone, il avait particip\u00e9 \u00e0 la c\u00e9r\u00e9monie d\u2019ouverture des Jeux Paralympiques 2024. La DJ Jennifer Cardini, pionni\u00e8re de la musique \u00e9lectronique fran\u00e7aise, devrait, quant \u00e0 elle, proposer un set aux accents techno, house et italo-disco. \u00c9galement \u00e0 l\u2019affiche\u00a0: la jeune Marseillaise SABB, repr\u00e9sentante des Bouches-du-Rh\u00f4ne aux Inou\u00efs du Printemps de Bourges, cette ann\u00e9e.<\/p>\n<p>L\u2019\u00c9t\u00e9 Marseillais, c\u2019est aussi dans toute la ville. Samedi, rendez-vous au Talus (12e), pour une journ\u00e9e street art. Dimanche, la Cit\u00e9 des arts de la rue (15e) accueille une journ\u00e9e de repr\u00e9sentations artistiques. Le soir se tient au Parc Bougainville un concert pour les 50\u00a0ans de l\u2019ind\u00e9pendance des Comores. Parmi les artistes\u00a0: le groupe Guirri Mafia, le rappeur Thabiti et des danseurs de F\u00e9lix-Pyat.<\/p>\n<p><strong>Concerts vendredi et samedi \u00e0 20\u00a0h, au Vieux-Port, devant la mairie (1er). Gratuit. etemarseillais.fr<\/strong>&#13;\n<\/p>\n<p>Festival de Marseille\u00a0: un dernier week-end qui nous invite \u00e0 danser<br \/>\n<img alt=\"Blossom, une performance de Sandrine Lescourant, pour deux soirs au th\u00e9\u00e2tre de la Sucrerie (15e).\" loading=\"lazy\" decoding=\"async\" data-nimg=\"fill\" class=\" TwicCore_img__i9TC1 undefined  undefined\" style=\"position:absolute;height:100%;width:100%;left:0;top:0;right:0;bottom:0;color:transparent;background-size:cover;background-position:50% 50%;background-repeat:no-repeat;background-image:url(&quot;data:image\/svg+xml;charset=utf-8,%3Csvg xmlns='http:\/\/www.w3.org\/2000\/svg' %3E%3Cfilter id='b' color-interpolation-filters='sRGB'%3E%3CfeGaussianBlur stdDeviation='20'\/%3E%3CfeColorMatrix values='1 0 0 0 0 0 1 0 0 0 0 0 1 0 0 0 0 0 100 -1' result='s'\/%3E%3CfeFlood x='0' y='0' width='100%25' height='100%25'\/%3E%3CfeComposite operator='out' in='s'\/%3E%3CfeComposite in2='SourceGraphic'\/%3E%3CfeGaussianBlur stdDeviation='20'\/%3E%3C\/filter%3E%3Cimage width='100%25' height='100%25' x='0' y='0' preserveAspectRatio='none' style='filter: url(%23b);' href='https:\/\/pictures.laprovence.com\/cdn-cgi\/image\/blur=250\/media\/melody\/2025\/07\/03\/blossom-une-performance-de-sandrine-lescourant-pour-deux-soirs-au-theatre-de-la-sucrerie-15e-1751557399_f0daade504686e4daade50468b8daav_.jpg'\/%3E%3C\/svg%3E&quot;)\"   src=\"https:\/\/www.europesays.com\/fr\/wp-content\/uploads\/2025\/07\/blossom-une-performance-de-sandrine-lescourant-pour-deux-soirs-au-theatre-de-la-sucrerie-15e-1751557.jpeg\"\/>Blossom, une performance de Sandrine Lescourant, pour deux soirs au th\u00e9\u00e2tre de la Sucrerie (15e). \/ Photo DR THOMAS BOHL<\/p>\n<p>Existe-t-il quelque chose, en chacun de nous, qui nous pousse \u00e0 danser\u00a0? C\u2019est en tout cas le pari de Sandrine Lescourant, qui pr\u00e9sente sa nouvelle performance Blossom, jeudi 3\u00a0juillet et vendredi 4\u00a0juillet \u00e0 22\u00a0h, au th\u00e9\u00e2tre de la Sucri\u00e8re (<strong>15e\u00a0arrondissement\u00a0; 5\/10\u00a0\u20ac<\/strong>). Un groupe d\u2019amateurs porte la pi\u00e8ce, entra\u00een\u00e9 par cinq artistes issus de la danse, du gospel, du slam, du beat boxing et du beat making. Un bal d\u2019une trentaine de minutes est ensuite pr\u00e9vu. Ce jeudi 3\u00a0juillet marque aussi le vernissage, \u00e0 18\u00a0h\u00a030, de l\u2019exposition Le Chemin des Fous, qui se tient jusqu\u2019au 27\u00a0septembre, \u00e0 l\u2019atelier d\u2019art La Compagnie (<strong>1er\u00a0arrondissement\u00a0; gratuit<\/strong>). N\u00e9e d\u2019une collaboration entre le Refuge Migrant\u00b7es LGBTQI +\u00a0et les artistes marseillais Arthur Eskenazi et Liam Warren, cette exposition m\u00eale vid\u00e9os, sculptures, cartographies et objets d\u2019archives sur le th\u00e8me \u00ab\u00a0Migration, identit\u00e9 et \u00e9mancipation\u00a0\u00bb. Une installation qui donne \u00e0 voir les conditions de vie, les peurs, les d\u00e9sirs et les revendications des personnes migrantes. C\u2019est sur la disparition de la nature que la chor\u00e9graphe grecque Lenio Kaklea souhaite, elle, alerter. Sa nouvelle cr\u00e9ation Les Oiseaux est \u00e0 retrouver, vendredi 4\u00a0juillet \u00e0 18\u00a0h\u00a030 et samedi 5\u00a0juillet \u00e0 17\u00a0h, \u00e0 Klap Maison de la danse (<strong>3e\u00a0arrondissement\u00a0; 10\u00a0\u20ac<\/strong>). Sur des chants d\u2019oiseaux, sept danseurs et danseuses interrogent, en mouvement, notre rapport \u00e0 l\u2019environnement et aux nouvelles technologies. Un atelier de d\u00e9couverte avec Lenio Kaklea est aussi pr\u00e9vu samedi 5\u00a0juillet \u00e0 11\u00a0h au Ballet National de Marseille. <a href=\"https:\/\/www.laprovence.com\/article\/culture-loisirs\/315684246676414\/festival-de-marseille-les-spectacles-a-ne-pas-manquer-du-12-juin-au-6-juillet\" target=\"_blank\" rel=\"noopener\">D\u2019autres spectacles affichent complet<\/a>.<\/p>\n<p><strong>Plus d\u2019infos sur festivaldemarseille.com<\/strong>&#13;\n<\/p>\n<p>Humour\u00a0: ambiance claquettes-paillettes \u00e0 l\u2019Art D\u00fb<br \/>\n<img alt=\"Sarah Jatombo.\" loading=\"lazy\" decoding=\"async\" data-nimg=\"fill\" class=\" TwicCore_img__i9TC1 undefined  undefined\" style=\"position:absolute;height:100%;width:100%;left:0;top:0;right:0;bottom:0;color:transparent;background-size:cover;background-position:50% 50%;background-repeat:no-repeat;background-image:url(&quot;data:image\/svg+xml;charset=utf-8,%3Csvg xmlns='http:\/\/www.w3.org\/2000\/svg' %3E%3Cfilter id='b' color-interpolation-filters='sRGB'%3E%3CfeGaussianBlur stdDeviation='20'\/%3E%3CfeColorMatrix values='1 0 0 0 0 0 1 0 0 0 0 0 1 0 0 0 0 0 100 -1' result='s'\/%3E%3CfeFlood x='0' y='0' width='100%25' height='100%25'\/%3E%3CfeComposite operator='out' in='s'\/%3E%3CfeComposite in2='SourceGraphic'\/%3E%3CfeGaussianBlur stdDeviation='20'\/%3E%3C\/filter%3E%3Cimage width='100%25' height='100%25' x='0' y='0' preserveAspectRatio='none' style='filter: url(%23b);' href='https:\/\/pictures.laprovence.com\/cdn-cgi\/image\/blur=250\/media\/melody\/2025\/07\/03\/sarah-jatombo-1751557399_e131835ed4686f531835ed468d9318v_.jpg'\/%3E%3C\/svg%3E&quot;)\"   src=\"https:\/\/www.europesays.com\/fr\/wp-content\/uploads\/2025\/07\/sarah-jatombo-1751557399_e131835ed4686f531835ed468d9318v_.jpg\"\/>Sarah Jatombo. \/ PHOTO DR<\/p>\n<p>Si l\u2019appel des terrasses souffle en ce d\u00e9but d\u2019\u00e9t\u00e9, les salles d\u00e9di\u00e9es \u00e0 l\u2019humour restent mobilis\u00e9es pour diffuser le rire. Et dans une saison\u00a02024-2025 qui a vu les nouveaux concepts se multiplier \u00e0 Marseille, l\u2019Art D\u00fb n\u2019est pas en reste. Samedi 5\u00a0juillet \u00e0 21 h (<strong>gratuit, sortie au chapeau, inscription sur lartdutheatre.fr<\/strong>), un plateau 100% f\u00e9minin est de nouveau au programme, avec notamment Sarah Jatombo. Mais cette fois, le public est convi\u00e9 avec un code vestimentaire in\u00e9dit\u00a0: claquettes aux pieds et paillettes pour le reste de la tenue ou en guise de maquillage, pour une soir\u00e9e glamour. Et si besoin, des paillettes seront distribu\u00e9es au bar du th\u00e9\u00e2tre d\u00e8s 20\u00a0h. Le lendemain, l\u2019habituelle Pilule du dimanche rassemblera dix artistes sur sc\u00e8ne d\u00e8s 18\u00a0h\u00a030 (<strong>gratuit, sortie au chapeau, lartdutheatre.fr<\/strong>).<\/p>\n<p><a href=\"https:\/\/www.laprovence.com\/article\/culture-loisirs\/3040385459031415\/louverture-du-comedie-club-de-gad-elmaleh-confirme-le-succes-du-stand-up-a-marseille\" target=\"_blank\" rel=\"noopener\">Au Vig\u2019s, les comedy clubs<\/a> qui verront notamment Gad Elmaleh et Roman Frayssinet affichent complet jusqu\u2019\u00e0 lundi. Il reste en revanche quelques places au Marseille Comedy Club pour les sessions de vendredi 4\u00a0juillet et samedi 5\u00a0juillet \u00e0 21 h (<strong>13\u00a0\u20ac, marseillecomedyclub.com<\/strong>). L\u2019\u00e9quipe de S\u00e9bastien Me\u00ef jouera les prolongations lundi\u00a07 \u00e0 21\u00a0h au toit-terrasse du Rowing, o\u00f9 il a lanc\u00e9 cette semaine sa deuxi\u00e8me saison estivale (<strong>\u00e0 partir de 15\u00a0\u20ac, 40\u00a0\u20ac avec repas, marseillecomedyclub.com<\/strong>).<\/p>\n<p><a href=\"https:\/\/www.laprovence.com\/article\/culture-loisirs\/12796894035480\/cinq-ans-apres-le-garage-comedy-a-releve-son-pari-fou-a-marseille\" target=\"_blank\" rel=\"noopener\">Au Garage, outre les plateaux stand-up<\/a> programm\u00e9s quotidiennement, deux grands habitu\u00e9s du lieu, Tibo Rugi et Rayane Zerhouni, se partageront la soir\u00e9e de dimanche, d\u00e8s 21\u00a0h. Et ce, avec un 2&#215;30 minutes intitul\u00e9 L\u00e9g\u00e8rement Flou qui s\u2019annonce explosif (<strong>8\u00a0\u20ac +\u00a0sortie au chapeau, garage-comedy.com<\/strong>).<\/p>\n<p>Le Sky Rooftop du Cabaret Al\u00e9atoire reprend du service pour l\u2019\u00e9t\u00e9<\/p>\n<p>Pour la deuxi\u00e8me saison, le Cabaret al\u00e9atoire, le spot de concerts et de soir\u00e9es d\u00e9di\u00e9 aux musiques \u00e9lectroniques de la Friche la Belle-de-Mai, pose ses valises d\u2019\u00e9t\u00e9 au sommet du campus Biaggi, tout pr\u00e8s de la gare Saint-Charles. Le lieu d\u00e9nomm\u00e9 le Sky Rooftop propose des soir\u00e9es tous les mercredis, jeudis et vendredis d\u00e8s 18 h avec des DJ sets, des ap\u00e9ros food dans une ambiance conviviale.<\/p>\n<p>Et surtout avec une vue panoramique sur toute la ville, \u00e0 admirer au coucher de soleil. Au programme de ce week-end\u00a0: Anticlimax pr\u00e9sente Horizon(s) ce jeudi 3\u00a0juillet avec des vibes l\u00e9g\u00e8res et planantes. Puis ce vendredi 4\u00a0juillet place \u00e0 la DJ marseillaise Vanessa M et ses sons indie dance et dark disco.<\/p>\n<p><strong>Tous les mercredis, jeudis et vendredis jusqu\u2019au 29\u00a0ao\u00fbt. 6, rue Joseph Biaggi, 3e. De 18\u00a0h \u00e0 22\u00a0h\u00a030. Gratuit de 18\u00a0h \u00e0 19\u00a0h. \u00c0 partir de 19\u00a0h\u00a0: 5\u00a0\u20ac sur Shotgun.<\/strong>&#13;\n<\/p>\n<p>Concerts gratuits aux Terrasses du Port<\/p>\n<p>Ce week-end d\u00e9marrent les soir\u00e9es du Sunset Live sur la terrasse situ\u00e9e niveau R2 du centre commercial des Terrasses du Port. Des rendez-vous gratuits et ouverts \u00e0 tous, face \u00e0 la mer, en partenariat avec Radio Star, pour une troisi\u00e8me \u00e9dition. Les festivit\u00e9s commencent ce samedi 5\u00a0juillet de 16 h \u00e0 21 h avec des cours de salsa, bachata et zumba ainsi qu\u2019une ambiance musicale avec DJ Latino Party. Dimanche 6\u00a0juillet, place aux concerts avec les locaux de Groupe M Soul en premi\u00e8re et derni\u00e8re partie de soir\u00e9e.<\/p>\n<p>Et au milieu, un showcase de Ma\u00eea, Charles Dor\u00e9, Ycare et NEJ. Une guinguette \u00e9ph\u00e9m\u00e8re sera \u00e9galement sur place pour boire et manger. \u00c0 noter que le dimanche 13\u00a0juillet, Soprano viendra jouer sur la sc\u00e8ne quelques titres pour enflammer l\u2019\u00e9t\u00e9 avant son V\u00e9lodrome de cet automne.<\/p>\n<p><strong>Samedi\u00a05 et dimanche 6\u00a0juillet de 16\u00a0h \u00e0 21\u00a0h (jusqu\u2019au 17\u00a0ao\u00fbt). 9\u00a0quai du Lazaret, 2e. Gratuit. Toute la programmation sur lesterrassesduport.com<\/strong>&#13;\n<\/p>\n<p>L\u2019Espace Julien accueille l\u2019after de la Pride<br \/>\n<img alt=\"L\u2019after Pride 2025 \u00e0 l\u2019Espace Julien.\" loading=\"lazy\" decoding=\"async\" data-nimg=\"fill\" class=\" TwicCore_img__i9TC1 undefined  undefined\" style=\"position:absolute;height:100%;width:100%;left:0;top:0;right:0;bottom:0;color:transparent;background-size:cover;background-position:50% 50%;background-repeat:no-repeat;background-image:url(&quot;data:image\/svg+xml;charset=utf-8,%3Csvg xmlns='http:\/\/www.w3.org\/2000\/svg' %3E%3Cfilter id='b' color-interpolation-filters='sRGB'%3E%3CfeGaussianBlur stdDeviation='20'\/%3E%3CfeColorMatrix values='1 0 0 0 0 0 1 0 0 0 0 0 1 0 0 0 0 0 100 -1' result='s'\/%3E%3CfeFlood x='0' y='0' width='100%25' height='100%25'\/%3E%3CfeComposite operator='out' in='s'\/%3E%3CfeComposite in2='SourceGraphic'\/%3E%3CfeGaussianBlur stdDeviation='20'\/%3E%3C\/filter%3E%3Cimage width='100%25' height='100%25' x='0' y='0' preserveAspectRatio='none' style='filter: url(%23b);' href='https:\/\/pictures.laprovence.com\/cdn-cgi\/image\/blur=250\/media\/melody\/2025\/07\/03\/l-after-pride-2025-a-l-espace-julien-1751557400_d4a903ea4568688a903ea45685ca90v_.jpg'\/%3E%3C\/svg%3E&quot;)\"   src=\"https:\/\/www.europesays.com\/fr\/wp-content\/uploads\/2025\/07\/l-after-pride-2025-a-l-espace-julien-1751557400_d4a903ea4568688a903ea45685ca90v_.jpg\"\/>L\u2019after Pride 2025 \u00e0 l\u2019Espace Julien. \/ PHOTO DR<\/p>\n<p>La marche des fiert\u00e9s se d\u00e9roulera ce samedi 5\u00a0juillet \u00e0 partir de 16 h au d\u00e9part du Palais Longchamp. Et pour terminer la journ\u00e9e en beaut\u00e9 et surtout vibrer toute la nuit, l\u2019after officiel se passera du c\u00f4t\u00e9 de l\u2019Espace Julien. Organis\u00e9e par la Pride Marseille, la soir\u00e9e promet un line-up queer et engag\u00e9. Feroui, DJ \u00e9tabli \u00e0 Marseille o\u00f9 il coorganise les soir\u00e9es D\u00e9rapage, livrera des sets br\u00fblants.<\/p>\n<p>Tandis que Lalla Rami, pop star originaire de Kenitra au Maroc, femme trans et immigr\u00e9e, \u00e9grainera ses punchlines percutantes et ses m\u00e9lodies oniriques. Le set de la Carib\u00e9enne DouceS\u0153ur oscillera entre ses origines du 972 au 92, la culture manga des ann\u00e9es\u00a02000 et son identit\u00e9 queer. Enfin, le set de Cabale offrira des breaks infus\u00e9s \u00e0 l\u2019acid, des synth\u00e9s atmosph\u00e9riques et des vibrations ghetto.<\/p>\n<p><strong>Samedi 5\u00a0juillet de 21\u00a0h\u00a030 \u00e0 4\u00a0h du matin. Espace Julien, 39\u00a0cours Julien, 6e. \u00c0 partir de 17,99\u00a0\u20ac. espace-julien.com<\/strong>&#13;\n<\/p>\n<p>Nuit blanche burlesque \u00e0 la Citadelle<\/p>\n<p>Une premi\u00e8re \u00e0 la Citadelle de Marseille\u00a0: une soir\u00e9e cabaret burlesque pr\u00e9sent\u00e9e par les artistes du Paris Burlesque Show. Glamour et audace seront au rendez-vous ce samedi soir pour un spectacle qui m\u00eale cabaret burlesque, arts du cirque, musique live, DJ set, exp\u00e9riences immersives et cr\u00e9ateurs locaux sur les th\u00e8mes du bien-\u00eatre et de l\u2019art. Dans une ambiance chic et festive avec un dress code blanc obligatoire.<\/p>\n<p><strong>Samedi 5\u00a0juillet \u00e0 la Citadelle de Marseille (Fort Saint-Nicolas), mont\u00e9e du souvenir, 7e. De 19\u00a0h \u00e0 23\u00a0h\u00a030. 45\u00a0\u20ac\/75\u00a0\u20ac. Sur r\u00e9servation parisburlesqueshow.fr<\/strong>&#13;\n<\/p>\n<p>Le Festival Marseille Jazz des Cinq Continents se poursuit<\/p>\n<p>Jeudi soir, place \u00e0 la saxophoniste londonienne Nubya Garcia, d\u00e9j\u00e0 invit\u00e9e au parc Longchamp il y a deux ans pour un focus sur la nouvelle sc\u00e8ne anglaise. Elle aura le champ libre, \u00e0 la Vieille Charit\u00e9, pour pr\u00e9senter son Odyssey musicale, forc\u00e9ment d\u00e9tonante.<\/p>\n<p>Vendredi, le Marseille Jazz des Cinq Continents se pose dans un nouveau lieu, la Citadelle, avec le pianiste Tigran Hamasyan et son projet fou The Bird of a Thousand Voices conviant les mythes arm\u00e9niens et le hard rock.<\/p>\n<p>Samedi, au th\u00e9\u00e2tre de la Sucri\u00e8re, la fl\u00fbtiste Ludivine Issambourg promet un voyage inclassable, entre jazz, funk, \u00e9lectro, psych\u00e9\u2026 Tandis que le saxophoniste Antonio Lizana, ambassadeur de la musique hispanique et fou de Coltrane, fusionnera le jazz avec le flamenco, accompagn\u00e9 de son quartet et d&rsquo;un danseur.<\/p>\n<p>Les expos, cin\u00e9s et activit\u00e9s culturelles, ce week-end du 3, 4, 5 et 6\u00a0juillet&#13;\n<\/p>\n<p>Georgiana Viou d\u00e9voile une collab&rsquo;styl\u00e9e \u00e0 la Maison des Nines&#13;\n<\/p>\n<p><img alt=\"Taaranyi et Georgiana Viou.\" loading=\"lazy\" decoding=\"async\" data-nimg=\"fill\" class=\" TwicCore_img__i9TC1 undefined  undefined\" style=\"position:absolute;height:100%;width:100%;left:0;top:0;right:0;bottom:0;color:transparent;background-size:cover;background-position:50% 50%;background-repeat:no-repeat;background-image:url(&quot;data:image\/svg+xml;charset=utf-8,%3Csvg xmlns='http:\/\/www.w3.org\/2000\/svg' %3E%3Cfilter id='b' color-interpolation-filters='sRGB'%3E%3CfeGaussianBlur stdDeviation='20'\/%3E%3CfeColorMatrix values='1 0 0 0 0 0 1 0 0 0 0 0 1 0 0 0 0 0 100 -1' result='s'\/%3E%3CfeFlood x='0' y='0' width='100%25' height='100%25'\/%3E%3CfeComposite operator='out' in='s'\/%3E%3CfeComposite in2='SourceGraphic'\/%3E%3CfeGaussianBlur stdDeviation='20'\/%3E%3C\/filter%3E%3Cimage width='100%25' height='100%25' x='0' y='0' preserveAspectRatio='none' style='filter: url(%23b);' href='https:\/\/pictures.laprovence.com\/cdn-cgi\/image\/blur=250\/media\/melody\/2025\/07\/03\/taaranyi-et-georgiana-viou-1751557401_1b769c0cc3686cf769c0cc368e3869v_.jpg'\/%3E%3C\/svg%3E&quot;)\"   src=\"https:\/\/www.europesays.com\/fr\/wp-content\/uploads\/2025\/07\/taaranyi-et-georgiana-viou-1751557401_1b769c0cc3686cf769c0cc368e3869v_.jpg\"\/>Taaranyi et Georgiana Viou. \/ PHOTO DR Maki Manoukian<\/p>\n<p>La cheffe \u00e9toil\u00e9e originaire du B\u00e9nin, Georgiana Viou, a ensoleill\u00e9 la cuisine marseillaise pendant plusieurs ann\u00e9es avant de s\u2019installer \u00e0 N\u00eemes avec le restaurant Rouge o\u00f9 elle a d\u00e9croch\u00e9 une \u00e9toile en\u00a02023. Cet \u00e9t\u00e9, elle pousse la cr\u00e9ativit\u00e9 encore plus loin et collabore avec la marque de foulards Taaranyi qui pr\u00f4ne le savoir-faire artisanal et les motifs inspir\u00e9s d\u2019h\u00e9ritage traditionnel et de modernit\u00e9. Le r\u00e9sultat de cette collaboration\u00a0: trois foulards en soie en \u00e9dition limit\u00e9e (199\u00a0\u20ac) comme trois tableaux \u00e0 l\u2019image de la cheffe, de sa cuisine et de son caract\u00e8re. Une ode aux femmes et \u00e0 la transmission qui sera \u00e0 d\u00e9couvrir tout le week-end en exclusivit\u00e9 \u00e0 la Maison des Nines. \u00ab\u00a0Entr\u00e9e libre et curiosit\u00e9 bienvenue\u00a0\u00bb.<\/p>\n<p><strong>Du 4 au 6\u00a0juillet. Vendredi\u00a011 h-19 h, samedi\u00a09 h 30-19 h et dimanche\u00a011\u00a0h-16 h, 9\u00a0rue d\u2019Aubagne, 1er.<\/strong>&#13;\n<\/p>\n<p>Hymne \u00e0 la nature et \u00e0 la photo<\/p>\n<p>Le photographe varois \u00c9ric Pineau pr\u00e9sente Vanit\u00e9s et for\u00eat \u00e0 la galerie Patrick Reygade (6e). \u00ab\u00a0Vanit\u00e9s\u00a0\u00bb est une s\u00e9rie de portraits de fleurs s\u00e9ch\u00e9es r\u00e9alis\u00e9e sur deux ans. Tandis que \u00ab\u00a0For\u00eat\u00a0\u00bb met en avant la dimension enchant\u00e9e de la for\u00eat en noir et blanc, ses ombres et lumi\u00e8res.<\/p>\n<p><strong>8\u00a0rue Fontange, 6e. Du mercredi au samedi de 14\u00a0h\u00a030 \u00e0 18\u00a0h 30. Jusqu\u2019au 12\u00a0juillet. Ode au bleu<\/strong>&#13;\n<\/p>\n<p>Ode au Bleu<\/p>\n<p>Beyond Blue pr\u00e9sente les \u0153uvres de l\u2019artiste sudiste (elle vit et travaille \u00e0 Montpellier) G\u00e9raldine Auret, expos\u00e9es dans le hall d\u2019entr\u00e9e de l\u2019InterContinental H\u00f4tel Dieu. Les tableaux mettent \u00e0 l\u2019honneur le bleu outremer, dans des mouvements, des lignes et de la mati\u00e8re qui le rendent encore plus profond et m\u00e9diterran\u00e9en. \u00c0 d\u00e9couvrir en entr\u00e9e libre.<\/p>\n<p><strong>Du vendredi 4\u00a0juillet au dimanche 31\u00a0ao\u00fbt. Tous les jours de 11\u00a0h \u00e0 23 h. 1\u00a0place Daviel, 2e.<\/strong>&#13;\n<\/p>\n<p>Cin\u00e9 plein air en juillet<\/p>\n<p>Des s\u00e9ances de cin\u00e9ma en plein air ouvertes \u00e0 tous pendant tout l&rsquo;\u00e9t\u00e9 ! Retrouvez ce vendredi soir Les Petites Victoires de M\u00e9lanie Auffret et ce samedi soir, La Princesse et la Grenouille de Ron Clements.\u00a0<\/p>\n<p><strong>Date et horaires<\/strong> : vendredi 4 juillet et samedi 5 juillet \u00e0 21h45<\/p>\n<p><strong>Tarif<\/strong> : gratuit<\/p>\n<p><strong>Adresse <\/strong>: jardin Guy Aza\u00efs (10e) le vendredi, Centre Social Les Lierres (12e) le samedi<\/p>\n<p><strong>Site officiel<\/strong> : <a href=\"https:\/\/seances-speciales.fr\/nos-evenements\/cine-plein-air-marseille\/\" target=\"_blank\" rel=\"noopener\">seances-speciales.fr\/nos-evenements\/cine-plein-air-marseille\/<\/a><\/p>\n<p><a target=\"_self\" aria-label=\"Acc\u00e9der au dossier Id\u00e9es sorties\" class=\"w-full h-full flex flex-row rounded-lg\" data-xiti-chapter1=\"dossier\" data-xiti-chapter2=\"tag\" type=\"navigation\" href=\"https:\/\/www.laprovence.com\/dossiers\/125145\/idees-sorties\" rel=\"noopener\"><img alt=\"Illustration du dossier Id\u00e9es sorties\" loading=\"lazy\" decoding=\"async\" data-nimg=\"fill\" class=\"rounded-lg\" style=\"position:absolute;height:100%;width:100%;left:0;top:0;right:0;bottom:0;object-fit:cover;color:transparent\"   src=\"https:\/\/www.europesays.com\/fr\/wp-content\/uploads\/2025\/07\/la-fete-foraine-d-aix-a-ouvert-ses-portes-aux-visiteurs-samedi-8-fevrier-2025-1739171705_29c17869c8a.jpeg\"\/><\/a><\/p>\n","protected":false},"excerpt":{"rendered":"Pour ce week-end du jeudi 3, vendredi 4, samedi 5 et dimanche 6 juillet, une foule d\u2019\u00e9v\u00e9nements culturels&hellip;\n","protected":false},"author":2,"featured_media":224397,"comment_status":"","ping_status":"","sticky":false,"template":"","format":"standard","meta":{"footnotes":""},"categories":[2814],"tags":[17,36334,1111,11,251,1777,674,4560,1011,27,884,12,882,746,25,4064],"class_list":{"0":"post-224396","1":"post","2":"type-post","3":"status-publish","4":"format-standard","5":"has-post-thumbnail","7":"category-marseille","8":"tag-17","9":"tag-6-juillet","10":"tag-actu","11":"tag-actualites","12":"tag-culture","13":"tag-eu","14":"tag-europe","15":"tag-faire","16":"tag-fr","17":"tag-france","18":"tag-marseille","19":"tag-news","20":"tag-provence-alpes-cote-dazur","21":"tag-que","22":"tag-republique-francaise","23":"tag-week-end"},"share_on_mastodon":{"url":"https:\/\/pubeurope.com\/@fr\/114792180474263575","error":""},"_links":{"self":[{"href":"https:\/\/www.europesays.com\/fr\/wp-json\/wp\/v2\/posts\/224396","targetHints":{"allow":["GET"]}}],"collection":[{"href":"https:\/\/www.europesays.com\/fr\/wp-json\/wp\/v2\/posts"}],"about":[{"href":"https:\/\/www.europesays.com\/fr\/wp-json\/wp\/v2\/types\/post"}],"author":[{"embeddable":true,"href":"https:\/\/www.europesays.com\/fr\/wp-json\/wp\/v2\/users\/2"}],"replies":[{"embeddable":true,"href":"https:\/\/www.europesays.com\/fr\/wp-json\/wp\/v2\/comments?post=224396"}],"version-history":[{"count":0,"href":"https:\/\/www.europesays.com\/fr\/wp-json\/wp\/v2\/posts\/224396\/revisions"}],"wp:featuredmedia":[{"embeddable":true,"href":"https:\/\/www.europesays.com\/fr\/wp-json\/wp\/v2\/media\/224397"}],"wp:attachment":[{"href":"https:\/\/www.europesays.com\/fr\/wp-json\/wp\/v2\/media?parent=224396"}],"wp:term":[{"taxonomy":"category","embeddable":true,"href":"https:\/\/www.europesays.com\/fr\/wp-json\/wp\/v2\/categories?post=224396"},{"taxonomy":"post_tag","embeddable":true,"href":"https:\/\/www.europesays.com\/fr\/wp-json\/wp\/v2\/tags?post=224396"}],"curies":[{"name":"wp","href":"https:\/\/api.w.org\/{rel}","templated":true}]}}