{"id":224398,"date":"2025-07-04T00:40:10","date_gmt":"2025-07-04T00:40:10","guid":{"rendered":"https:\/\/www.europesays.com\/fr\/224398\/"},"modified":"2025-07-04T00:40:10","modified_gmt":"2025-07-04T00:40:10","slug":"previsions-du-vendredi-4-juillet-2025-8","status":"publish","type":"post","link":"https:\/\/www.europesays.com\/fr\/224398\/","title":{"rendered":"pr\u00e9visions du vendredi 4 juillet 2025"},"content":{"rendered":"<p>Aujourd&rsquo;hui, les Marseillais vont pouvoir profiter d&rsquo;un soleil radieux. Les valeurs s&rsquo;\u00e9chelonneront entre 27 et 32\u00b0C, un temps vraiment de saison. Les fortes chaleurs sont pr\u00e9sentes. Avec des temp\u00e9ratures \u00e9chelonn\u00e9es entre 27 et 32\u00b0C. Ce sera un bel \u00e9t\u00e9 : les valeurs afficheront entre 27 et 32\u00b0C le matin. Un vent de nord-ouest soufflera un peu, avec 8 km\/h. La ville va subir, l&rsquo;apr\u00e8s-midi, une vague d&rsquo;importantes chaleurs avec des temp\u00e9ratures qui rejoindront parfois les 32\u00b0C. Attention \u00e0 la vague de chaleur dans la soir\u00e9e. Des valeurs de 30 \u00e0 32\u00b0C sont pr\u00e9vues. Le ciel sera d\u00e9pourvu de nuages dans la nuit de vendredi \u00e0 samedi.<\/p>\n<p>Un bel ensoleillement est pr\u00e9vu demain \u00e0 Marseille. Une chute des temp\u00e9ratures est \u00e0 pr\u00e9voir. Les valeurs maximales annonc\u00e9es sont \u00e9lev\u00e9es, avec 32\u00b0C. Les valeurs seront comprises entre 26 et 32\u00b0C, un temps bel et bien de saison. Un vent d&rsquo;ouest rafra\u00eechira sensiblement l&rsquo;atmosph\u00e8re. L&rsquo;\u00e9pisode de grosses chaleurs est bien l\u00e0, avec des temp\u00e9ratures qui pourront monter jusqu&rsquo;\u00e0 32\u00b0C le matin. L&rsquo;\u00e9t\u00e9 s&rsquo;est d\u00e9finitivement install\u00e9 puisque les valeurs iront de 27 \u00e0 32\u00b0C. La ville va ressentir des fortes chaleurs avec des temp\u00e9ratures qui devraient grimper \u00e0 32\u00b0C demain apr\u00e8s-midi. Demain soir, le thermom\u00e8tre affichera 28\u00b0C en moyenne.<\/p>\n<p>La m\u00e9t\u00e9o restera inchang\u00e9e les prochains jours. Comptez sur 29\u00b0C en moyenne qui accompagneront des journ\u00e9es ensoleill\u00e9es.<\/p>\n<p>V\u00e9rifiez si votre d\u00e9partement est en vigilance canicule. Dans tous les cas, il est n\u00e9cessaire de prendre quelques pr\u00e9cautions pour se prot\u00e9ger de la chaleur : buvez beaucoup et \u00e9vitez d&rsquo;aller au soleil pendant les heures les plus chaudes.<\/p>\n","protected":false},"excerpt":{"rendered":"Aujourd&rsquo;hui, les Marseillais vont pouvoir profiter d&rsquo;un soleil radieux. Les valeurs s&rsquo;\u00e9chelonneront entre 27 et 32\u00b0C, un temps&hellip;\n","protected":false},"author":2,"featured_media":224399,"comment_status":"","ping_status":"","sticky":false,"template":"","format":"standard","meta":{"footnotes":""},"categories":[2814],"tags":[1111,11,1777,674,1011,27,884,12,2119,882,25],"class_list":{"0":"post-224398","1":"post","2":"type-post","3":"status-publish","4":"format-standard","5":"has-post-thumbnail","7":"category-marseille","8":"tag-actu","9":"tag-actualites","10":"tag-eu","11":"tag-europe","12":"tag-fr","13":"tag-france","14":"tag-marseille","15":"tag-news","16":"tag-previsions-meteo","17":"tag-provence-alpes-cote-dazur","18":"tag-republique-francaise"},"share_on_mastodon":{"url":"https:\/\/pubeurope.com\/@fr\/114792184148075854","error":""},"_links":{"self":[{"href":"https:\/\/www.europesays.com\/fr\/wp-json\/wp\/v2\/posts\/224398","targetHints":{"allow":["GET"]}}],"collection":[{"href":"https:\/\/www.europesays.com\/fr\/wp-json\/wp\/v2\/posts"}],"about":[{"href":"https:\/\/www.europesays.com\/fr\/wp-json\/wp\/v2\/types\/post"}],"author":[{"embeddable":true,"href":"https:\/\/www.europesays.com\/fr\/wp-json\/wp\/v2\/users\/2"}],"replies":[{"embeddable":true,"href":"https:\/\/www.europesays.com\/fr\/wp-json\/wp\/v2\/comments?post=224398"}],"version-history":[{"count":0,"href":"https:\/\/www.europesays.com\/fr\/wp-json\/wp\/v2\/posts\/224398\/revisions"}],"wp:featuredmedia":[{"embeddable":true,"href":"https:\/\/www.europesays.com\/fr\/wp-json\/wp\/v2\/media\/224399"}],"wp:attachment":[{"href":"https:\/\/www.europesays.com\/fr\/wp-json\/wp\/v2\/media?parent=224398"}],"wp:term":[{"taxonomy":"category","embeddable":true,"href":"https:\/\/www.europesays.com\/fr\/wp-json\/wp\/v2\/categories?post=224398"},{"taxonomy":"post_tag","embeddable":true,"href":"https:\/\/www.europesays.com\/fr\/wp-json\/wp\/v2\/tags?post=224398"}],"curies":[{"name":"wp","href":"https:\/\/api.w.org\/{rel}","templated":true}]}}