{"id":224400,"date":"2025-07-04T00:41:09","date_gmt":"2025-07-04T00:41:09","guid":{"rendered":"https:\/\/www.europesays.com\/fr\/224400\/"},"modified":"2025-07-04T00:41:09","modified_gmt":"2025-07-04T00:41:09","slug":"veronique-sarselli-lr-veut-rendre-aux-grands-lyonnais-leur-liberte","status":"publish","type":"post","link":"https:\/\/www.europesays.com\/fr\/224400\/","title":{"rendered":"V\u00e9ronique Sarselli (LR) veut \u00ab\u00a0rendre aux Grands Lyonnais leur libert\u00e9\u00a0\u00bb"},"content":{"rendered":"<p>\u00ab\u00a0C&rsquo;est la catastrophe. Il y a le feu partout.\u00a0\u00bb C\u2019est en ces termes que V\u00e9ronique Sarselli, maire LR de Sainte-Foy-l\u00e8s-Lyon, a lanc\u00e9 jeudi 3 juillet sa premi\u00e8re grande conf\u00e9rence de presse de campagne pour la pr\u00e9sidence de la M\u00e9tropole de Lyon.\u00a0<\/p>\n<p>Entour\u00e9e d\u2019une dizaine d\u2019\u00e9lus dont J\u00e9r\u00f4me Moroge (maire d&rsquo;Oullins), Gilles Gascon (maire de Saint-Priest) ou encore J\u00e9r\u00e9mie Br\u00e9aud (maire de Bron), la candidate d\u00e9sign\u00e9e par sa famille politique en f\u00e9vrier dernier veut \u00ab\u00a0proposer une autre voie\u00a0\u00bb face \u00e0 l\u2019actuelle \u00ab\u00a0majorit\u00e9 \u00e9cologiste LFIste\u00a0\u00bb a-t-elle argu\u00e9.<\/p>\n<p>\u00ab\u00a0Si l\u2019ann\u00e9e prochaine, on repart avec la m\u00eame majorit\u00e9 pendant 6 ans suppl\u00e9mentaires, \u00e7a sera irr\u00e9parable, irr\u00e9versible.\u00a0\u00bb, avertie V\u00e9ronique Sarselli, dans un restaurant qu\u2019elle qualifie de \u00ab\u00a0symbole des cons\u00e9quences des politiques extr\u00e9mistes de l\u2019ex\u00e9cutif\u00a0\u00bb.<\/p>\n<p>La candidate a ainsi expos\u00e9 trois grandes priorit\u00e9s pour \u00ab\u00a0rendre aux Grands Lyonnais leur libert\u00e9\u00a0\u00bb : mobilit\u00e9s, s\u00e9curit\u00e9 et \u00e9conomie. La candidate LR a pr\u00e9sent\u00e9 un projet structur\u00e9 autour de sept axes, dont trois jug\u00e9s prioritaires : les mobilit\u00e9s, la s\u00e9curit\u00e9 et l\u2019attractivit\u00e9 \u00e9conomique.<\/p>\n<p>\u00ab\u00a0Se d\u00e9placer librement, ce n\u2019est pas un slogan, c\u2019est une exigence concr\u00e8te.\u00a0\u00bb Sur la question des transports, la maire de Sainte-Foy-l\u00e8s-Lyon s\u2019oppose frontalement \u00e0 la politique actuelle. Elle promet un plan de mobilit\u00e9 plus fluide, incluant la r\u00e9\u00e9valuation de la ZTL, la r\u00e9ouverture de la rue Grenette, et le d\u00e9veloppement de parkings relais d\u00e9simperm\u00e9abilis\u00e9s et v\u00e9g\u00e9talis\u00e9s.<\/p>\n<p>Gilles Gascon, maire de Saint-Priest, a critiqu\u00e9 la ZFE : \u00ab\u00a0La grosse probl\u00e9matique, c&rsquo;est que cet outil a \u00e9t\u00e9 transform\u00e9 par l\u2019ex\u00e9cutif m\u00e9tropolitain. \u00a0Ce que l\u2019ex\u00e9cutif a fait de la ZFE, c\u2019est une punition. Elle fracture la soci\u00e9t\u00e9.\u00a0\u00bb<\/p>\n<p><strong>\u00ab\u00a0La premi\u00e8re des libert\u00e9s, c\u2019est de pouvoir se d\u00e9placer en s\u00e9curit\u00e9\u00a0\u00bb<\/strong><\/p>\n<p>Il plaide pour un moratoire, une concertation et la cr\u00e9ation d\u2019une police m\u00e9tropolitaine des transports. C\u00f4t\u00e9 s\u00e9curit\u00e9, V\u00e9ronique Sarselli insiste \u00ab\u00a0La premi\u00e8re des libert\u00e9s, c\u2019est de pouvoir se d\u00e9placer en s\u00e9curit\u00e9\u00a0\u00bb.\u00a0J\u00e9r\u00e9mie Br\u00e9aud propose la cr\u00e9ation d\u2019une force d\u2019appoint intercommunale, compos\u00e9e de policiers municipaux volontaires, ainsi qu\u2019un observatoire m\u00e9tropolitain de la d\u00e9linquance.\u00a0\u00bbRien ne peut \u00eatre pire car rien n&rsquo;est fait sur le plan de la s\u00e9curit\u00e9 sur ce mandat.\u00a0\u00bb<\/p>\n<p>Autre mesure annonc\u00e9e : la s\u00e9curisation des coll\u00e8ges, \u00e0 l\u2019image de ce qu\u2019a fait la R\u00e9gion Rh\u00f4ne-Alpes, ainsi la candidate plaide pour la nomination d\u2019un \u00e9lu de la M\u00e9trop\u00f4le d\u00e9l\u00e9gu\u00e9 \u00e0 la tranquillit\u00e9 et la s\u00e9curit\u00e9publique. Le troisi\u00e8me pilier du projet, c&rsquo;est l\u2019\u00e9conomie. \u00ab\u00a0Je veux un territoire d\u2019opportunit\u00e9 et d\u2019excellence\u00a0\u00bb, affirme V\u00e9ronique Sarselli. Elle promet un pacte de stabilit\u00e9 fiscale \u00e0 destination des entreprises pour \u00ab\u00a0retrouver la confiance et sortir de la logique de d\u00e9croissance\u00a0\u00bb.<\/p>\n<p>\u00ab\u00a0Les entreprises doivent comprendre qu\u2019elles sont importantes pour nous.\u00a0\u00bb Elle souhaite aussi soutenir l\u2019innovation en mati\u00e8re de sant\u00e9, d\u2019\u00e9ducation et de logement, en lien avec les acteurs du territoire.<\/p>\n<p><strong>Une \u00e9cologie de solutions<\/strong><\/p>\n<p>Aux trois priorit\u00e9s s\u2019ajoutent quatre autres axes de travail que la candidate a d\u00e9taill\u00e9 succinctement.\u00a0<\/p>\n<p>Tout d&rsquo;abord : \u00ab\u00a0une \u00e9cologie de solutions. Il faut sortir d\u2019une \u00e9cologie punitive, coercitive, artistique.\u00a0\u00bb Elle propose la climatisation des m\u00e9tros, la gratuit\u00e9 des transports et du stationnement dans les parkings relais en p\u00e9riode de canicule, et le d\u00e9veloppement de bassins flottants pour rafra\u00eechir les villes. Concernant la crise du logement, il faut selon la candidate \u00ab\u00a0un choc de l\u2019offre. Le dogmatisme sur le logement social bloque tout.\u00a0\u00bb <\/p>\n<p>Elle privil\u00e9giera les projets avec 15 \u00e0 20 % de logements sociaux\u00a0\u00ab\u00a0qui sortent de terre\u00a0\u00bb plut\u00f4t que ceux \u00e0 30 % \u00ab\u00a0qui ne sortent pas du tout\u00a0\u00bb. Concernant la gouvernance, Veronique Sarselli explique :\u00a0\u00bbNous avons besoin d\u2019une m\u00e9tropole enfin d\u00e9mocratique, plus proche, plus directe.\u00a0\u00bb<\/p>\n<p>Une m\u00e9thode de coconstruction avec les communes, les \u00e9lus de terrain et les habitants, pour sortir de ce qu\u2019elle appelle \u00ab\u00a0une m\u00e9tropole moralisante, militante et dogmatique\u00a0\u00bb. V\u00e9ronique Sarselli termine par un appel au \u00ab\u00a0rassemblement des bonnes volont\u00e9s\u00a0\u00bb, qu&rsquo;elles soient politiques, associatives ou citoyennes, avec une ligne de conduite qu&rsquo;elle dit non n\u00e9gociable. Elle pr\u00e9cise tout de m\u00eame : \u201cOn a nos lignes rouges : on n&rsquo;ira pas avec LFI et aucun rassemblement avec le RN autre ligne rouge.\u00a0\u00bb<\/p>\n","protected":false},"excerpt":{"rendered":"\u00ab\u00a0C&rsquo;est la catastrophe. Il y a le feu partout.\u00a0\u00bb C\u2019est en ces termes que V\u00e9ronique Sarselli, maire LR&hellip;\n","protected":false},"author":2,"featured_media":224401,"comment_status":"","ping_status":"","sticky":false,"template":"","format":"standard","meta":{"footnotes":""},"categories":[1889],"tags":[1111,11,2813,2190,2430,1109,251,1112,2811,1777,674,118,1011,27,1922,1110,1114,2428,2810,12,241,316,25,2812,517,800],"class_list":{"0":"post-224400","1":"post","2":"type-post","3":"status-publish","4":"format-standard","5":"has-post-thumbnail","7":"category-lyon","8":"tag-actu","9":"tag-actualites","10":"tag-article","11":"tag-asvel","12":"tag-auvergne-rhone-alpes","13":"tag-breves","14":"tag-culture","15":"tag-depeches","16":"tag-economique","17":"tag-eu","18":"tag-europe","19":"tag-faits-divers","20":"tag-fr","21":"tag-france","22":"tag-info","23":"tag-informations","24":"tag-infos","25":"tag-lyon","26":"tag-lyonmag","27":"tag-news","28":"tag-ol","29":"tag-politique","30":"tag-republique-francaise","31":"tag-sociale","32":"tag-sport","33":"tag-transports"},"share_on_mastodon":{"url":"https:\/\/pubeurope.com\/@fr\/114792188088941412","error":""},"_links":{"self":[{"href":"https:\/\/www.europesays.com\/fr\/wp-json\/wp\/v2\/posts\/224400","targetHints":{"allow":["GET"]}}],"collection":[{"href":"https:\/\/www.europesays.com\/fr\/wp-json\/wp\/v2\/posts"}],"about":[{"href":"https:\/\/www.europesays.com\/fr\/wp-json\/wp\/v2\/types\/post"}],"author":[{"embeddable":true,"href":"https:\/\/www.europesays.com\/fr\/wp-json\/wp\/v2\/users\/2"}],"replies":[{"embeddable":true,"href":"https:\/\/www.europesays.com\/fr\/wp-json\/wp\/v2\/comments?post=224400"}],"version-history":[{"count":0,"href":"https:\/\/www.europesays.com\/fr\/wp-json\/wp\/v2\/posts\/224400\/revisions"}],"wp:featuredmedia":[{"embeddable":true,"href":"https:\/\/www.europesays.com\/fr\/wp-json\/wp\/v2\/media\/224401"}],"wp:attachment":[{"href":"https:\/\/www.europesays.com\/fr\/wp-json\/wp\/v2\/media?parent=224400"}],"wp:term":[{"taxonomy":"category","embeddable":true,"href":"https:\/\/www.europesays.com\/fr\/wp-json\/wp\/v2\/categories?post=224400"},{"taxonomy":"post_tag","embeddable":true,"href":"https:\/\/www.europesays.com\/fr\/wp-json\/wp\/v2\/tags?post=224400"}],"curies":[{"name":"wp","href":"https:\/\/api.w.org\/{rel}","templated":true}]}}