{"id":224404,"date":"2025-07-04T00:44:18","date_gmt":"2025-07-04T00:44:18","guid":{"rendered":"https:\/\/www.europesays.com\/fr\/224404\/"},"modified":"2025-07-04T00:44:18","modified_gmt":"2025-07-04T00:44:18","slug":"vacances-dete-en-ile-de-france-faites-du-canoe-comme-un-champion-a-la-base-olympique-de-vaires-sur-marne","status":"publish","type":"post","link":"https:\/\/www.europesays.com\/fr\/224404\/","title":{"rendered":"Vacances d\u2019\u00e9t\u00e9 en \u00cele-de-France\u00a0: faites du cano\u00eb comme un champion \u00e0 la base olympique de Vaires-sur-Marne"},"content":{"rendered":"<p class=\"paragraph text_align_left lp-f-body-02\">\u00ab Risque-t-on de se retourner facilement ? \u00bb C\u2019est la premi\u00e8re question que pose C\u00e9cile, 42 ans, qui n\u2019a jamais pratiqu\u00e9 de kayak. En arrivant sur <a href=\"https:\/\/www.leparisien.fr\/jo-paris-2024\/jo-paris-2024-bienvenue-a-vaires-sur-marne-le-plus-beau-site-au-monde-pour-laviron-et-le-canoe-kayak-27-07-2024-KLJTJVEOAJG5LGCTHKT5NSUVJ4.php\" target=\"_blank\" rel=\"noreferrer nofollow noopener\">le stade nautique olympique de Vaires-sur-Marne (Seine-et-Marne)<\/a>, on voit d\u2019abord un grand lac plat, paisible, sur lequel pagaient des groupes scolaires, en paddle ou en cano\u00eb biplace. Des particuliers louent un catamaran, d\u2019autres des planches \u00e0 voile. L\u2019eau est \u00e0 25 \u00b0C, il fait chaud.<\/p>\n<p class=\"paragraph text_align_left lp-f-body-02\">Derri\u00e8re les hautes herbes, apr\u00e8s le caf\u00e9 qui fait aussi office d\u2019accueil, se cache une mini-rivi\u00e8re artificielle. Un cours d\u2019eau dit \u00ab de perfectionnement \u00bb, au d\u00e9bit moyen de 8 m3\/seconde. De loin, rien d\u2019impressionnant. De pr\u00e8s, le bruit et le roulis des vagues des six obstacles impressionnent les plus jeunes, d\u2019une douzaine d\u2019ann\u00e9es. Pas de panique, les moniteurs dipl\u00f4m\u00e9s ne l\u00e2chent jamais personne sans consignes de s\u00e9curit\u00e9 et conseils techniques.<\/p>\n","protected":false},"excerpt":{"rendered":"\u00ab Risque-t-on de se retourner facilement ? \u00bb C\u2019est la premi\u00e8re question que pose C\u00e9cile, 42 ans, qui&hellip;\n","protected":false},"author":2,"featured_media":224405,"comment_status":"","ping_status":"","sticky":false,"template":"","format":"standard","meta":{"footnotes":""},"categories":[1592],"tags":[1111,11,872,1777,674,1011,27,662,12,626,25,6047],"class_list":{"0":"post-224404","1":"post","2":"type-post","3":"status-publish","4":"format-standard","5":"has-post-thumbnail","7":"category-ile-de-france","8":"tag-actu","9":"tag-actualites","10":"tag-culture-et-loisirs","11":"tag-eu","12":"tag-europe","13":"tag-fr","14":"tag-france","15":"tag-ile-de-france","16":"tag-news","17":"tag-paris","18":"tag-republique-francaise","19":"tag-sortir-en-region-parisienne"},"share_on_mastodon":{"url":"https:\/\/pubeurope.com\/@fr\/114792199899240071","error":""},"_links":{"self":[{"href":"https:\/\/www.europesays.com\/fr\/wp-json\/wp\/v2\/posts\/224404","targetHints":{"allow":["GET"]}}],"collection":[{"href":"https:\/\/www.europesays.com\/fr\/wp-json\/wp\/v2\/posts"}],"about":[{"href":"https:\/\/www.europesays.com\/fr\/wp-json\/wp\/v2\/types\/post"}],"author":[{"embeddable":true,"href":"https:\/\/www.europesays.com\/fr\/wp-json\/wp\/v2\/users\/2"}],"replies":[{"embeddable":true,"href":"https:\/\/www.europesays.com\/fr\/wp-json\/wp\/v2\/comments?post=224404"}],"version-history":[{"count":0,"href":"https:\/\/www.europesays.com\/fr\/wp-json\/wp\/v2\/posts\/224404\/revisions"}],"wp:featuredmedia":[{"embeddable":true,"href":"https:\/\/www.europesays.com\/fr\/wp-json\/wp\/v2\/media\/224405"}],"wp:attachment":[{"href":"https:\/\/www.europesays.com\/fr\/wp-json\/wp\/v2\/media?parent=224404"}],"wp:term":[{"taxonomy":"category","embeddable":true,"href":"https:\/\/www.europesays.com\/fr\/wp-json\/wp\/v2\/categories?post=224404"},{"taxonomy":"post_tag","embeddable":true,"href":"https:\/\/www.europesays.com\/fr\/wp-json\/wp\/v2\/tags?post=224404"}],"curies":[{"name":"wp","href":"https:\/\/api.w.org\/{rel}","templated":true}]}}