{"id":224410,"date":"2025-07-04T00:47:16","date_gmt":"2025-07-04T00:47:16","guid":{"rendered":"https:\/\/www.europesays.com\/fr\/224410\/"},"modified":"2025-07-04T00:47:16","modified_gmt":"2025-07-04T00:47:16","slug":"enquete-ouverte-pour-menaces-et-harcelement","status":"publish","type":"post","link":"https:\/\/www.europesays.com\/fr\/224410\/","title":{"rendered":"enqu\u00eate ouverte pour menaces et harc\u00e8lement"},"content":{"rendered":"<p>            Par<br \/>\n        <strong><br \/>\n            <a href=\"https:\/\/actu.fr\/auteur\/augustin-delaporte\" title=\"Consulter tous les articles de Augustin Delaporte\" target=\"_blank\" rel=\"noopener\">Augustin Delaporte<\/a><br \/>\n        <\/strong><\/p>\n<p>        Publi\u00e9 le<\/p>\n<p>            3 juil. 2025 \u00e0 18h18        <\/p>\n<p>Une enqu\u00eate a \u00e9t\u00e9 ouverte, d\u00e9but juillet 2025, apr\u00e8s le d\u00e9p\u00f4t de plaintes par la soci\u00e9t\u00e9 immobili\u00e8re Orpi et son dirigeant pour des menaces sur les r\u00e9seaux sociaux en lien avec le licenciement de <a href=\"https:\/\/actu.fr\/ile-de-france\/paris_75056\/on-va-la-bruler-ta-palestine-apres-avoir-menace-rima-hassan-deux-agents-immobiliers-licencies-a-paris_62837264.html\" target=\"_blank\" rel=\"noopener\">deux collaborateurs qui ont invectiv\u00e9 l\u2019eurod\u00e9put\u00e9e Rima Hassan (LFI)<\/a>, a indiqu\u00e9 mercredi le parquet de Nanterre, sollicit\u00e9 par l\u2019AFP.<\/p>\n<p>\u00ab\u00a0Vous ne serez pas \u00e9pargn\u00e9\u00a0\u00bb<\/p>\n<p class=\" wall-content\">\u00ab\u00a0Nous avons bien ouvert une enqu\u00eate pour menaces et <strong>harc\u00e8lement en ligne<\/strong>, confi\u00e9e au <strong>commissariat de Clichy<\/strong> \u00e0 ce stade pour tenter d\u2019identifier l\u2019origine de ces messages\u00a0\u00bb, a pr\u00e9cis\u00e9 le parquet.<\/p>\n<p class=\" wall-content\">Parmi les messages, adress\u00e9s au dirigeant et \u00e0 sa soci\u00e9t\u00e9 depuis samedi, selon une source polici\u00e8re: \u00ab\u00a0Tu te couches devant une militante du Hamas pour faire ta com, (\u2026) tu n\u2019as pas de c\u2026 je te souhaite de couler petit pauvre\u00a0\u00bb, \u00ab\u00a0une de vos agences incendi\u00e9e (\u00e0 Marseille dans la nuit de vendredi \u00e0 samedi selon plusieurs m\u00e9dias, NDLR)\u2026 parce que vous pr\u00e9f\u00e9rez l\u00e9cher les bottes d\u2019islamistes, vous ne serez pas \u00e9pargn\u00e9\u00a0\u00bb.<\/p>\n<p class=\" wall-content\">L\u2019enqu\u00eate a \u00e9t\u00e9 ouverte apr\u00e8s que<strong> le dirigeant a d\u00e9pos\u00e9 deux plaintes<\/strong> pour ces faits, a indiqu\u00e9 le parquet.<\/p>\n<p>\u00ab\u00a0On va te la br\u00fbler ta Palestine\u00a0\u00bb<\/p>\n<p class=\" wall-content\">\u00ab\u00a0Nous cherchons \u00e0 pr\u00e9ciser l\u2019infraction et identifier l\u2019origine des messages, notamment pour <strong>affiner la comp\u00e9tence territoriale<\/strong>, voire mat\u00e9rielle du parquet et du service d\u2019enqu\u00eate le plus adapt\u00e9\u00a0\u00bb, a-t-on d\u00e9taill\u00e9 de m\u00eame source. Le licenciement des deux collaborateurs avait \u00e9t\u00e9 annonc\u00e9 vendredi par la soci\u00e9t\u00e9 immobili\u00e8re.<\/p>\n<p>Vid\u00e9os : en ce moment sur Actu<\/p>\n<p class=\" wall-content\">Dans une vid\u00e9o de l\u2019altercation film\u00e9e par Rima Hassan et publi\u00e9e vendredi sur le r\u00e9seau social X par l\u2019eurod\u00e9put\u00e9e et juriste franco-palestinienne, on voit une femme et un homme devant une agence Orpi prononcer le slogan pro-isra\u00e9lien \u00ab\u00a0Ham Isra\u00ebl Ha\u00ef\u00a0\u00bb, avant que l\u2019homme ne s\u2019approche de l\u2019eurod\u00e9put\u00e9e pour la prendre \u00e0 partie: \u00ab\u00a0On va te la br\u00fbler ta Palestine\u00a0\u00bb.<\/p>\n<p class=\" wall-content\">\u00ab\u00a0Les propos tenus par l\u2019employ\u00e9 de l\u2019agence Invest Immo envers Madame Rima Hassan sont totalement inacceptables et contraires aux valeurs fondamentales que d\u00e9fend notre r\u00e9seau. Ces paroles \u00e0 caract\u00e8re discriminatoires et mena\u00e7antes ne refl\u00e8tent en aucun cas la politique d\u2019Orpi France\u00a0\u00bb, avait imm\u00e9diatement r\u00e9agi dans un communiqu\u00e9 post\u00e9 sur le m\u00eame r\u00e9seau le pr\u00e9sident de l\u2019entreprise, Guillaume Martinaud.<\/p>\n<p class=\" wall-content\">Avec AFP<\/p>\n<p class=\" wall-content\">Suivez toute l\u2019actualit\u00e9 de vos villes et m\u00e9dias favoris en vous inscrivant \u00e0 <a href=\"https:\/\/moncompte.actu.fr\" title=\"D\u00e9couvez Mon Actu\" rel=\"nofollow noopener\" data-trk=\"{&quot;cta&quot;:{&quot;action&quot;:&quot;https:\\\/\\\/moncompte.actu.fr&quot;,&quot;category&quot;:&quot;mon compte&quot;,&quot;from&quot;:&quot;article footer&quot;,&quot;name&quot;:&quot;Mon actu&quot;,&quot;type&quot;:&quot;cta&quot;}}\" target=\"_blank\">Mon Actu<\/a>.<\/p>\n","protected":false},"excerpt":{"rendered":"Par Augustin Delaporte Publi\u00e9 le 3 juil. 2025 \u00e0 18h18 Une enqu\u00eate a \u00e9t\u00e9 ouverte, d\u00e9but juillet 2025,&hellip;\n","protected":false},"author":2,"featured_media":151727,"comment_status":"","ping_status":"","sticky":false,"template":"","format":"standard","meta":{"footnotes":""},"categories":[1888],"tags":[11,1777,674,118,1011,27,3519,12,626,1072,25,938],"class_list":{"0":"post-224410","1":"post","2":"type-post","3":"status-publish","4":"format-standard","5":"has-post-thumbnail","7":"category-paris","8":"tag-actualites","9":"tag-eu","10":"tag-europe","11":"tag-faits-divers","12":"tag-fr","13":"tag-france","14":"tag-hamas","15":"tag-news","16":"tag-paris","17":"tag-police","18":"tag-republique-francaise","19":"tag-reseaux-sociaux"},"share_on_mastodon":{"url":"https:\/\/pubeurope.com\/@fr\/114792212607161959","error":""},"_links":{"self":[{"href":"https:\/\/www.europesays.com\/fr\/wp-json\/wp\/v2\/posts\/224410","targetHints":{"allow":["GET"]}}],"collection":[{"href":"https:\/\/www.europesays.com\/fr\/wp-json\/wp\/v2\/posts"}],"about":[{"href":"https:\/\/www.europesays.com\/fr\/wp-json\/wp\/v2\/types\/post"}],"author":[{"embeddable":true,"href":"https:\/\/www.europesays.com\/fr\/wp-json\/wp\/v2\/users\/2"}],"replies":[{"embeddable":true,"href":"https:\/\/www.europesays.com\/fr\/wp-json\/wp\/v2\/comments?post=224410"}],"version-history":[{"count":0,"href":"https:\/\/www.europesays.com\/fr\/wp-json\/wp\/v2\/posts\/224410\/revisions"}],"wp:featuredmedia":[{"embeddable":true,"href":"https:\/\/www.europesays.com\/fr\/wp-json\/wp\/v2\/media\/151727"}],"wp:attachment":[{"href":"https:\/\/www.europesays.com\/fr\/wp-json\/wp\/v2\/media?parent=224410"}],"wp:term":[{"taxonomy":"category","embeddable":true,"href":"https:\/\/www.europesays.com\/fr\/wp-json\/wp\/v2\/categories?post=224410"},{"taxonomy":"post_tag","embeddable":true,"href":"https:\/\/www.europesays.com\/fr\/wp-json\/wp\/v2\/tags?post=224410"}],"curies":[{"name":"wp","href":"https:\/\/api.w.org\/{rel}","templated":true}]}}