{"id":224421,"date":"2025-07-04T00:53:17","date_gmt":"2025-07-04T00:53:17","guid":{"rendered":"https:\/\/www.europesays.com\/fr\/224421\/"},"modified":"2025-07-04T00:53:17","modified_gmt":"2025-07-04T00:53:17","slug":"les-premieres-frictions-apparaissent-au-sein-de-la-coalition-merz","status":"publish","type":"post","link":"https:\/\/www.europesays.com\/fr\/224421\/","title":{"rendered":"les premi\u00e8res frictions apparaissent au sein de la coalition Merz"},"content":{"rendered":"<p>Deux mois apr\u00e8s son installation, la coalition dirig\u00e9e par le nouveau chancelier chr\u00e9tien-d\u00e9mocrate allemand Friedrich Merz traverse ses premi\u00e8res difficult\u00e9s. Des fonds sp\u00e9ciaux hors budget ont permis l&rsquo;annonce de d\u00e9penses historiques pour les investissements. Pour le reste, les contraintes budg\u00e9taires demeurent. C&rsquo;est la raison pour laquelle malgr\u00e9 d&rsquo;intenses discussions, une promesse de la coalition au pouvoir entre conservateurs et sociaux-d\u00e9mocrates sur la baisse des prix de l&rsquo;\u00e9lectricit\u00e9 pour les particuliers ne sera pas tenue. Les critiques sont nombreuses.<\/p>\n<p>Avec notre correspondant \u00e0 Berlin, <strong>Pascal Thibaut<\/strong><\/p>\n<p>Les premi\u00e8res semaines de <strong><a href=\"https:\/\/www.rfi.fr\/fr\/tag\/friedrich-merz\/\" class=\"link \" rel=\"nofollow noopener\" target=\"_blank\" data-ylk=\"slk:Friedrich Merz;elm:context_link;itc:0;sec:content-canvas\">Friedrich Merz<\/a> <\/strong>ont \u00e9t\u00e9 domin\u00e9es par la politique \u00e9trang\u00e8re. Le nouveau chancelier voulait montrer que l\u2019Allemagne \u00e9tait de retour sur la sc\u00e8ne internationale. Pendant ce temps-l\u00e0, son \u00e9quipe \u00e0 Berlin se mettait en place. Promis, jur\u00e9, les bisbilles en politique int\u00e9rieure au sein de la coalition qui avaient min\u00e9 le gouvernement Scholz appartenaient au pass\u00e9.<\/p>\n<p>Et voil\u00e0 qu\u2019apr\u00e8s deux mois, une premi\u00e8re crise vient rappeler de mauvais souvenirs. Une promesse centrale est repouss\u00e9e : la baisse de la taxe sur l\u2019\u00e9lectricit\u00e9 pour les particuliers devra attendre, contraintes budg\u00e9taires obligent. Seuls les industriels et l\u2019agriculture en profiteront. Difficile \u00e0 faire comprendre aux Allemands qu\u2019on ne puisse pas trouver cinq milliards par an alors que plusieurs centaines de milliards de d\u00e9penses suppl\u00e9mentaires pour la nouvelle l\u00e9gislature viennent d\u2019\u00eatre annonc\u00e9es.<\/p>\n<p><a href=\"https:\/\/www.rfi.fr\/fr\/europe\/20250703-allemagne-les-premi%C3%A8res-frictions-apparaissent-au-sein-de-la-coalition-merz\" rel=\"nofollow noopener\" target=\"_blank\" data-ylk=\"slk:Lire la suite sur RFI;elm:context_link;itc:0;sec:content-canvas\" class=\"link \">Lire la suite sur RFI<\/a><\/p>\n","protected":false},"excerpt":{"rendered":"Deux mois apr\u00e8s son installation, la coalition dirig\u00e9e par le nouveau chancelier chr\u00e9tien-d\u00e9mocrate allemand Friedrich Merz traverse ses&hellip;\n","protected":false},"author":2,"featured_media":224422,"comment_status":"","ping_status":"","sticky":false,"template":"","format":"standard","meta":{"footnotes":""},"categories":[1587],"tags":[11,672,1804,6646,28389,1805,1803,1777,674,4710,1801,12,21531,24524,1802],"class_list":{"0":"post-224421","1":"post","2":"type-post","3":"status-publish","4":"format-standard","5":"has-post-thumbnail","7":"category-allemagne","8":"tag-actualites","9":"tag-allemagne","10":"tag-bundesrepublik-deutschland","11":"tag-coalition","12":"tag-contraintes-budgetaires","13":"tag-de","14":"tag-deutschland","15":"tag-eu","16":"tag-europe","17":"tag-friedrich-merz","18":"tag-germany","19":"tag-news","20":"tag-pascal-thibaut","21":"tag-prix-de-lelectricite","22":"tag-republique-federale-dallemagne"},"share_on_mastodon":{"url":"https:\/\/pubeurope.com\/@fr\/114792235243598589","error":""},"_links":{"self":[{"href":"https:\/\/www.europesays.com\/fr\/wp-json\/wp\/v2\/posts\/224421","targetHints":{"allow":["GET"]}}],"collection":[{"href":"https:\/\/www.europesays.com\/fr\/wp-json\/wp\/v2\/posts"}],"about":[{"href":"https:\/\/www.europesays.com\/fr\/wp-json\/wp\/v2\/types\/post"}],"author":[{"embeddable":true,"href":"https:\/\/www.europesays.com\/fr\/wp-json\/wp\/v2\/users\/2"}],"replies":[{"embeddable":true,"href":"https:\/\/www.europesays.com\/fr\/wp-json\/wp\/v2\/comments?post=224421"}],"version-history":[{"count":0,"href":"https:\/\/www.europesays.com\/fr\/wp-json\/wp\/v2\/posts\/224421\/revisions"}],"wp:featuredmedia":[{"embeddable":true,"href":"https:\/\/www.europesays.com\/fr\/wp-json\/wp\/v2\/media\/224422"}],"wp:attachment":[{"href":"https:\/\/www.europesays.com\/fr\/wp-json\/wp\/v2\/media?parent=224421"}],"wp:term":[{"taxonomy":"category","embeddable":true,"href":"https:\/\/www.europesays.com\/fr\/wp-json\/wp\/v2\/categories?post=224421"},{"taxonomy":"post_tag","embeddable":true,"href":"https:\/\/www.europesays.com\/fr\/wp-json\/wp\/v2\/tags?post=224421"}],"curies":[{"name":"wp","href":"https:\/\/api.w.org\/{rel}","templated":true}]}}