{"id":224433,"date":"2025-07-04T00:59:23","date_gmt":"2025-07-04T00:59:23","guid":{"rendered":"https:\/\/www.europesays.com\/fr\/224433\/"},"modified":"2025-07-04T00:59:23","modified_gmt":"2025-07-04T00:59:23","slug":"golf-professionnel-lactu-du-30-juin-au-6-juillet","status":"publish","type":"post","link":"https:\/\/www.europesays.com\/fr\/224433\/","title":{"rendered":"Golf professionnel\u00a0: L&rsquo;actu du 30 juin au 6 juillet"},"content":{"rendered":"<p><strong>Asian Tour<\/strong><\/p>\n<p>Les International Series de l&rsquo;<strong>Asian Tour <\/strong>se poursuivent, avec cette semaine l&rsquo;\u00e9tape marocaine. Seul Tricolore \u00e0 rendre une carte sous le par ce jeudi pour le premier tour, <strong>Jo\u00ebl Stalter <\/strong>occupe la 37e place, \u00e0 -1. Il devance d&rsquo;un coup <strong>Julien Quesne<\/strong>, qui b\u00e9n\u00e9ficie cette semaine d&rsquo;une invitation, la t\u00eate du tournoi \u00e9tant provisoirement \u00e0 -5. La mission principale de vendredi sera de passer le cut pour <strong>Julien Sale<\/strong>, 83e \u00e0 +2, et pour <strong>Gary Stal<\/strong>, 123e \u00e0 +4.<\/p>\n<p><a href=\"https:\/\/www.asiantour.com\/reports?url=http%3A%2F%2Fasian.ocs-asia.com%2Ftic%2Ftmdraw.cgi%3Ftourn%3DISMR~season%3D2025~round%3D1~&amp;id=2025&amp;code=ISMR&amp;title=Round%201%20Draw\" title=\"Les scores\" class=\"cta cta--custom_tag me-lg-10 m-10\" target=\"_blank\" rel=\"nofollow noopener\"><br \/>\n    Les scores<br \/>\n<\/a>\n<\/p>\n<p><strong>Letas<\/strong><\/p>\n<p>Les joueuses du <strong>LET Access Series<\/strong> (Letas) sont une nouvelle fois en Su\u00e8de, cette semaine, pr\u00e8s d&rsquo;Uppsala. Sept joueuses fran\u00e7aises prennent part au <strong>Swedish Stroke Play Championship<\/strong>, et six d&rsquo;entre elles prendront part au troisi\u00e8me et dernier tour de vendredi. Un dernier acte dans lequel <strong>Charlotte Liautier <\/strong>se lancera depuis la 13e position, dans le par total, cinq coups derri\u00e8re les leaders. Elle devance d&rsquo;un coup <strong>Chlo\u00e9 Salort<\/strong>, 21e, et de deux <strong>Lucie Andr\u00e9<\/strong>, 24e.<\/p>\n<p><a href=\"https:\/\/letaccess.com\/reports-page?url=https%3A%2F%2Finfo.ladieseuropeantour.com%2Ftic%2Ftmscores.cgi%3Ftourn%3D5025~season%3D2025~params%3DP%2a2ESC02~&amp;id=2025&amp;code=5025&amp;title=Round%202%20Scoreboard\" title=\"Les scores\" class=\"cta cta--custom_tag me-lg-10 m-10\" target=\"_blank\" rel=\"nofollow noopener\"><br \/>\n    Les scores<br \/>\n<\/a>\n<\/p>\n<p><strong>Pro Golf Tour<\/strong><\/p>\n<p>Le circuit de troisi\u00e8me division fait \u00e9tape en Pologne, de mercredi \u00e0 vendredi, \u00e0 l&rsquo;occasion du <strong>Gradi Polish Open<\/strong>. La derni\u00e8re partie, vendredi matin, contiendra un joueur fran\u00e7ais, car <strong>Aubin Lacaze <\/strong>fait partie des trois coleaders apr\u00e8s le deuxi\u00e8me et avant-dernier tour de ce jeudi. Le Bordelais pointe \u00e0 -11 total, apr\u00e8s avoir sign\u00e9 une belle carte de 64 (-6). <strong>Antoine Pouguet<\/strong>, 8e \u00e0 -9, est aussi dans le top 10.<\/p>\n<p><a href=\"https:\/\/www.progolftour.de\/tournament-details\/gradi-polish-open-by-emeralld-2025?tab=livescoring#livescoring-5880\" title=\"Les scores\" class=\"cta cta--custom_tag me-lg-10 m-10\" target=\"_blank\" rel=\"nofollow noopener\"><br \/>\n    Les scores<br \/>\n<\/a>\n<\/p>\n<p><strong>Alps Tour<\/strong><\/p>\n<p>Cap sur les Canaries, cette semaine pour l&rsquo;<strong>Alps Tour<\/strong>. Pr\u00e9cis\u00e9ment, le circuit fait \u00e9tape sur l&rsquo;\u00eele de La Gomera, pour disputer le <strong>Fred Olsen Alps de La Gomera<\/strong>, de jeudi \u00e0 samedi. Lors du premier tour de ce jeudi, <strong>Quentin Debove <\/strong>s&rsquo;est montr\u00e9 le plus habile parmi les joueurs tricolores. L&rsquo;ancien de la fac de Florida a sign\u00e9 un 66 (-5), pour occuper la 4e place, \u00e0 deux coups de la t\u00eate. <strong>Paul Margolis<\/strong>, 10e \u00e0 -4, ainsi que <strong>Xavier Poncelet <\/strong>et <strong>Th\u00e9o Brizard<\/strong>, 19e \u00e0 -3, sont \u00e9galement dans le top 20.<\/p>\n<p><a href=\"https:\/\/alpstourgolf.com\/reports?url=http%3A%2F%2Falps.ocs-ffg.com%2Ftic%2Ftmdraw.cgi%3Ftourn%3DESP3~season%3D2025~round%3D1~&amp;id=2025&amp;code=ESP3&amp;title=Draw\" title=\"Les d\u00e9parts\" class=\"cta cta--custom_tag me-lg-10 m-10\" target=\"_blank\" rel=\"nofollow noopener\"><br \/>\n    Les d\u00e9parts<br \/>\n<\/a><br \/>\n\u00a0<a href=\"https:\/\/alpstourgolf.com\/reports?url=https%3A%2F%2Falps.ocs-ffg.com%2Ftic%2Ftmscores.cgi%3Ftourn%3DESP3~season%3D2025~params%3DP%2a1SRC01~&amp;id=2025&amp;code=ESP3&amp;title=Round%201%20Scores%20Only\" title=\"Les scores\" class=\"cta cta--custom_tag me-lg-10 m-10\" target=\"_blank\" rel=\"nofollow noopener\"><br \/>\n    Les scores<br \/>\n<\/a>\n<\/p>\n<p>\u00a0<\/p>\n","protected":false},"excerpt":{"rendered":"Asian Tour Les International Series de l&rsquo;Asian Tour se poursuivent, avec cette semaine l&rsquo;\u00e9tape marocaine. Seul Tricolore \u00e0&hellip;\n","protected":false},"author":2,"featured_media":224434,"comment_status":"","ping_status":"","sticky":false,"template":"","format":"standard","meta":{"footnotes":""},"categories":[1418],"tags":[1011,27,1472,60],"class_list":{"0":"post-224433","1":"post","2":"type-post","3":"status-publish","4":"format-standard","5":"has-post-thumbnail","7":"category-golf","8":"tag-fr","9":"tag-france","10":"tag-golf","11":"tag-sports"},"share_on_mastodon":{"url":"https:\/\/pubeurope.com\/@fr\/114792258809016057","error":""},"_links":{"self":[{"href":"https:\/\/www.europesays.com\/fr\/wp-json\/wp\/v2\/posts\/224433","targetHints":{"allow":["GET"]}}],"collection":[{"href":"https:\/\/www.europesays.com\/fr\/wp-json\/wp\/v2\/posts"}],"about":[{"href":"https:\/\/www.europesays.com\/fr\/wp-json\/wp\/v2\/types\/post"}],"author":[{"embeddable":true,"href":"https:\/\/www.europesays.com\/fr\/wp-json\/wp\/v2\/users\/2"}],"replies":[{"embeddable":true,"href":"https:\/\/www.europesays.com\/fr\/wp-json\/wp\/v2\/comments?post=224433"}],"version-history":[{"count":0,"href":"https:\/\/www.europesays.com\/fr\/wp-json\/wp\/v2\/posts\/224433\/revisions"}],"wp:featuredmedia":[{"embeddable":true,"href":"https:\/\/www.europesays.com\/fr\/wp-json\/wp\/v2\/media\/224434"}],"wp:attachment":[{"href":"https:\/\/www.europesays.com\/fr\/wp-json\/wp\/v2\/media?parent=224433"}],"wp:term":[{"taxonomy":"category","embeddable":true,"href":"https:\/\/www.europesays.com\/fr\/wp-json\/wp\/v2\/categories?post=224433"},{"taxonomy":"post_tag","embeddable":true,"href":"https:\/\/www.europesays.com\/fr\/wp-json\/wp\/v2\/tags?post=224433"}],"curies":[{"name":"wp","href":"https:\/\/api.w.org\/{rel}","templated":true}]}}