{"id":224435,"date":"2025-07-04T01:01:14","date_gmt":"2025-07-04T01:01:14","guid":{"rendered":"https:\/\/www.europesays.com\/fr\/224435\/"},"modified":"2025-07-04T01:01:14","modified_gmt":"2025-07-04T01:01:14","slug":"mais-pourquoi-lubb-sest-entrainee-avec-une-musique-du-stade-toulousain-pour-la-finale-du-top-14","status":"publish","type":"post","link":"https:\/\/www.europesays.com\/fr\/224435\/","title":{"rendered":"Mais pourquoi l&rsquo;UBB s&rsquo;est entrain\u00e9e avec une musique du Stade-Toulousain, pour la finale du Top 14 ?"},"content":{"rendered":"<p>Dans les coulisses de la pr\u00e9paration de la finale du Top 14, une sc\u00e8ne inattendue a marqu\u00e9 la derni\u00e8re ligne droite de l\u2019Union Bordeaux-B\u00e8gles avant le choc face au Stade Toulousain. Une initiative surprenante venue de l\u2019int\u00e9rieur m\u00eame du groupe a mis l\u2019ambiance\u2026 tout en faisant grincer quelques dents.<\/p>\n<p><strong>Un entra\u00eenement sur fond de BigFlo &amp; Oli<\/strong><\/p>\n<p>Alors que les Bordelais peaufinent leurs automatismes en vue d\u2019un duel explosif contre les Rouge et Noir, un invit\u00e9 inattendu s\u2019est impos\u00e9 sur le terrain : le tube \u00ab\u00a0Allez le Stade Toulousain\u00a0\u00bb.<\/p>\n<p>Diffus\u00e9e \u00e0 plein volume pendant une session d\u2019entra\u00eenement, cette chanson, sortie en 2019 par BigFlo et Oli \u2013 enfants de Toulouse \u2013 a r\u00e9sonn\u00e9 dans les oreilles des co\u00e9quipiers de Maxime Lucu. La sc\u00e8ne, capt\u00e9e par les cam\u00e9ras de Canal+, appara\u00eet dans Le film de la finale, diffus\u00e9 quelques jours apr\u00e8s la rencontre.<\/p>\n<p>L\u2019instigateur ? Ben Tameifuna. Le pilier de l\u2019UBB, jamais \u00e0 court d\u2019id\u00e9es pour mobiliser le groupe, avait d\u00e9barqu\u00e9 avec une imposante enceinte pour faire retentir l\u2019hymne de leurs adversaires. Une mani\u00e8re, peut-\u00eatre, de piquer l\u2019orgueil de ses partenaires ou de d\u00e9samorcer la pression.<\/p>\n<p>Mais tout le monde n\u2019a pas appr\u00e9ci\u00e9 cette ambiance toulousaine infiltr\u00e9e. \u00ab\u00a0Tu nous casses les co**lles avec ta chanson\u00ab\u00a0, a lanc\u00e9 en plaisantant un membre du staff \u00e0 l\u2019international tongien, visiblement amus\u00e9 mais un brin exasp\u00e9r\u00e9.<\/p>\n<p><strong>Une finale disput\u00e9e, mais un sc\u00e9nario cruel pour l\u2019UBB<\/strong><\/p>\n<p>Si cette atmosph\u00e8re inhabituelle n\u2019a pas manqu\u00e9 de faire sourire, elle n\u2019a pas suffi \u00e0 renverser le favori. Oppos\u00e9s \u00e0 une \u00e9quipe toulousaine exp\u00e9riment\u00e9e, les hommes de Yannick Bru ont offert une opposition valeureuse et engag\u00e9 le match dans une prolongation \u00e9lectrique.<\/p>\n<p>Mais dans les derniers instants, les erreurs se sont accumul\u00e9es, et les p\u00e9nalit\u00e9s conc\u00e9d\u00e9es ont permis \u00e0 Thomas Ramos \u2013 recordman de points avec le Stade \u2013 de faire pencher la balance.<\/p>\n","protected":false},"excerpt":{"rendered":"Dans les coulisses de la pr\u00e9paration de la finale du Top 14, une sc\u00e8ne inattendue a marqu\u00e9 la&hellip;\n","protected":false},"author":2,"featured_media":207788,"comment_status":"","ping_status":"","sticky":false,"template":"","format":"standard","meta":{"footnotes":""},"categories":[1416],"tags":[1011,27,479,1468,60],"class_list":{"0":"post-224435","1":"post","2":"type-post","3":"status-publish","4":"format-standard","5":"has-post-thumbnail","7":"category-rugby","8":"tag-fr","9":"tag-france","10":"tag-rugby","11":"tag-rugby-football","12":"tag-sports"},"share_on_mastodon":{"url":"https:\/\/pubeurope.com\/@fr\/114792266797593086","error":""},"_links":{"self":[{"href":"https:\/\/www.europesays.com\/fr\/wp-json\/wp\/v2\/posts\/224435","targetHints":{"allow":["GET"]}}],"collection":[{"href":"https:\/\/www.europesays.com\/fr\/wp-json\/wp\/v2\/posts"}],"about":[{"href":"https:\/\/www.europesays.com\/fr\/wp-json\/wp\/v2\/types\/post"}],"author":[{"embeddable":true,"href":"https:\/\/www.europesays.com\/fr\/wp-json\/wp\/v2\/users\/2"}],"replies":[{"embeddable":true,"href":"https:\/\/www.europesays.com\/fr\/wp-json\/wp\/v2\/comments?post=224435"}],"version-history":[{"count":0,"href":"https:\/\/www.europesays.com\/fr\/wp-json\/wp\/v2\/posts\/224435\/revisions"}],"wp:featuredmedia":[{"embeddable":true,"href":"https:\/\/www.europesays.com\/fr\/wp-json\/wp\/v2\/media\/207788"}],"wp:attachment":[{"href":"https:\/\/www.europesays.com\/fr\/wp-json\/wp\/v2\/media?parent=224435"}],"wp:term":[{"taxonomy":"category","embeddable":true,"href":"https:\/\/www.europesays.com\/fr\/wp-json\/wp\/v2\/categories?post=224435"},{"taxonomy":"post_tag","embeddable":true,"href":"https:\/\/www.europesays.com\/fr\/wp-json\/wp\/v2\/tags?post=224435"}],"curies":[{"name":"wp","href":"https:\/\/api.w.org\/{rel}","templated":true}]}}