{"id":224440,"date":"2025-07-04T01:05:12","date_gmt":"2025-07-04T01:05:12","guid":{"rendered":"https:\/\/www.europesays.com\/fr\/224440\/"},"modified":"2025-07-04T01:05:12","modified_gmt":"2025-07-04T01:05:12","slug":"menace-de-retrogradation-lolympique-lyonnais-doit-injecter-une-somme-exorbitante-pour-sauver-sa-peau","status":"publish","type":"post","link":"https:\/\/www.europesays.com\/fr\/224440\/","title":{"rendered":"menac\u00e9 de r\u00e9trogradation, l\u2019Olympique Lyonnais doit injecter une somme exorbitante pour sauver sa peau"},"content":{"rendered":"<p>Selon le journal L\u2019\u00c9quipe, la nouvelle pr\u00e9sidente de l\u2019OL Michele Kang aurait l\u2019obligation de garantir plus de 200 millions d\u2019euros dans les prochains mois.<\/p>\n<p class=\"fig-paragraph\">L\u2019Olympique Lyonnais est sur un fil.\u00a0<a href=\"http:\/\/www.lefigaro.fr\/sports\/football\/ligue-1\/foot-catastrophe-pour-l-olympique-lyonnais-relegue-en-ligue-2-par-la-dncg-20250624\" target=\"_blank\" data-fig-type=\"NewsFlash\" rel=\"noopener nofollow\" data-gtm-custom-categorie=\"navigation\" data-gtm-custom-action=\"crossclick\" data-gtm-custom-label=\"Contextuel\" data-gtm-event=\"customEventSPE\" data-fig-domain=\"LEFIGARO\">R\u00e9trograd\u00e9 en Ligue 2 le 24 juin dernier par la DNCG<\/a>, le club rhodanien verra son dossier \u00eatre \u00e9tudi\u00e9 par la commission d\u2019appel du gendarme financier le 2 juillet prochain, au si\u00e8ge de la FFF. L\u2019enjeu est simple pour l\u2019OL\u00a0: sauver sa place dans l\u2019\u00e9lite du football fran\u00e7ais en apportant des fonds suppl\u00e9mentaires.\u00a0<a href=\"https:\/\/www.lequipe.fr\/Football\/Article\/100-millions-d-euros-injectes-tout-de-suite-et-une-garantie-supplementaire-de-100-millions-les-conditions-pour-que-l-ol-soit-maintenu-en-l1\/1575171\" target=\"_blank\" rel=\"nofollow noopener\" data-gtm-custom-categorie=\"navigation\" data-gtm-custom-action=\"crossclick\" data-gtm-custom-label=\"Contextuel\" data-gtm-event=\"customEventSPE\">Selon le journal L\u2019\u00c9quipe<\/a>, 100 millions d\u2019euros directement inject\u00e9s sur le compte du club sont exig\u00e9s, d\u2019ici jeudi prochain, pour soulager la tr\u00e9sorerie. Et ce n\u2019est pas tout. Le quotidien sportif ajoute que plus de 100 millions d\u2019euros suppl\u00e9mentaires devront \u00eatre garantis par la direction de l\u2019OL pour \u00abpouvoir faire face aux obligations\u00bb tout au long de la prochaine saison \u00e0 venir.<\/p>\n<p>Mission impossible pour Michele Kang\u00a0?<\/p>\n<p class=\"fig-paragraph\">Une deuxi\u00e8me somme astronomique qui devra \u00eatre promise comme \u00abengagement ferme et irr\u00e9vocable\u00bb devant la DNCG, \u00e0 d\u00e9faut d\u2019\u00eatre imm\u00e9diatement inject\u00e9 dans les comptes de l\u2019OL. Assurer 200 millions d\u2019euros, minimum, telle est l\u2019ampleur de la mission pour la nouvelle pr\u00e9sidente du club, Michele Kang.<\/p>\n<p>                                    <a class=\"fig-a11y-skip a11y-hidden\" href=\"#fig-a11y-skip-main-inarticle\"><br \/>\n        Passer la publicit\u00e9<br \/>\n    <\/a><\/p>\n<p class=\"fig-paragraph\">La dirigeante am\u00e9ricaine,\u00a0<a href=\"http:\/\/www.lefigaro.fr\/sports\/football\/ligue-1\/ligue-1-nommee-presidente-de-lyon-michele-kang-entre-dans-l-histoire-20250630\" target=\"_blank\" data-fig-type=\"NewsFlash\" rel=\"noopener nofollow\" data-gtm-custom-categorie=\"navigation\" data-gtm-custom-action=\"crossclick\" data-gtm-custom-label=\"Contextuel\" data-gtm-event=\"customEventSPE\" data-fig-domain=\"LEFIGARO\">qui a remplac\u00e9 au pied lev\u00e9 le d\u00e9missionnaire John Textor<\/a>, est soutenue par le propri\u00e9taire Eagle Football Group. Elle doit d\u00e9sormais monter le dossier le plus solide possible en compagnie de son directeur g\u00e9n\u00e9ral, Michael Gerlinger. Le fonds d\u2019investissement Ares, qui avait pr\u00eat\u00e9 de l\u2019argent \u00e0 Eagle lors du rachat du club, va-t-il ressortir le ch\u00e9quier pour r\u00e9pondre aux exigences de la DNCG\u00a0? Des ventes importantes de joueurs (Mikautadze, Fofana, Tolisso, Perri&#8230;) soulageront-elles l\u2019OL dans les prochains jours\u00a0? Le temps est d\u00e9sormais plus que compt\u00e9.<\/p>\n","protected":false},"excerpt":{"rendered":"Selon le journal L\u2019\u00c9quipe, la nouvelle pr\u00e9sidente de l\u2019OL Michele Kang aurait l\u2019obligation de garantir plus de 200&hellip;\n","protected":false},"author":2,"featured_media":224441,"comment_status":"","ping_status":"","sticky":false,"template":"","format":"standard","meta":{"footnotes":""},"categories":[1412],"tags":[1451,1452,1453,1454,1455,1011,27,978,60],"class_list":{"0":"post-224440","1":"post","2":"type-post","3":"status-publish","4":"format-standard","5":"has-post-thumbnail","7":"category-f1","8":"tag-f1","9":"tag-formula-1","10":"tag-formula1","11":"tag-formule-1","12":"tag-formule1","13":"tag-fr","14":"tag-france","15":"tag-olympique-lyonnais","16":"tag-sports"},"share_on_mastodon":{"url":"https:\/\/pubeurope.com\/@fr\/114792282444905116","error":""},"_links":{"self":[{"href":"https:\/\/www.europesays.com\/fr\/wp-json\/wp\/v2\/posts\/224440","targetHints":{"allow":["GET"]}}],"collection":[{"href":"https:\/\/www.europesays.com\/fr\/wp-json\/wp\/v2\/posts"}],"about":[{"href":"https:\/\/www.europesays.com\/fr\/wp-json\/wp\/v2\/types\/post"}],"author":[{"embeddable":true,"href":"https:\/\/www.europesays.com\/fr\/wp-json\/wp\/v2\/users\/2"}],"replies":[{"embeddable":true,"href":"https:\/\/www.europesays.com\/fr\/wp-json\/wp\/v2\/comments?post=224440"}],"version-history":[{"count":0,"href":"https:\/\/www.europesays.com\/fr\/wp-json\/wp\/v2\/posts\/224440\/revisions"}],"wp:featuredmedia":[{"embeddable":true,"href":"https:\/\/www.europesays.com\/fr\/wp-json\/wp\/v2\/media\/224441"}],"wp:attachment":[{"href":"https:\/\/www.europesays.com\/fr\/wp-json\/wp\/v2\/media?parent=224440"}],"wp:term":[{"taxonomy":"category","embeddable":true,"href":"https:\/\/www.europesays.com\/fr\/wp-json\/wp\/v2\/categories?post=224440"},{"taxonomy":"post_tag","embeddable":true,"href":"https:\/\/www.europesays.com\/fr\/wp-json\/wp\/v2\/tags?post=224440"}],"curies":[{"name":"wp","href":"https:\/\/api.w.org\/{rel}","templated":true}]}}